{"id":14302,"date":"2020-08-14T20:15:08","date_gmt":"2020-08-14T23:15:08","guid":{"rendered":"https:\/\/www.jornaldaconstrucaocivil.com.br\/?p=14302"},"modified":"2020-08-14T20:15:08","modified_gmt":"2020-08-14T23:15:08","slug":"sem-fgts-deficit-habitacional-seria-150-maior-no-brasil","status":"publish","type":"post","link":"https:\/\/construcaocivil.siriusmarketingedesign.com.br\/?p=14302","title":{"rendered":"Sem FGTS, d\u00e9ficit habitacional seria 150% maior no Brasil"},"content":{"rendered":"<p style=\"text-align: justify;\"><strong>Bras\u00edlia, 14\/08\/2020 \u2013\u00a0<\/strong>&#8220;Nossa inten\u00e7\u00e3o \u00e9 discutir se o Fundo de Garantia do Tempo de Servi\u00e7o (FGTS) \u00e9 um complemento de renda ou se \u00e9 um Fundo para gerar emprego e viabilizar investimentos.&#8221; A afirma\u00e7\u00e3o foi feita pelo presidente da C\u00e2mara Brasileira da Ind\u00fastria da Constru\u00e7\u00e3o (CBIC),\u00a0<strong>Jos\u00e9 Carlos Martins<\/strong>, durante a\u00a0<em>live<\/em>\u00a0&#8216;Quintas da CBIC&#8217;, que reuniu governo, deputados e um representante dos trabalhadores para uma conversa sobre o futuro do Fundo, nesta quinta-feira (13).\n<\/p>\n<p style=\"text-align: center;\"><a href=\"https:\/\/cbic.us11.list-manage.com\/track\/click?u=0a0e557e1f19bd31aef34f334&amp;id=e90e9d11b5&amp;e=8c553587bc\" target=\"_blank\" rel=\"noopener noreferrer\"><strong><u>Confira a \u00edntegra do debate no\u00a0<\/u><\/strong><\/a><strong><u><a href=\"https:\/\/cbic.us11.list-manage.com\/track\/click?u=0a0e557e1f19bd31aef34f334&amp;id=cb9833e0cc&amp;e=8c553587bc\" target=\"_blank\" rel=\"noopener noreferrer\">Youtube da CBIC<\/a><\/u><\/strong><\/p>\n<p style=\"text-align: justify;\">\nDe acordo com Martins, hoje o Brasil conta com cerca de 70 milh\u00f5es de unidades habitacionais, e o FGTS contribuiu para a aquisi\u00e7\u00e3o de cerca de 12 milh\u00f5es desses im\u00f3veis. Ele lembra que o Brasil tem um d\u00e9ficit habitacional de quase oito milh\u00f5es de moradias. &#8220;Sem o FGTS, nosso d\u00e9ficit habitacional seria 150% maior. Quantos empregos formais ter\u00edamos perdido?&#8221;, questionou.<\/p>\n<p>Martins explicou que existem cerca de 450 projetos tramitando no Congresso que retiram de alguma forma recursos do FGTS, e que apesar da legitimidade das propostas o assunto tem que ser revisto. &#8220;Nos \u00faltimos anos, houve um debate superficial. Precisamos mostrar para a sociedade a relev\u00e2ncia social desse tema&#8221;, disse.<\/p>\n<p>Para o deputado federal\u00a0<strong>Marcelo Ramos<\/strong>\u00a0(PL-AM), que ser\u00e1 o relator do projeto de lei 4085\/2020, que libera o saque emergencial do FGTS, a pauta exige uma avalia\u00e7\u00e3o do momento de transi\u00e7\u00e3o e das mudan\u00e7as do Fundo, por isso ser\u00e1 necess\u00e1rio fazer uma escolha pelo tom do projeto. &#8220;Vamos ter que optar: ou vamos financiar uma atividade econ\u00f4mica, como a constru\u00e7\u00e3o civil, que gera muito emprego e sal\u00e1rio por 12 meses, no m\u00ednimo, ou vamos pegar os recursos e dar aporte anual para uma pessoa para que outras sigam desempregadas&#8221;, ponderou.<\/p>\n<p>O parlamentar trouxe para o debate n\u00fameros de uma simula\u00e7\u00e3o do governo que indica que os R$ 4,5 bilh\u00f5es que devem ser disponibilizados pelo saque anivers\u00e1rio significariam, revertidos para a constru\u00e7\u00e3o civil, R$ 100 bilh\u00f5es em rendimentos. &#8220;Esse valor que ser\u00e1 sacado faria a economia girar, al\u00e9m de gerar empregos. Pelo momento que vivemos, em fun\u00e7\u00e3o da pandemia, precisamos sim permitir o saque, mas sem perder a perspectiva de liquidez e garantir investimento em infraestrutura&#8221;, destacou Ramos.<\/p>\n<p>Representante da Central \u00danica dos Trabalhadores (CUT) no Conselho Curador do FGTS,\u00a0<strong>Cl\u00e1udio da Silva Gomes<\/strong>\u00a0afirmou que algumas medidas s\u00e3o importantes para dar acesso ao Fundo, mas que \u00e9 preciso cautela. &#8220;N\u00e3o queremos perder essa seguran\u00e7a futura, que \u00e9 o objetivo do Fundo. Ter casa pr\u00f3pria, saneamento e transporte p\u00fablico \u00e9 t\u00e3o importante como a poupan\u00e7a. Uma das preocupa\u00e7\u00f5es do trabalhador \u00e9 perder essa poupan\u00e7a compuls\u00f3ria&#8221;, disse.<\/p>\n<p>Segregar a habita\u00e7\u00e3o tamb\u00e9m \u00e9 um ponto importante para a pauta, de acordo com Gomes. &#8220;Temos a constru\u00e7\u00e3o para pobres, onde n\u00e3o se acha investidor privado. Para alto padr\u00e3o j\u00e1 existe esse tipo de financiamento. O ideal seria o formato que vemos em outros pa\u00edses, mas a realidade do Brasil \u00e9 outra. Aqui os trabalhadores de baixa renda n\u00e3o t\u00eam financiamento de banco, n\u00e3o conseguem acessar cr\u00e9dito nem alugar casas. O Minha Casa Minha Vida veio solucionar o acesso \u00e0 moradia prec\u00e1ria e faveliza\u00e7\u00e3o&#8221;, disse.<\/p>\n<p>J\u00e1 o deputado<strong>\u00a0Marcel van Hattem<\/strong>\u00a0(Novo-RS), autor do projeto de lei que retoma a possibilidade de saques do FGTS, acredita que o subs\u00eddio \u00e0 moradia n\u00e3o tem que ser via FGTS e que o trabalhador tem direito a acessar a totalidade do Fundo. &#8220;Temos que discutir o tema, e quero encontrar a melhor interven\u00e7\u00e3o estatal poss\u00edvel para garantir um\u00a0<em>funding<\/em>\u00a0privado para gerar acesso habitacional. Quero garantir tamb\u00e9m que o trabalhador tenha acesso ao dinheiro do Fundo e avan\u00e7ar no que j\u00e1 foi aprovado pelo governo em forma de saque, para que o trabalhador tenha acesso \u00e0 integralidade do Fundo&#8221;, afirmou.<\/p>\n<p>O diretor do Departamento de Gest\u00e3o de Fundos do Minist\u00e9rio da Economia,\u00a0<strong>Gustavo Alves Tillmann<\/strong>, lembrou que o governo recentemente distribuiu o lucro de R$ 12,2 bilh\u00f5es do FGTS com os cotistas, como forma de atrair o trabalhador a manter o dinheiro no Fundo. &#8220;Com a flexibilidade de acesso aos recursos ficou dif\u00edcil convencer o trabalhador a manter seu FGTS. Por isso estamos buscando dar esse incentivo e atrair, com divis\u00e3o e melhora de rendimento, que ele deixe o dinheiro l\u00e1&#8221;. Al\u00e9m disso, o diretor ressaltou que o FGTS ocupa um papel substancial na capacidade de investimento do pa\u00eds. &#8220;Acabar com esse modelo vai prejudicar obras de saneamento, infraestrutura e acesso \u00e0 moradia, que sempre t\u00eam um recurso desse Fundo. O nosso grande desafio ser\u00e1 tentar garantir a sustentabilidade do FGTS e o equil\u00edbrio das pol\u00edticas p\u00fablicas&#8221;, disse.<\/p>\n<p>A conversa foi mediada pela rep\u00f3rter e colunista\u00a0<strong>Adriana Fernandes<\/strong>, do jornal O Estado de S. Paulo. A iniciativa tem interface com o projeto\u00a0<strong>&#8216;Melhorias do Mercado Imobili\u00e1rio&#8217;,<\/strong>\u00a0realizado pela CBIC por meio das comiss\u00f5es da Ind\u00fastria Imobili\u00e1ria (CII) e de Habita\u00e7\u00e3o de Interesse Social (CHIS), com a correaliza\u00e7\u00e3o do Servi\u00e7o Nacional de Aprendizagem Industrial (Senai).<\/p>\n<p style=\"text-align: justify;\">Fonte: CBIC<\/p>\n","protected":false},"excerpt":{"rendered":"<p>Bras\u00edlia, 14\/08\/2020 \u2013\u00a0&#8220;Nossa inten\u00e7\u00e3o \u00e9 discutir se o Fundo de Garantia do Tempo de Servi\u00e7o (FGTS) \u00e9 um complemento de renda ou se \u00e9 um Fundo para gerar emprego e viabilizar investimentos.&#8221; A afirma\u00e7\u00e3o foi feita pelo presidente da C\u00e2mara Brasileira da Ind\u00fastria da Constru\u00e7\u00e3o (CBIC),\u00a0Jos\u00e9 Carlos Martins, durante a\u00a0live\u00a0&#8216;Quintas da CBIC&#8217;, que reuniu governo, [&hellip;]<\/p>\n","protected":false},"author":1,"featured_media":12496,"comment_status":"open","ping_status":"open","sticky":false,"template":"","format":"standard","meta":{"_uag_custom_page_level_css":"","footnotes":""},"categories":[33],"tags":[1569,2769,19163,19164,19162,18492,7692],"class_list":["post-14302","post","type-post","status-publish","format-standard","has-post-thumbnail","hentry","category-mercado","tag-brasilia","tag-conselho-curador-do-fgts","tag-construcao-precisa-de-investimentos-publicos","tag-cut","tag-emprego-fgts","tag-fgts-para-habitacao","tag-minha-casa-minha-vida"],"blocksy_meta":[],"spectra_blocks_featured_image_url":{"thumbnail":{"url":"https:\/\/construcaocivil.siriusmarketingedesign.com.br\/wp-content\/uploads\/2019\/08\/A-MCMV-SUFOCO-150x150.jpg","width":150,"height":150},"medium":{"url":"https:\/\/construcaocivil.siriusmarketingedesign.com.br\/wp-content\/uploads\/2019\/08\/A-MCMV-SUFOCO-300x200.jpg","width":300,"height":200},"medium_large":{"url":"https:\/\/construcaocivil.siriusmarketingedesign.com.br\/wp-content\/uploads\/2019\/08\/A-MCMV-SUFOCO.jpg","width":692,"height":461},"large":{"url":"https:\/\/construcaocivil.siriusmarketingedesign.com.br\/wp-content\/uploads\/2019\/08\/A-MCMV-SUFOCO.jpg","width":692,"height":461},"full":{"url":"https:\/\/construcaocivil.siriusmarketingedesign.com.br\/wp-content\/uploads\/2019\/08\/A-MCMV-SUFOCO.jpg","width":692,"height":461}},"spectra_blocks_author_info":{"display_name":"Jornal da Constru\u00e7\u00e3o Civil","avatar_url":"https:\/\/secure.gravatar.com\/avatar\/973c9774fd44ddaceb026973c4962faa70fc512bc4c9da68e8ebb40fecee6540?s=96&d=mm&r=g","author_link":"https:\/\/construcaocivil.siriusmarketingedesign.com.br\/?author=1","description":"Desde de 2013, levando muitas informa\u00e7\u00f5es, lan\u00e7amentos e produtos de qualidade para toda cadeia produtiva da constru\u00e7\u00e3o. O Futuro da constru\u00e7\u00e3o passa por aqui,"},"uagb_featured_image_src":{"full":["https:\/\/construcaocivil.siriusmarketingedesign.com.br\/wp-content\/uploads\/2019\/08\/A-MCMV-SUFOCO.jpg",692,461,false],"thumbnail":["https:\/\/construcaocivil.siriusmarketingedesign.com.br\/wp-content\/uploads\/2019\/08\/A-MCMV-SUFOCO-150x150.jpg",150,150,true],"medium":["https:\/\/construcaocivil.siriusmarketingedesign.com.br\/wp-content\/uploads\/2019\/08\/A-MCMV-SUFOCO-300x200.jpg",300,200,true],"medium_large":["https:\/\/construcaocivil.siriusmarketingedesign.com.br\/wp-content\/uploads\/2019\/08\/A-MCMV-SUFOCO.jpg",692,461,false],"large":["https:\/\/construcaocivil.siriusmarketingedesign.com.br\/wp-content\/uploads\/2019\/08\/A-MCMV-SUFOCO.jpg",692,461,false],"1536x1536":["https:\/\/construcaocivil.siriusmarketingedesign.com.br\/wp-content\/uploads\/2019\/08\/A-MCMV-SUFOCO.jpg",692,461,false],"2048x2048":["https:\/\/construcaocivil.siriusmarketingedesign.com.br\/wp-content\/uploads\/2019\/08\/A-MCMV-SUFOCO.jpg",692,461,false]},"uagb_author_info":{"display_name":"Jornal da Constru\u00e7\u00e3o Civil","author_link":"https:\/\/construcaocivil.siriusmarketingedesign.com.br\/?author=1"},"uagb_comment_info":0,"uagb_excerpt":"Bras\u00edlia, 14\/08\/2020 \u2013\u00a0&#8220;Nossa inten\u00e7\u00e3o \u00e9 discutir se o Fundo de Garantia do Tempo de Servi\u00e7o (FGTS) \u00e9 um complemento de renda ou se \u00e9 um Fundo para gerar emprego e viabilizar investimentos.&#8221; A afirma\u00e7\u00e3o foi feita pelo presidente da C\u00e2mara Brasileira da Ind\u00fastria da Constru\u00e7\u00e3o (CBIC),\u00a0Jos\u00e9 Carlos Martins, durante a\u00a0live\u00a0&#8216;Quintas da CBIC&#8217;, que reuniu governo,&hellip;","_links":{"self":[{"href":"https:\/\/construcaocivil.siriusmarketingedesign.com.br\/index.php?rest_route=\/wp\/v2\/posts\/14302","targetHints":{"allow":["GET"]}}],"collection":[{"href":"https:\/\/construcaocivil.siriusmarketingedesign.com.br\/index.php?rest_route=\/wp\/v2\/posts"}],"about":[{"href":"https:\/\/construcaocivil.siriusmarketingedesign.com.br\/index.php?rest_route=\/wp\/v2\/types\/post"}],"author":[{"embeddable":true,"href":"https:\/\/construcaocivil.siriusmarketingedesign.com.br\/index.php?rest_route=\/wp\/v2\/users\/1"}],"replies":[{"embeddable":true,"href":"https:\/\/construcaocivil.siriusmarketingedesign.com.br\/index.php?rest_route=%2Fwp%2Fv2%2Fcomments&post=14302"}],"version-history":[{"count":0,"href":"https:\/\/construcaocivil.siriusmarketingedesign.com.br\/index.php?rest_route=\/wp\/v2\/posts\/14302\/revisions"}],"wp:featuredmedia":[{"embeddable":true,"href":"https:\/\/construcaocivil.siriusmarketingedesign.com.br\/index.php?rest_route=\/wp\/v2\/media\/12496"}],"wp:attachment":[{"href":"https:\/\/construcaocivil.siriusmarketingedesign.com.br\/index.php?rest_route=%2Fwp%2Fv2%2Fmedia&parent=14302"}],"wp:term":[{"taxonomy":"category","embeddable":true,"href":"https:\/\/construcaocivil.siriusmarketingedesign.com.br\/index.php?rest_route=%2Fwp%2Fv2%2Fcategories&post=14302"},{"taxonomy":"post_tag","embeddable":true,"href":"https:\/\/construcaocivil.siriusmarketingedesign.com.br\/index.php?rest_route=%2Fwp%2Fv2%2Ftags&post=14302"}],"curies":[{"name":"wp","href":"https:\/\/api.w.org\/{rel}","templated":true}]}}