{"id":1432,"date":"2016-04-19T18:20:37","date_gmt":"2016-04-19T18:20:37","guid":{"rendered":"http:\/\/www.jornaldaconstrucaocivil.com.br\/?p=1432"},"modified":"2016-04-19T18:20:37","modified_gmt":"2016-04-19T18:20:37","slug":"tres-lancamentos-da-sil-na-feicon-2016","status":"publish","type":"post","link":"https:\/\/construcaocivil.siriusmarketingedesign.com.br\/?p=1432","title":{"rendered":"Tr\u00eas lan\u00e7amentos da SIL na Feicon 2016"},"content":{"rendered":"<p><strong><span style=\"color: #0000ff;\">Novidades chegam com o objetivo de aumentar a exposi\u00e7\u00e3o da marca, tornar os produtos ainda mais atrativos e colocar a SIL ainda mais pr\u00f3xima de clientes e revendedores.<\/span><\/strong><\/p>\n<figure id=\"attachment_1433\" aria-describedby=\"caption-attachment-1433\" style=\"width: 300px\" class=\"wp-caption alignleft\"><a href=\"http:\/\/www.jornaldaconstrucaocivil.com.br\/wp-content\/uploads\/2016\/04\/SIL-BLZ.jpg\"><img loading=\"lazy\" decoding=\"async\" class=\"wp-image-1433 size-medium\" src=\"http:\/\/www.jornaldaconstrucaocivil.com.br\/wp-content\/uploads\/2016\/04\/SIL-BLZ-300x277.jpg\" alt=\"SIL BLZ\" width=\"300\" height=\"277\" \/><\/a><figcaption id=\"caption-attachment-1433\" class=\"wp-caption-text\"><span style=\"color: #800000;\">Pocket Pack SIL, mini rolos com 10, 15 e 25 metros, grava\u00e7\u00e3o metro a metro nos fios e cabos da marca e Ensino a Dist\u00e2ncia (EAD)<\/span><\/figcaption><\/figure>\n<p><span style=\"color: #800000;\">A SIL Fios e Cabos El\u00e9tricos<\/span> apresentou importantes novidades na edi\u00e7\u00e3o de 2016 da maior feira do setor de constru\u00e7\u00e3o da Am\u00e9rica Latina, a Feicon Batimat \u2013 22\u00ba Sal\u00e3o Internacional da Constru\u00e7\u00e3o. De 12 a 16 de abril, no Pavilh\u00e3o de Exposi\u00e7\u00f5es do Anhembi, em S\u00e3o Paulo (SP), os visitantes do estande da empresa conheceram os lan\u00e7amentos Pocket Pack SIL, mini rolos com 10, 15 e 25 metros, grava\u00e7\u00e3o metro a metro nos fios e cabos da marca e Ensino a Dist\u00e2ncia (EAD). Confira abaixo as principais caracter\u00edsticas de cada lan\u00e7amento:<\/p>\n<p><strong><span style=\"color: #000000;\">Pocket Pack SIL<\/span><\/strong><\/p>\n<p><span style=\"color: #000000;\">A novidade chega ao mercado em formato display para aumentar a exposi\u00e7\u00e3o da SIL no ponto de venda (PDV), tornando-a ainda mais atrativa para clientes e revendedores e de f\u00e1cil organiza\u00e7\u00e3o em estoque para lojista. A dupla produto de qualidade versus boa apresenta\u00e7\u00e3o \u00e9 a escolha da companhia para refor\u00e7ar e alavancar as compras por impulso, especialmente em segmentos como o de pequenos reparos e bricolagem.<\/span><\/p>\n<p><span style=\"color: #000000;\">Agora na vers\u00e3o mini dos rolos, o <span style=\"color: #0000ff;\">Pocket Pack SIL-\u00a0<a href=\"https:\/\/www.youtube.com\/watch?v=K_yyKyYST6E\" target=\"_blank\"><strong>acesse o v\u00eddeo<\/strong><\/a><\/span> possui um acondicionamento mais pr\u00e1tico e de f\u00e1cil manuseio, dando a possibilidade de diversos tipos de empilhamento e apresenta\u00e7\u00e3o no PDV, acesse o v\u00eddeo. O peso m\u00e1ximo suportado no empilhamento da caixa de baixo \u00e9 de 230 kg ou o equivalente \u00e0 apresenta\u00e7\u00e3o de 3 a 4 caixas, variando de acordo com a se\u00e7\u00e3o nominal e metragem dos produtos nela constante.<\/span><\/p>\n<p><strong>Grava\u00e7\u00e3o metro a metro<\/strong><\/p>\n<p><span style=\"color: #000000;\">Todos os fios e cabos possuem uma grava\u00e7\u00e3o com nome do fabricante, nome do produto, se\u00e7\u00e3o nominal e todas as informa\u00e7\u00f5es exigidas pela norma t\u00e9cnica do cabo. E, caso haja certifica\u00e7\u00e3o compuls\u00f3ria do <span style=\"color: #0000ff;\">INMETRO<\/span>, tamb\u00e9m s\u00e3o gravados os dados exigidos pela portaria do instituto. A grava\u00e7\u00e3o metro a metro significa que, al\u00e9m de todos os dados citados, deve constar, tamb\u00e9m, a metragem do cabo: no primeiro metro \u00e9 gravado \u201c1 m\u201d, no segundo metro \u201c2 m\u201d e assim por diante. Essa grava\u00e7\u00e3o metro a metro facilita o corte do lance na metragem correta e sua verifica\u00e7\u00e3o.<\/span><\/p>\n<p><span style=\"color: #000000;\">A produ\u00e7\u00e3o de um cabo come\u00e7a em zero, podendo chegar a milhares de metros. Quando o produto for fracionado em bobinas menores, para ser enviado aos clientes conforme os pedidos, as bobinas finais n\u00e3o come\u00e7am em zero, pois ser\u00e3o uma fra\u00e7\u00e3o da bobina m\u00e3e. Este lan\u00e7amento traz benef\u00edcios como controle de estoque e de vendas, al\u00e9m de atender \u00e0s licita\u00e7\u00f5es que possuem a descri\u00e7\u00e3o metro a metro. Assim, a partir dos pr\u00f3ximos meses, os cabos SIL ser\u00e3o comercializados com esta grava\u00e7\u00e3o t\u00e3o \u00fatil a quem comercializa e utiliza estes produtos.<\/span><\/p>\n<p><span style=\"color: #000000;\"><strong>Ensino a Dist\u00e2ncia (EAD)<\/strong><\/span><\/p>\n<p><span style=\"color: #000000;\">Tamb\u00e9m lan\u00e7ado na Feicon, o Ensino a Dist\u00e2ncia (EAD) \u00e9 um projeto que vem sendo desenvolvido desde o ano passado, juntamente com a reformula\u00e7\u00e3o do novo site da empresa, estreado em agosto de 2015. J\u00e1 no ar, no endere\u00e7o<span style=\"color: #0000ff;\"> http:\/\/www.sil.com.br\/pt\/eletricista\/educa%C3%A7%C3%A3o-a-dist%C3%A2nia.aspx<\/span>, a novidade leva conhecimento e capacita\u00e7\u00e3o profissional a um n\u00famero ainda maior de pessoas, uma vez que a SIL j\u00e1 oferece, h\u00e1 alguns anos, treinamento presencial.<\/span><\/p>\n<p><span style=\"color: #000000;\">Com o <span style=\"color: #ff0000;\">SIL EAD<\/span>, os interessados encontrar\u00e3o excelente oferta de educa\u00e7\u00e3o profissional a dist\u00e2ncia dentro do universo dos fios e cabos el\u00e9tricos de baixa tens\u00e3o. Explorando os diversos recursos da tecnologia, com interface moderna e conte\u00fado permanentemente atualizado, a nova ferramenta de ensino da SIL oferece programa\u00e7\u00f5es a dist\u00e2ncia para quem n\u00e3o pode frequentar aulas presenciais ou considera mais produtivo se valer do modelo cada vez mais utilizado e apreciado.<\/span><\/p>\n<p><strong><span style=\"color: #000000;\">Sucessos incontestes<\/span><\/strong><\/p>\n<p><span style=\"color: #000000;\">Como tem feito h\u00e1 alguns anos, mais uma vez a SIL levou para a Feicon seus espa\u00e7o t\u00e9cnico, Simulador de Produtos e treinamentos. O estande de 360 m2 contou com as tr\u00eas atra\u00e7\u00f5es, que lotaram o local e chamaram bastante a aten\u00e7\u00e3o do p\u00fablico, juntamente com os lan\u00e7amentos. Os visitantes puderam ver uma representa\u00e7\u00e3o do ponto de venda com os produtos caracterizando o ambiente dentro de uma loja, servindo, tamb\u00e9m, como orienta\u00e7\u00e3o para exposi\u00e7\u00e3o, composi\u00e7\u00e3o e divulga\u00e7\u00e3o da marca SIL no PDV. Nesta representa\u00e7\u00e3o, a novidade foi o <span style=\"color: #0000ff;\">Pocket Pack SIL<\/span> em demonstra\u00e7\u00e3o por meio de um v\u00eddeo instrutivo de montagem e utiliza\u00e7\u00e3o da caixa.<\/span><\/p>\n<p><span style=\"color: #000000;\">O p\u00fablico tamb\u00e9m teve acesso \u00e0 instala\u00e7\u00e3o el\u00e9trica de um poste padr\u00e3o com a energia saindo da \u00e1rea externa e chegando at\u00e9 a resid\u00eancia, simulada em v\u00e1rios ambientes internos da casa. J\u00e1 os treinamentos gratuitos sobre Condutores El\u00e9tricos de Baixa Tens\u00e3o, sempre aguardados, aconteceram todos os dias da feira, com salas cheias.<\/span><\/p>\n<p><span style=\"color: #000000;\"><em>\u201cNeste ano, escolhemos dar destaque \u00e0 exposi\u00e7\u00e3o no ponto de vendas, agregando mais valor para quem compra e para quem vende e seguindo nossa nova forma de atua\u00e7\u00e3o no mercado: estar presente e o mais pr\u00f3ximo poss\u00edvel dos clientes. E sabemos que isso se faz com uma boa apresenta\u00e7\u00e3o. Mais uma vez temos muito a comemorar, afinal a participa\u00e7\u00e3o na Feicon nos coloca justamente onde queremos estar, perto do cliente\u201d<\/em>, afirmou Pedro Morelli, gerente comercial e de marketing da SIL.<\/span><\/p>\n<p><span style=\"color: #000000;\">Acesse o site:<span style=\"color: #0000ff;\"> www.sil.com.br\u00a0<\/span><\/span><\/p>\n<p><span style=\"color: #000000;\">Fonte: Assessoria de Imprensa Sil\u00a0<\/span><\/p>\n","protected":false},"excerpt":{"rendered":"<p>Novidades chegam com o objetivo de aumentar a exposi\u00e7\u00e3o da marca, tornar os produtos ainda mais atrativos e colocar a SIL ainda mais pr\u00f3xima de clientes e revendedores. A SIL Fios e Cabos El\u00e9tricos apresentou importantes novidades na edi\u00e7\u00e3o de 2016 da maior feira do setor de constru\u00e7\u00e3o da Am\u00e9rica Latina, a Feicon Batimat \u2013 [&hellip;]<\/p>\n","protected":false},"author":1,"featured_media":1433,"comment_status":"open","ping_status":"open","sticky":false,"template":"","format":"standard","meta":{"_uag_custom_page_level_css":"","footnotes":""},"categories":[32],"tags":[2826,4914,8295,8781,11081],"class_list":["post-1432","post","type-post","status-publish","format-standard","has-post-thumbnail","hentry","category-maquinas-e-equipamentos","tag-construcao-civil","tag-feicon-2016","tag-novos-produtos","tag-pedro-morelli-gerente-comercial-e-marketing","tag-sil"],"blocksy_meta":[],"spectra_blocks_featured_image_url":[],"spectra_blocks_author_info":{"display_name":"Jornal da Constru\u00e7\u00e3o Civil","avatar_url":"https:\/\/secure.gravatar.com\/avatar\/973c9774fd44ddaceb026973c4962faa70fc512bc4c9da68e8ebb40fecee6540?s=96&d=mm&r=g","author_link":"https:\/\/construcaocivil.siriusmarketingedesign.com.br\/?author=1","description":"Desde de 2013, levando muitas informa\u00e7\u00f5es, lan\u00e7amentos e produtos de qualidade para toda cadeia produtiva da constru\u00e7\u00e3o. O Futuro da constru\u00e7\u00e3o passa por aqui,"},"uagb_featured_image_src":{"full":false,"thumbnail":false,"medium":false,"medium_large":false,"large":false,"1536x1536":false,"2048x2048":false},"uagb_author_info":{"display_name":"Jornal da Constru\u00e7\u00e3o Civil","author_link":"https:\/\/construcaocivil.siriusmarketingedesign.com.br\/?author=1"},"uagb_comment_info":0,"uagb_excerpt":"Novidades chegam com o objetivo de aumentar a exposi\u00e7\u00e3o da marca, tornar os produtos ainda mais atrativos e colocar a SIL ainda mais pr\u00f3xima de clientes e revendedores. A SIL Fios e Cabos El\u00e9tricos apresentou importantes novidades na edi\u00e7\u00e3o de 2016 da maior feira do setor de constru\u00e7\u00e3o da Am\u00e9rica Latina, a Feicon Batimat \u2013&hellip;","_links":{"self":[{"href":"https:\/\/construcaocivil.siriusmarketingedesign.com.br\/index.php?rest_route=\/wp\/v2\/posts\/1432","targetHints":{"allow":["GET"]}}],"collection":[{"href":"https:\/\/construcaocivil.siriusmarketingedesign.com.br\/index.php?rest_route=\/wp\/v2\/posts"}],"about":[{"href":"https:\/\/construcaocivil.siriusmarketingedesign.com.br\/index.php?rest_route=\/wp\/v2\/types\/post"}],"author":[{"embeddable":true,"href":"https:\/\/construcaocivil.siriusmarketingedesign.com.br\/index.php?rest_route=\/wp\/v2\/users\/1"}],"replies":[{"embeddable":true,"href":"https:\/\/construcaocivil.siriusmarketingedesign.com.br\/index.php?rest_route=%2Fwp%2Fv2%2Fcomments&post=1432"}],"version-history":[{"count":0,"href":"https:\/\/construcaocivil.siriusmarketingedesign.com.br\/index.php?rest_route=\/wp\/v2\/posts\/1432\/revisions"}],"wp:attachment":[{"href":"https:\/\/construcaocivil.siriusmarketingedesign.com.br\/index.php?rest_route=%2Fwp%2Fv2%2Fmedia&parent=1432"}],"wp:term":[{"taxonomy":"category","embeddable":true,"href":"https:\/\/construcaocivil.siriusmarketingedesign.com.br\/index.php?rest_route=%2Fwp%2Fv2%2Fcategories&post=1432"},{"taxonomy":"post_tag","embeddable":true,"href":"https:\/\/construcaocivil.siriusmarketingedesign.com.br\/index.php?rest_route=%2Fwp%2Fv2%2Ftags&post=1432"}],"curies":[{"name":"wp","href":"https:\/\/api.w.org\/{rel}","templated":true}]}}