{"id":14327,"date":"2020-08-18T14:22:27","date_gmt":"2020-08-18T17:22:27","guid":{"rendered":"https:\/\/www.jornaldaconstrucaocivil.com.br\/?p=14327"},"modified":"2020-08-18T14:22:27","modified_gmt":"2020-08-18T17:22:27","slug":"curitiba-ganha-novo-empreendimento-de-luxo","status":"publish","type":"post","link":"https:\/\/construcaocivil.siriusmarketingedesign.com.br\/?p=14327","title":{"rendered":"Curitiba ganha novo empreendimento de luxo"},"content":{"rendered":"<p style=\"text-align: justify;\"><span style=\"color: #993300;\">Agosto, 2020 <\/span>&#8211; Consolidada no segmento de alto padr\u00e3o em centros urbanos, a construtora A.Yoshii anuncia seu quinto empreendimento na capital do Paran\u00e1: o Talent. O edif\u00edcio de luxo ser\u00e1 constru\u00eddo no bairro \u00c1gua Verde, entre as principais vias que cortam a regi\u00e3o. A torre \u00fanica contar\u00e1 com 28 unidades, sendo duas por andar, o que confere apartamentos mais amplos e modernos de 146 e 157m\u00b2 privativos, com tr\u00eas vagas de garagem.<\/p>\n<p style=\"text-align: justify;\"><strong>Regi\u00e3o nobre, facilidade e comodidade\u00a0<\/strong><\/p>\n<p style=\"text-align: justify;\">O edif\u00edcio Talent, constru\u00eddo na Travessa Percy Withers &#8211; n\u00ba 60, vai ratificar ainda mais o padr\u00e3o residencial do bairro, que faz divisa com Batel, Centro, Semin\u00e1rio e Vila Izabel. Pr\u00f3ximo a sua localiza\u00e7\u00e3o, est\u00e3o restaurantes da alta gastronomia, supermercados, shoppings e espa\u00e7os de lazer, como pra\u00e7as, \u00e1reas verdes e o tradicional Clube Curitibano.<\/p>\n<figure id=\"attachment_14329\" aria-describedby=\"caption-attachment-14329\" style=\"width: 218px\" class=\"wp-caption alignleft\"><img loading=\"lazy\" decoding=\"async\" class=\"wp-image-14329\" src=\"https:\/\/www.jornaldaconstrucaocivil.com.br\/wp-content\/uploads\/2020\/08\/AYOSHII-TALENT-fireplace-v03-300x169.jpg\" alt=\"\" width=\"218\" height=\"123\" srcset=\"https:\/\/construcaocivil.siriusmarketingedesign.com.br\/wp-content\/uploads\/2020\/08\/AYOSHII-TALENT-fireplace-v03-300x169.jpg 300w, https:\/\/construcaocivil.siriusmarketingedesign.com.br\/wp-content\/uploads\/2020\/08\/AYOSHII-TALENT-fireplace-v03-1024x576.jpg 1024w, https:\/\/construcaocivil.siriusmarketingedesign.com.br\/wp-content\/uploads\/2020\/08\/AYOSHII-TALENT-fireplace-v03-768x432.jpg 768w, https:\/\/construcaocivil.siriusmarketingedesign.com.br\/wp-content\/uploads\/2020\/08\/AYOSHII-TALENT-fireplace-v03.jpg 1111w\" sizes=\"auto, (max-width: 218px) 100vw, 218px\" \/><figcaption id=\"caption-attachment-14329\" class=\"wp-caption-text\">O Talent oferece estrutura completa nas \u00e1reas comuns Cr\u00e9dito: divulga\u00e7\u00e3o<\/figcaption><\/figure>\n<p style=\"text-align: justify;\">O Talent oferece estrutura completa: \u00e1rea de lazer, espa\u00e7o fitness, sal\u00e3o de festas, espa\u00e7o fam\u00edlia, brinquedoteca, playground, lounge,\u00a0<em>fire place<\/em>\u00a0e mini quadra esportiva. O acesso a outras regi\u00f5es da cidade tamb\u00e9m \u00e9 um ponto positivo, e oferece facilidade aos novos moradores do empreendimento.<\/p>\n<p style=\"text-align: justify;\">O gerente de unidade da A.Yoshii em Curitiba, Erick Takada, comenta sobre os benef\u00edcios do projeto: \u201cMuitas fam\u00edlias buscam estabelecer resid\u00eancia no bairro \u00c1gua Verde, por sua localiza\u00e7\u00e3o estrat\u00e9gica e facilidade de acesso a outros bairros. O Talent chega para suprir essa busca e apresenta, junto a um design contempor\u00e2neo, pontos muito desejados, como a sacada ampla com churrasqueira\u201d. O gerente complementa que \u201co novo edif\u00edcio proporcionar\u00e1 ainda mais eleg\u00e2ncia ao bairro e elevar\u00e1 o alto padr\u00e3o regional\u201d.<\/p>\n<figure id=\"attachment_14330\" aria-describedby=\"caption-attachment-14330\" style=\"width: 300px\" class=\"wp-caption alignright\"><img loading=\"lazy\" decoding=\"async\" class=\"size-medium wp-image-14330\" src=\"https:\/\/www.jornaldaconstrucaocivil.com.br\/wp-content\/uploads\/2020\/08\/SUITE-300x200.jpg\" alt=\"\" width=\"300\" height=\"200\" srcset=\"https:\/\/construcaocivil.siriusmarketingedesign.com.br\/wp-content\/uploads\/2020\/08\/SUITE-300x200.jpg 300w, https:\/\/construcaocivil.siriusmarketingedesign.com.br\/wp-content\/uploads\/2020\/08\/SUITE-1024x683.jpg 1024w, https:\/\/construcaocivil.siriusmarketingedesign.com.br\/wp-content\/uploads\/2020\/08\/SUITE-768x512.jpg 768w, https:\/\/construcaocivil.siriusmarketingedesign.com.br\/wp-content\/uploads\/2020\/08\/SUITE-450x300.jpg 450w, https:\/\/construcaocivil.siriusmarketingedesign.com.br\/wp-content\/uploads\/2020\/08\/SUITE.jpg 1063w\" sizes=\"auto, (max-width: 300px) 100vw, 300px\" \/><figcaption id=\"caption-attachment-14330\" class=\"wp-caption-text\">O apartamento decorado apresenta um projeto \u00fanico de integra\u00e7\u00e3o e funcionalidade<br \/>Cr\u00e9dito: Ronaldo Ronan Rufino<\/figcaption><\/figure>\n<p style=\"text-align: justify;\"><strong>Arquitetura harm\u00f4nica<\/strong><\/p>\n<p style=\"text-align: justify;\">Com entrega prevista para novembro de 2023, o empreendimento, planejado pela Baggio Schiavon Arquitetura, busca o equil\u00edbrio entre vis\u00e3o e incid\u00eancia do sol &#8211; seu panorama pode ser bem visualizado atrav\u00e9s de grandes janelas que revelam a ambienta\u00e7\u00e3o verde do Largo Professor Haroldo Trevisani Beltr\u00e3o. O im\u00f3vel apresenta como conceito a qualidade de vida para as fam\u00edlias, e seu design amplo e integrado disponibiliza o conforto necess\u00e1rio para os moradores. O edif\u00edcio \u00e9 composto por 28 apartamentos, entre os quais 12 s\u00e3o de 146 m\u00b2 e 14 de 157 m\u00b2, al\u00e9m de dois duplex &#8211; com 220 m\u00b2 e 237 m\u00b2, cada.<\/p>\n<p style=\"text-align: justify;\">A arquiteta respons\u00e1vel pelo apartamento decorado, Juliana Meda, desenvolveu um design interior que valoriza cada espa\u00e7o. \u201cO apartamento \u00e9 contempor\u00e2neo, inspirado nas fam\u00edlias que gostam de receber amigos e de usar a casa de maneira integrada. Valorizamos cada espa\u00e7o, em sua maioria interligados, por\u00e9m com muito conforto\u201d, comenta Juliana.<\/p>\n<p style=\"text-align: justify;\">O apartamento decorado apresenta um projeto \u00fanico de integra\u00e7\u00e3o e funcionalidade, inovando o conceito at\u00e9 ent\u00e3o adotado pela construtora. A conex\u00e3o entre living, \u00e1rea gourmet (cozinha e sala de jantar) e varanda segue a proposta de valorizar a ilumina\u00e7\u00e3o e a insola\u00e7\u00e3o. Outro grande destaque \u00e9 a cristaleira e a estante para livros lado a lado, no living, que fortalece a integra\u00e7\u00e3o. Al\u00e9m disso, a sala de jantar ao lado das lou\u00e7as permite a praticidade no dia a dia, em um formato contempor\u00e2neo. Os quartos encontram-se em \u00e1reas reservadas, com separa\u00e7\u00e3o entre o social e o \u00edntimo. A tonalidade dos ambientes do projeto transmite leveza, com cores nude, cinza claro e branco.<\/p>\n<div>\n<p>Mais informa\u00e7\u00f5es:\u00a0<span style=\"color: #0000ff;\"><a style=\"color: #0000ff;\" href=\"http:\/\/www.ayoshii.com.br\/\" target=\"_blank\" rel=\"noopener noreferrer\" data-saferedirecturl=\"https:\/\/www.google.com\/url?q=http:\/\/www.ayoshii.com.br&amp;source=gmail&amp;ust=1597856390722000&amp;usg=AFQjCNFIaLaxvSdRYvA3U_7-hUCkGs1rxg\">www.ayoshii.com.br<\/a>\u00a0<\/span><\/p>\n<\/div>\n","protected":false},"excerpt":{"rendered":"<p>Agosto, 2020 &#8211; Consolidada no segmento de alto padr\u00e3o em centros urbanos, a construtora A.Yoshii anuncia seu quinto empreendimento na capital do Paran\u00e1: o Talent. O edif\u00edcio de luxo ser\u00e1 constru\u00eddo no bairro \u00c1gua Verde, entre as principais vias que cortam a regi\u00e3o. A torre \u00fanica contar\u00e1 com 28 unidades, sendo duas por andar, o [&hellip;]<\/p>\n","protected":false},"author":1,"featured_media":14328,"comment_status":"open","ping_status":"open","sticky":false,"template":"","format":"standard","meta":{"_uag_custom_page_level_css":"","footnotes":""},"categories":[30],"tags":[768,17029,3269,19186,7563,19185,19184],"class_list":["post-14327","post","type-post","status-publish","format-standard","has-post-thumbnail","hentry","category-imoveis","tag-apartamentos-decorados","tag-construtora-a-yoshii","tag-curitiba-pr","tag-financiamentos-e-credito","tag-mercado-imobiliario","tag-predio-de-luxo","tag-taxa-de-juros-anima-clientes"],"blocksy_meta":[],"spectra_blocks_featured_image_url":{"thumbnail":{"url":"https:\/\/construcaocivil.siriusmarketingedesign.com.br\/wp-content\/uploads\/2020\/08\/AYOSHII-TALENT-fachada-noturna-v03-150x150.jpg","width":150,"height":150},"medium":{"url":"https:\/\/construcaocivil.siriusmarketingedesign.com.br\/wp-content\/uploads\/2020\/08\/AYOSHII-TALENT-fachada-noturna-v03-274x300.jpg","width":274,"height":300},"medium_large":{"url":"https:\/\/construcaocivil.siriusmarketingedesign.com.br\/wp-content\/uploads\/2020\/08\/AYOSHII-TALENT-fachada-noturna-v03-768x840.jpg","width":768,"height":840},"large":{"url":"https:\/\/construcaocivil.siriusmarketingedesign.com.br\/wp-content\/uploads\/2020\/08\/AYOSHII-TALENT-fachada-noturna-v03-937x1024.jpg","width":937,"height":1024},"full":{"url":"https:\/\/construcaocivil.siriusmarketingedesign.com.br\/wp-content\/uploads\/2020\/08\/AYOSHII-TALENT-fachada-noturna-v03-scaled.jpg","width":2342,"height":2560}},"spectra_blocks_author_info":{"display_name":"Jornal da Constru\u00e7\u00e3o Civil","avatar_url":"https:\/\/secure.gravatar.com\/avatar\/973c9774fd44ddaceb026973c4962faa70fc512bc4c9da68e8ebb40fecee6540?s=96&d=mm&r=g","author_link":"https:\/\/construcaocivil.siriusmarketingedesign.com.br\/?author=1","description":"Desde de 2013, levando muitas informa\u00e7\u00f5es, lan\u00e7amentos e produtos de qualidade para toda cadeia produtiva da constru\u00e7\u00e3o. O Futuro da constru\u00e7\u00e3o passa por aqui,"},"uagb_featured_image_src":{"full":["https:\/\/construcaocivil.siriusmarketingedesign.com.br\/wp-content\/uploads\/2020\/08\/AYOSHII-TALENT-fachada-noturna-v03-scaled.jpg",2342,2560,false],"thumbnail":["https:\/\/construcaocivil.siriusmarketingedesign.com.br\/wp-content\/uploads\/2020\/08\/AYOSHII-TALENT-fachada-noturna-v03-150x150.jpg",150,150,true],"medium":["https:\/\/construcaocivil.siriusmarketingedesign.com.br\/wp-content\/uploads\/2020\/08\/AYOSHII-TALENT-fachada-noturna-v03-274x300.jpg",274,300,true],"medium_large":["https:\/\/construcaocivil.siriusmarketingedesign.com.br\/wp-content\/uploads\/2020\/08\/AYOSHII-TALENT-fachada-noturna-v03-768x840.jpg",768,840,true],"large":["https:\/\/construcaocivil.siriusmarketingedesign.com.br\/wp-content\/uploads\/2020\/08\/AYOSHII-TALENT-fachada-noturna-v03-937x1024.jpg",937,1024,true],"1536x1536":["https:\/\/construcaocivil.siriusmarketingedesign.com.br\/wp-content\/uploads\/2020\/08\/AYOSHII-TALENT-fachada-noturna-v03-1405x1536.jpg",1405,1536,true],"2048x2048":["https:\/\/construcaocivil.siriusmarketingedesign.com.br\/wp-content\/uploads\/2020\/08\/AYOSHII-TALENT-fachada-noturna-v03-1874x2048.jpg",1874,2048,true]},"uagb_author_info":{"display_name":"Jornal da Constru\u00e7\u00e3o Civil","author_link":"https:\/\/construcaocivil.siriusmarketingedesign.com.br\/?author=1"},"uagb_comment_info":0,"uagb_excerpt":"Agosto, 2020 &#8211; Consolidada no segmento de alto padr\u00e3o em centros urbanos, a construtora A.Yoshii anuncia seu quinto empreendimento na capital do Paran\u00e1: o Talent. O edif\u00edcio de luxo ser\u00e1 constru\u00eddo no bairro \u00c1gua Verde, entre as principais vias que cortam a regi\u00e3o. A torre \u00fanica contar\u00e1 com 28 unidades, sendo duas por andar, o&hellip;","_links":{"self":[{"href":"https:\/\/construcaocivil.siriusmarketingedesign.com.br\/index.php?rest_route=\/wp\/v2\/posts\/14327","targetHints":{"allow":["GET"]}}],"collection":[{"href":"https:\/\/construcaocivil.siriusmarketingedesign.com.br\/index.php?rest_route=\/wp\/v2\/posts"}],"about":[{"href":"https:\/\/construcaocivil.siriusmarketingedesign.com.br\/index.php?rest_route=\/wp\/v2\/types\/post"}],"author":[{"embeddable":true,"href":"https:\/\/construcaocivil.siriusmarketingedesign.com.br\/index.php?rest_route=\/wp\/v2\/users\/1"}],"replies":[{"embeddable":true,"href":"https:\/\/construcaocivil.siriusmarketingedesign.com.br\/index.php?rest_route=%2Fwp%2Fv2%2Fcomments&post=14327"}],"version-history":[{"count":0,"href":"https:\/\/construcaocivil.siriusmarketingedesign.com.br\/index.php?rest_route=\/wp\/v2\/posts\/14327\/revisions"}],"wp:featuredmedia":[{"embeddable":true,"href":"https:\/\/construcaocivil.siriusmarketingedesign.com.br\/index.php?rest_route=\/wp\/v2\/media\/14328"}],"wp:attachment":[{"href":"https:\/\/construcaocivil.siriusmarketingedesign.com.br\/index.php?rest_route=%2Fwp%2Fv2%2Fmedia&parent=14327"}],"wp:term":[{"taxonomy":"category","embeddable":true,"href":"https:\/\/construcaocivil.siriusmarketingedesign.com.br\/index.php?rest_route=%2Fwp%2Fv2%2Fcategories&post=14327"},{"taxonomy":"post_tag","embeddable":true,"href":"https:\/\/construcaocivil.siriusmarketingedesign.com.br\/index.php?rest_route=%2Fwp%2Fv2%2Ftags&post=14327"}],"curies":[{"name":"wp","href":"https:\/\/api.w.org\/{rel}","templated":true}]}}