{"id":14346,"date":"2020-08-21T12:59:35","date_gmt":"2020-08-21T15:59:35","guid":{"rendered":"https:\/\/www.jornaldaconstrucaocivil.com.br\/?p=14346"},"modified":"2020-08-21T12:59:35","modified_gmt":"2020-08-21T15:59:35","slug":"50-milhoes-de-brasileiros-na-pobreza-bolsonaro-rodrigo-maia-e-paulo-guedes-querem-cortar-o-auxilio-emergencial-de-r-600","status":"publish","type":"post","link":"https:\/\/construcaocivil.siriusmarketingedesign.com.br\/?p=14346","title":{"rendered":"50 milh\u00f5es de brasileiros na pobreza: Bolsonaro, Rodrigo Maia e Paulo Guedes querem cortar o aux\u00edlio emergencial de R$ 600"},"content":{"rendered":"<p>Por Rosy Pires<\/p>\n<p style=\"text-align: justify;\">Agosto, 2020 &#8211; Numa guinada maluca ou melhor irrespons\u00e1vel, a equipe econ\u00f4mica do governo federal ignora o atual momento do pa\u00eds e tenta acabar com o Aux\u00edlio Emergencial de R$ 600. O desejo do governo \u00e9 levar o Aux\u00edlio para R$ 200 ou R$ 300, com a justificativa que o beneficio \u00e9 muito caro.<\/p>\n<p style=\"text-align: justify;\">Em recente pesquisa divulgada pelo Jornal Folha de S\u00e3o Paulo\/Data Folha(13\/Agosto), os brasileiros aprovam o recurso emergencial e apoiam a sua manuten\u00e7\u00e3o at\u00e9 o final do ano com o valor atual. N\u00e3o s\u00f3 s\u00e3o beneficiados os 50 milh\u00f5es de brasileiros, o com\u00e9rcio de alimentos &#8211; supermercados, lojas de material de constru\u00e7\u00e3o, pagamentos de servi\u00e7os, no caso, pagamentos de contas de aluguel, luz, \u00e1gua e aluguel e rem\u00e9dios.<\/p>\n<p style=\"text-align: justify;\">Na pesquisa do Instituto mostra que o\u00a0\u00edndice dos que solicitaram o aux\u00edlio \u00e9 mais alto entre os mais pobres (54%), entre os moradores da regi\u00e3o Centro-Oeste e Norte (50%), entre os assalariados sem registro (71%) e entre os desempregados (75%).<\/p>\n<p>Importante: Atendidos pelo programa emergencial gastam os recursos na compra de alimentos ou seja, brasileiros desempregados v\u00e3o em massa aos supermercados.<\/p>\n<p style=\"text-align: justify;\">Dos que j\u00e1 receberam ao menos uma parcela do aux\u00edlio emergencial, o principal destino do recurso \u00e9 a compra de alimentos (53%), 25% para pagar contas, 16% para pagar despesas da casa, 1% para comprar rem\u00e9dios, entre outras respostas. Entre os que t\u00eam menor renda, 61% utilizam o dinheiro do aux\u00edlio para compra de alimentos. Entre os desempregados esse \u00edndice \u00e9 de 62%.<\/p>\n<p>Em entrevista divulgada pelo UOL\/Folha e no Estad\u00e3o, o Presidente Executivo do Carrefour e Atacad\u00e3o,Roberto Mussnich, executivo presidente do Atacad\u00e3o, que faz parte do grupo Carrefour, uma das maiores redes varejistas do Brasil.\u00a0<span style=\"color: #993300;\">&#8220;\u00c9 fundamental continuar com o aux\u00edlio, apesar de n\u00e3o saber \u201cat\u00e9 onde vai a capacidade do governo\u201d. Ele tamb\u00e9m elogiou a iniciativa como uma resposta \u201cmuito sens\u00edvel e r\u00e1pida\u201d, afirma Mussnich.<\/span><\/p>\n<p>Fonte: IBRE\/FGV\/ DataFolha<\/p>\n<p style=\"text-align: justify;\">\n","protected":false},"excerpt":{"rendered":"<p>Por Rosy Pires Agosto, 2020 &#8211; Numa guinada maluca ou melhor irrespons\u00e1vel, a equipe econ\u00f4mica do governo federal ignora o atual momento do pa\u00eds e tenta acabar com o Aux\u00edlio Emergencial de R$ 600. O desejo do governo \u00e9 levar o Aux\u00edlio para R$ 200 ou R$ 300, com a justificativa que o beneficio \u00e9 [&hellip;]<\/p>\n","protected":false},"author":1,"featured_media":10456,"comment_status":"open","ping_status":"open","sticky":false,"template":"","format":"standard","meta":{"_uag_custom_page_level_css":"","footnotes":""},"categories":[27],"tags":[19209,19208,19206,19207,19210],"class_list":["post-14346","post","type-post","status-publish","format-standard","has-post-thumbnail","hentry","category-acontece","tag-50-milhoes-de-brasileiros","tag-ministerio-da-economia-que-cortar-auxilio-emergencial","tag-rodrigo-maia-camara-dos-deputados","tag-supermercados-auxilio-emergencial","tag-trabalhadores-desempregados"],"blocksy_meta":[],"spectra_blocks_featured_image_url":{"thumbnail":{"url":"https:\/\/construcaocivil.siriusmarketingedesign.com.br\/wp-content\/uploads\/2018\/10\/Desemprego-150x150.jpg","width":150,"height":150},"medium":{"url":"https:\/\/construcaocivil.siriusmarketingedesign.com.br\/wp-content\/uploads\/2018\/10\/Desemprego-300x225.jpg","width":300,"height":225},"medium_large":{"url":"https:\/\/construcaocivil.siriusmarketingedesign.com.br\/wp-content\/uploads\/2018\/10\/Desemprego-768x576.jpg","width":768,"height":576},"large":{"url":"https:\/\/construcaocivil.siriusmarketingedesign.com.br\/wp-content\/uploads\/2018\/10\/Desemprego.jpg","width":768,"height":576},"full":{"url":"https:\/\/construcaocivil.siriusmarketingedesign.com.br\/wp-content\/uploads\/2018\/10\/Desemprego.jpg","width":768,"height":576}},"spectra_blocks_author_info":{"display_name":"Jornal da Constru\u00e7\u00e3o Civil","avatar_url":"https:\/\/secure.gravatar.com\/avatar\/973c9774fd44ddaceb026973c4962faa70fc512bc4c9da68e8ebb40fecee6540?s=96&d=mm&r=g","author_link":"https:\/\/construcaocivil.siriusmarketingedesign.com.br\/?author=1","description":"Desde de 2013, levando muitas informa\u00e7\u00f5es, lan\u00e7amentos e produtos de qualidade para toda cadeia produtiva da constru\u00e7\u00e3o. O Futuro da constru\u00e7\u00e3o passa por aqui,"},"uagb_featured_image_src":{"full":["https:\/\/construcaocivil.siriusmarketingedesign.com.br\/wp-content\/uploads\/2018\/10\/Desemprego.jpg",768,576,false],"thumbnail":["https:\/\/construcaocivil.siriusmarketingedesign.com.br\/wp-content\/uploads\/2018\/10\/Desemprego-150x150.jpg",150,150,true],"medium":["https:\/\/construcaocivil.siriusmarketingedesign.com.br\/wp-content\/uploads\/2018\/10\/Desemprego-300x225.jpg",300,225,true],"medium_large":["https:\/\/construcaocivil.siriusmarketingedesign.com.br\/wp-content\/uploads\/2018\/10\/Desemprego-768x576.jpg",768,576,true],"large":["https:\/\/construcaocivil.siriusmarketingedesign.com.br\/wp-content\/uploads\/2018\/10\/Desemprego.jpg",768,576,false],"1536x1536":["https:\/\/construcaocivil.siriusmarketingedesign.com.br\/wp-content\/uploads\/2018\/10\/Desemprego.jpg",768,576,false],"2048x2048":["https:\/\/construcaocivil.siriusmarketingedesign.com.br\/wp-content\/uploads\/2018\/10\/Desemprego.jpg",768,576,false]},"uagb_author_info":{"display_name":"Jornal da Constru\u00e7\u00e3o Civil","author_link":"https:\/\/construcaocivil.siriusmarketingedesign.com.br\/?author=1"},"uagb_comment_info":0,"uagb_excerpt":"Por Rosy Pires Agosto, 2020 &#8211; Numa guinada maluca ou melhor irrespons\u00e1vel, a equipe econ\u00f4mica do governo federal ignora o atual momento do pa\u00eds e tenta acabar com o Aux\u00edlio Emergencial de R$ 600. O desejo do governo \u00e9 levar o Aux\u00edlio para R$ 200 ou R$ 300, com a justificativa que o beneficio \u00e9&hellip;","_links":{"self":[{"href":"https:\/\/construcaocivil.siriusmarketingedesign.com.br\/index.php?rest_route=\/wp\/v2\/posts\/14346","targetHints":{"allow":["GET"]}}],"collection":[{"href":"https:\/\/construcaocivil.siriusmarketingedesign.com.br\/index.php?rest_route=\/wp\/v2\/posts"}],"about":[{"href":"https:\/\/construcaocivil.siriusmarketingedesign.com.br\/index.php?rest_route=\/wp\/v2\/types\/post"}],"author":[{"embeddable":true,"href":"https:\/\/construcaocivil.siriusmarketingedesign.com.br\/index.php?rest_route=\/wp\/v2\/users\/1"}],"replies":[{"embeddable":true,"href":"https:\/\/construcaocivil.siriusmarketingedesign.com.br\/index.php?rest_route=%2Fwp%2Fv2%2Fcomments&post=14346"}],"version-history":[{"count":0,"href":"https:\/\/construcaocivil.siriusmarketingedesign.com.br\/index.php?rest_route=\/wp\/v2\/posts\/14346\/revisions"}],"wp:featuredmedia":[{"embeddable":true,"href":"https:\/\/construcaocivil.siriusmarketingedesign.com.br\/index.php?rest_route=\/wp\/v2\/media\/10456"}],"wp:attachment":[{"href":"https:\/\/construcaocivil.siriusmarketingedesign.com.br\/index.php?rest_route=%2Fwp%2Fv2%2Fmedia&parent=14346"}],"wp:term":[{"taxonomy":"category","embeddable":true,"href":"https:\/\/construcaocivil.siriusmarketingedesign.com.br\/index.php?rest_route=%2Fwp%2Fv2%2Fcategories&post=14346"},{"taxonomy":"post_tag","embeddable":true,"href":"https:\/\/construcaocivil.siriusmarketingedesign.com.br\/index.php?rest_route=%2Fwp%2Fv2%2Ftags&post=14346"}],"curies":[{"name":"wp","href":"https:\/\/api.w.org\/{rel}","templated":true}]}}