{"id":14347,"date":"2020-08-20T19:35:09","date_gmt":"2020-08-20T22:35:09","guid":{"rendered":"https:\/\/www.jornaldaconstrucaocivil.com.br\/?p=14347"},"modified":"2020-08-20T19:35:09","modified_gmt":"2020-08-20T22:35:09","slug":"encadear-summit-rio-de-janeiro-reune-pequenas-e-grandes-empresas-para-fomentar-a-retomada-da-economia-fluminense","status":"publish","type":"post","link":"https:\/\/construcaocivil.siriusmarketingedesign.com.br\/?p=14347","title":{"rendered":"Encadear Summit Rio de Janeiro re\u00fane pequenas e grandes empresas para fomentar a retomada da economia fluminense"},"content":{"rendered":"<div style=\"text-align: justify;\"><span style=\"color: #993300;\">Agosto, 2020<\/span> &#8211; O\u00a0 evento Encadear Summit 2020 reunir\u00e1 virtualmente, de 25 a 28 de agosto, pequenas e grandes empresas em uma programa\u00e7\u00e3o que fomenta a retomada da economia do Estado do Rio de Janeiro. A iniciativa \u00e9 do Sebrae Rio, em\u00a0 parceria com a Fecom\u00e9rcio RJ e Senac RJ, e conta com apoio da Secretaria Estadual de Desenvolvimento Econ\u00f4mico, Energia e Rela\u00e7\u00f5es Internacionais.\u00a0 Totalmente online, o objetivo \u00e9 apresentar vantagens e oportunidades das rela\u00e7\u00f5es comerciais entre pequenas e grandes empresas, contribuindo para mitigar os impactos da pandemia na economia, principalmente, por meio do apoio aos pequenos neg\u00f3cios.<\/div>\n<div style=\"text-align: justify;\">As inscri\u00e7\u00f5es est\u00e3o abertas e podem ser realizadas pelo link<span style=\"color: #0000ff;\">\u00a0<a style=\"color: #0000ff;\" href=\"https:\/\/lp.absuite.com.br\/lp\/EAZ\/encadear-summit\" target=\"_blank\" rel=\"noopener noreferrer\">https:\/\/lp.absuite.com.br\/lp\/EAZ\/encadear-summit<\/a>\u200b.<\/span><\/div>\n<p>&nbsp;<\/p>\n<div>Durante os quatro dias representantes da Alterdata, ASSIM Sa\u00fade, Braskem, ICN, Cluster Tecnol\u00f3gico Naval, Codemar, Eletronuclear, Equinor, GE Aviation, GNA, Hospital de Olhos de Niter\u00f3i, Lojas Renner, Log-in, Naturgy, Petrobras, RIOGale\u00e3o, Steffen, Subsea7 e Unimed\u00a0 ir\u00e3o participar do evento e de sess\u00f5es virtuais de neg\u00f3cios, apresentando suas pol\u00edticas de compra \u00e0s micro e pequenas empresas interessadas em fornecer seus produtos e servi\u00e7os. J\u00e1 est\u00e3o confirmadas 160 pequenas empresas.<\/div>\n<div style=\"text-align: justify;\">&#8220;A proposta do evento \u00e9 promover um grande debate acerca de estrat\u00e9gias de supera\u00e7\u00e3o da crise, integra\u00e7\u00e3o e dinamiza\u00e7\u00e3o econ\u00f4mica dos setores de sa\u00fade, energia e log\u00edstica, promovendo assim um novo olhar sobre as rela\u00e7\u00f5es empresariais que podem ser constru\u00eddas para a supera\u00e7\u00e3o da crise e a retomada da economia, por meio do fomento aos pequenos neg\u00f3cios&#8221;, afirma Sergio Malta, diretor de Desenvolvimento do Sebrae Rio.<\/div>\n<div style=\"text-align: justify;\">Antonio Florencio de Queiroz Junior, presidente do Sistema Fecom\u00e9rcio RJ e do Conselho Deliberativo do Sebrae Rio, tamb\u00e9m destaca a relev\u00e2ncia da iniciativa. &#8220;Eventos como o Encadear, que aproximam empresas de diferentes portes e atividades buscando motivar neg\u00f3cios e parcerias s\u00e3o cada vez mais necess\u00e1rios no ambiente empresarial.\u00a0 Tenho muito orgulho em ver Sebrae, Fecom\u00e9rcio e Senac atuando de forma complementar e com objetivos comuns. Iniciativas como essa geram oportunidades e colaboram de forma \u00edmpar para a sustenta\u00e7\u00e3o das micro e pequenas empresas nesta retomada econ\u00f4mica que o estado do Rio tanto necessita&#8221;, ressalta o empres\u00e1rio.<\/div>\n<div style=\"text-align: justify;\">Tamb\u00e9m ser\u00e3o realizadas nove palestras e seis paineis sobre competitividade, inova\u00e7\u00e3o e oportunidades de neg\u00f3cios para MPEs, com apresenta\u00e7\u00e3o de casos pr\u00e1ticos de encadeamento produtivo na cadeia de valor das grandes organiza\u00e7\u00f5es, al\u00e9m do lan\u00e7amento do 1\u00ba Encadeamento Produtivo Virtual do setor Pl\u00e1stico &#8211; PICPlast, em parceria com a Braskem.<\/div>\n<div style=\"text-align: justify;\">Um dos cases \u00e9 a Carangola Log, que passou de 12 para 200 funcion\u00e1rios ap\u00f3s a participa\u00e7\u00e3o no Programa de Encadeamento Produtivo do Sebrae Rio. &#8220;Atualmente, nossa empresa representa a AGSE &#8211; Advanced Group System Engineering\u00a0 na Am\u00e9rica Latina&#8221;, afirma a empres\u00e1ria Daniela Salvini.<\/div>\n<div style=\"text-align: justify;\">Outro exemplo de sucesso do programa \u00e9 a Usinar, que passou a fornecer para uma empresa americana que participa de projeto mundial de desenvolvimento de pe\u00e7as de um novo motor aeron\u00e1utico. &#8220;A perspectiva \u00e9 que em dois anos o com\u00e9rcio internacional represente 30% do faturamento da empresa&#8221;, destaca Geraldo Coutinho, s\u00f3cio da Usinar.<\/div>\n<div><\/div>\n<div style=\"text-align: justify;\">\nPara as grandes empresas, os benef\u00edcios de participar do programa s\u00e3o: redu\u00e7\u00e3o de custos, otimiza\u00e7\u00e3o de investimento para o desenvolvimento de base de fornecedores,\u00a0 aumento do potencial de inova\u00e7\u00e3o, entre outros.\u00a0 Para as pequenas empresas, al\u00e9m de fornecer para as \u00e2ncoras, h\u00e1 o aprimoramento de processos, com a melhoria da produtividade e da competitividade, gera\u00e7\u00e3o de mais empregos e cria\u00e7\u00e3o de oportunidades de desenvolvimento sustent\u00e1vel na localidade que atuam, entre outras vantagens.<\/div>\n<div style=\"text-align: justify;\">&#8220;Os empreendedores, as pequenas e medias empresas s\u00e3o propriamente dito o desenvolvimento econ\u00f4mico. Geram grande renda, empregos, d\u00e3o resultado e mais do que isso, oportunidade&#8221;, afirma Marcelo Lopes, secret\u00e1rio de Desenvolvimento Econ\u00f4mico do Estado do Rio de Janeiro.<\/div>\n<div style=\"text-align: justify;\">A expectativa \u00e9 reunir durante o evento cerca de 700 participantes, entre executivos do setor de suprimentos, de desenvolvimento de produtos e inova\u00e7\u00e3o, marketing e de distribui\u00e7\u00e3o, al\u00e9m de empres\u00e1rios de micro e pequenas empresas que fazem parte dos projetos de encadeamento produtivo do Sebrae Rio, por meio da converg\u00eancia das cadeias produtivas dos setores de defesa, energia, sa\u00fade e log\u00edstica, entre outros.<\/div>\n<div style=\"text-align: justify;\">De acordo com o Michael Porter, professor da Harvard Business School, com interesse nas \u00e1reas de Administra\u00e7\u00e3o e Economia, e autor de diversos livros sobre estrat\u00e9gias de competitividade, a parceria entre grandes e pequenas empresas, por meio do valor compartilhado, \u00e9 uma importante estrat\u00e9gia de neg\u00f3cios, al\u00e9m de promover uma maior produtividade, contribuindo para o desenvolvimento econ\u00f4mico e social.<\/div>\n<div style=\"text-align: justify;\"><\/div>\n<div style=\"text-align: justify;\"><strong>Programa ELO\u00a0<\/strong>\u00a0&#8211; Tamb\u00e9m durante o evento, dia 27, haver\u00e1 o lan\u00e7amento do Programa ELO &#8211; Encadeamento Produtivo, fruto da parceria entre a ICN \u2013 Itagua\u00ed Constru\u00e7\u00f5es Navais e o Sebrae Rio para o desenvolvimento de 20 pequenos fornecedores da cadeia produtiva do setor de defesa, seguido de uma sess\u00e3o de neg\u00f3cios das 10h ao meio-dia.<\/div>\n<div style=\"text-align: justify;\"><\/div>\n<div style=\"text-align: justify;\"><strong>Programa Desenvolve +\u00a0<\/strong>\u00a0&#8211;\u00a0 Encadeamento Produtivo do setor da sa\u00fade, parceria com o Grupo Assim Sa\u00fade para o desenvolvimento de 20 pequenas empresas fornecedoras de insumos em geral. Empresas interessadas podem conhecer mais informa\u00e7\u00f5es do projeto participando da Negocia\u00e7\u00e3o Virtual, dia 26, \u00e0s 16h. Al\u00e9m da participa\u00e7\u00e3o do Grupo Assim Sa\u00fade, as pequenas empresas ter\u00e3o oportunidade de apresentar seus neg\u00f3cios ao HON (Hospital de Olhos de Niter\u00f3i) e a Steffen Professional Cleanning.<\/div>\n<div style=\"text-align: justify;\"><\/div>\n<div style=\"text-align: justify;\"><strong>Resultados<\/strong>\u00a0&#8211; No Estado do Rio de Janeiro, nos \u00faltimos cinco anos, 1400 pequenas empresas participaram do Programa de Encadeamento Produtivo. Em linhas gerais, conforme avalia\u00e7\u00e3o realizada pelo MEG (FNQ), 62% desses neg\u00f3cios tiveram aumento m\u00e9dio de 35% no faturamento, 45% aumentaram o n\u00famero de pessoas ocupadas, 45% delas cresceu, em m\u00e9dia, 26% a lucratividade e 69% alcan\u00e7aram aumento m\u00e9dio de 27% da produtividade.<\/div>\n<div style=\"text-align: justify;\"><\/div>\n<div style=\"text-align: justify;\">Entre as grandes empresas fluminenses participam do programa, 70% delas aumentaram a participa\u00e7\u00e3o de pequenas empresas no seu volume de compras e 60% no volume de vendas, e 50% perceberam atualiza\u00e7\u00e3o tecnol\u00f3gica de produtos ou processos de seus fornecedores e 60% de seus pequenos distribuidores.<\/div>\n<div style=\"text-align: justify;\"><\/div>\n<div style=\"text-align: justify;\"><strong>Programa de encadeamento produtivo do Sebrae<\/strong>\u00a0&#8211; Para contribuir com a melhoria dos \u00edndices de produtividade e competitividade da estrat\u00e9gia por meio do valor compartilhado, o Sistema Sebrae adotou a estrat\u00e9gia do encadeamento produtivo, promovendo a inser\u00e7\u00e3o de pequenos neg\u00f3cios em cadeias de valor de grandes empresas, por meio de relacionamentos cooperativos de longo prazo.<\/div>\n<div style=\"text-align: justify;\"><\/div>\n<div style=\"text-align: justify;\">Em linhas gerais, o programa consiste no mapeamento das demandas de bens e servi\u00e7os e dos requisitos exigidos pelas grandes empresas. Em seguida, \u00e9 realizado um diagn\u00f3stico das pequenas empresas (o gap de competitividade \u00e9 identificado) e recebem um plano de a\u00e7\u00e3o com as oportunidades de melhoria do seu neg\u00f3cio. Cursos e consultorias s\u00e3o realizados para que melhorem o seu desempenho e possam fornecer para as grandes empresas.<\/div>\n<div style=\"text-align: justify;\"><\/div>\n<div style=\"text-align: justify;\">Desde 1994, mais de 72 mil empresas brasileiras j\u00e1 passaram pelos 362 projetos do Programa de Encadeamento Produtivo das cadeias de valor de 265 grandes empresas, abrangendo 25 estados no Brasil.\u00a0 O Encadear Summit \u00e9 realizado pelo Sistema Sebrae desde 2014 e est\u00e1 na sua 5\u00aa edi\u00e7\u00e3o e, pela primeira vez, no Rio de Janeiro.<\/div>\n<div style=\"text-align: justify;\"><\/div>\n<div><strong>Servi\u00e7o\u00a0<\/strong><\/div>\n<div><\/div>\n<div>Encadear Summit 2020<\/div>\n<div>Data: 25 a 28 de agosto<\/div>\n<div>Link de inscri\u00e7\u00e3o e programa\u00e7\u00e3o:\u00a0<span style=\"color: #0000ff;\"><a style=\"color: #0000ff;\" href=\"https:\/\/lp.absuite.com.br\/lp\/EAZ\/encadear-summit\" target=\"_blank\" rel=\"noopener noreferrer\">https:\/\/lp.absuite.com.br\/lp\/EAZ\/encadear-summit<\/a><\/span><\/div>\n<div><\/div>\n<p>&nbsp;<\/p>\n<p>&nbsp;<\/p>\n<p>&nbsp;<\/p>\n<p>&nbsp;<\/p>\n<p>&nbsp;<\/p>\n<p>&nbsp;<\/p>\n<p>&nbsp;<\/p>\n<p>&nbsp;<\/p>\n","protected":false},"excerpt":{"rendered":"<p>Agosto, 2020 &#8211; O\u00a0 evento Encadear Summit 2020 reunir\u00e1 virtualmente, de 25 a 28 de agosto, pequenas e grandes empresas em uma programa\u00e7\u00e3o que fomenta a retomada da economia do Estado do Rio de Janeiro. A iniciativa \u00e9 do Sebrae Rio, em\u00a0 parceria com a Fecom\u00e9rcio RJ e Senac RJ, e conta com apoio da [&hellip;]<\/p>\n","protected":false},"author":1,"featured_media":14348,"comment_status":"open","ping_status":"open","sticky":false,"template":"","format":"standard","meta":{"_uag_custom_page_level_css":"","footnotes":""},"categories":[27],"tags":[1579,19203,19201,4898,19205,19204,10375,19202],"class_list":["post-14347","post","type-post","status-publish","format-standard","has-post-thumbnail","hentry","category-acontece","tag-braskem","tag-como-sair-da-rise-pequenas-e-grandes-empresas","tag-encadear-summit-2020","tag-fecomercio-rj","tag-mudar-e-preciso-vendas-do-varejo","tag-negocios-do-futuro","tag-rio-de-janeiro","tag-sebrae-rio"],"blocksy_meta":[],"spectra_blocks_featured_image_url":{"thumbnail":{"url":"https:\/\/construcaocivil.siriusmarketingedesign.com.br\/wp-content\/uploads\/2020\/08\/SEBRAE-150x150.jpg","width":150,"height":150},"medium":{"url":"https:\/\/construcaocivil.siriusmarketingedesign.com.br\/wp-content\/uploads\/2020\/08\/SEBRAE-300x150.jpg","width":300,"height":150},"medium_large":{"url":"https:\/\/construcaocivil.siriusmarketingedesign.com.br\/wp-content\/uploads\/2020\/08\/SEBRAE.jpg","width":741,"height":371},"large":{"url":"https:\/\/construcaocivil.siriusmarketingedesign.com.br\/wp-content\/uploads\/2020\/08\/SEBRAE.jpg","width":741,"height":371},"full":{"url":"https:\/\/construcaocivil.siriusmarketingedesign.com.br\/wp-content\/uploads\/2020\/08\/SEBRAE.jpg","width":741,"height":371}},"spectra_blocks_author_info":{"display_name":"Jornal da Constru\u00e7\u00e3o Civil","avatar_url":"https:\/\/secure.gravatar.com\/avatar\/973c9774fd44ddaceb026973c4962faa70fc512bc4c9da68e8ebb40fecee6540?s=96&d=mm&r=g","author_link":"https:\/\/construcaocivil.siriusmarketingedesign.com.br\/?author=1","description":"Desde de 2013, levando muitas informa\u00e7\u00f5es, lan\u00e7amentos e produtos de qualidade para toda cadeia produtiva da constru\u00e7\u00e3o. O Futuro da constru\u00e7\u00e3o passa por aqui,"},"uagb_featured_image_src":{"full":["https:\/\/construcaocivil.siriusmarketingedesign.com.br\/wp-content\/uploads\/2020\/08\/SEBRAE.jpg",741,371,false],"thumbnail":["https:\/\/construcaocivil.siriusmarketingedesign.com.br\/wp-content\/uploads\/2020\/08\/SEBRAE-150x150.jpg",150,150,true],"medium":["https:\/\/construcaocivil.siriusmarketingedesign.com.br\/wp-content\/uploads\/2020\/08\/SEBRAE-300x150.jpg",300,150,true],"medium_large":["https:\/\/construcaocivil.siriusmarketingedesign.com.br\/wp-content\/uploads\/2020\/08\/SEBRAE.jpg",741,371,false],"large":["https:\/\/construcaocivil.siriusmarketingedesign.com.br\/wp-content\/uploads\/2020\/08\/SEBRAE.jpg",741,371,false],"1536x1536":["https:\/\/construcaocivil.siriusmarketingedesign.com.br\/wp-content\/uploads\/2020\/08\/SEBRAE.jpg",741,371,false],"2048x2048":["https:\/\/construcaocivil.siriusmarketingedesign.com.br\/wp-content\/uploads\/2020\/08\/SEBRAE.jpg",741,371,false]},"uagb_author_info":{"display_name":"Jornal da Constru\u00e7\u00e3o Civil","author_link":"https:\/\/construcaocivil.siriusmarketingedesign.com.br\/?author=1"},"uagb_comment_info":0,"uagb_excerpt":"Agosto, 2020 &#8211; O\u00a0 evento Encadear Summit 2020 reunir\u00e1 virtualmente, de 25 a 28 de agosto, pequenas e grandes empresas em uma programa\u00e7\u00e3o que fomenta a retomada da economia do Estado do Rio de Janeiro. A iniciativa \u00e9 do Sebrae Rio, em\u00a0 parceria com a Fecom\u00e9rcio RJ e Senac RJ, e conta com apoio da&hellip;","_links":{"self":[{"href":"https:\/\/construcaocivil.siriusmarketingedesign.com.br\/index.php?rest_route=\/wp\/v2\/posts\/14347","targetHints":{"allow":["GET"]}}],"collection":[{"href":"https:\/\/construcaocivil.siriusmarketingedesign.com.br\/index.php?rest_route=\/wp\/v2\/posts"}],"about":[{"href":"https:\/\/construcaocivil.siriusmarketingedesign.com.br\/index.php?rest_route=\/wp\/v2\/types\/post"}],"author":[{"embeddable":true,"href":"https:\/\/construcaocivil.siriusmarketingedesign.com.br\/index.php?rest_route=\/wp\/v2\/users\/1"}],"replies":[{"embeddable":true,"href":"https:\/\/construcaocivil.siriusmarketingedesign.com.br\/index.php?rest_route=%2Fwp%2Fv2%2Fcomments&post=14347"}],"version-history":[{"count":0,"href":"https:\/\/construcaocivil.siriusmarketingedesign.com.br\/index.php?rest_route=\/wp\/v2\/posts\/14347\/revisions"}],"wp:featuredmedia":[{"embeddable":true,"href":"https:\/\/construcaocivil.siriusmarketingedesign.com.br\/index.php?rest_route=\/wp\/v2\/media\/14348"}],"wp:attachment":[{"href":"https:\/\/construcaocivil.siriusmarketingedesign.com.br\/index.php?rest_route=%2Fwp%2Fv2%2Fmedia&parent=14347"}],"wp:term":[{"taxonomy":"category","embeddable":true,"href":"https:\/\/construcaocivil.siriusmarketingedesign.com.br\/index.php?rest_route=%2Fwp%2Fv2%2Fcategories&post=14347"},{"taxonomy":"post_tag","embeddable":true,"href":"https:\/\/construcaocivil.siriusmarketingedesign.com.br\/index.php?rest_route=%2Fwp%2Fv2%2Ftags&post=14347"}],"curies":[{"name":"wp","href":"https:\/\/api.w.org\/{rel}","templated":true}]}}