{"id":14363,"date":"2020-08-21T22:53:31","date_gmt":"2020-08-22T01:53:31","guid":{"rendered":"https:\/\/www.jornaldaconstrucaocivil.com.br\/?p=14363"},"modified":"2020-08-21T22:53:31","modified_gmt":"2020-08-22T01:53:31","slug":"cbic-defende-uso-do-fgts-para-garantir-direito-social-a-moradia","status":"publish","type":"post","link":"https:\/\/construcaocivil.siriusmarketingedesign.com.br\/?p=14363","title":{"rendered":"CBIC defende uso do FGTS para garantir direito social \u00e0 moradia"},"content":{"rendered":"<p style=\"text-align: justify;\"><span style=\"color: #993300;\">Agosto, 2020<\/span> &#8211; Ao celebrar nesta sexta-feira (21) o <strong>Dia Nacional da Habita\u00e7\u00e3o<\/strong>, a C\u00e2mara Brasileira da Ind\u00fastria da Constru\u00e7\u00e3o (CBIC) chama a aten\u00e7\u00e3o da sociedade para a relev\u00e2ncia do Fundo de Garantia do Tempo de Servi\u00e7o (FGTS) ao assegurar um dos direitos b\u00e1sicos do cidad\u00e3o, que \u00e9 o direito \u00e0 habita\u00e7\u00e3o\u00a0 e ajudar na redu\u00e7\u00e3o do d\u00e9ficit habitacional brasileiro de quase oito milh\u00f5es de moradias, especialmente da popula\u00e7\u00e3o de baixa renda.<\/p>\n<figure id=\"attachment_14364\" aria-describedby=\"caption-attachment-14364\" style=\"width: 300px\" class=\"wp-caption alignleft\"><img loading=\"lazy\" decoding=\"async\" class=\"size-medium wp-image-14364\" src=\"https:\/\/www.jornaldaconstrucaocivil.com.br\/wp-content\/uploads\/2020\/08\/CBIC-300x169.png\" alt=\"\" width=\"300\" height=\"169\" srcset=\"https:\/\/construcaocivil.siriusmarketingedesign.com.br\/wp-content\/uploads\/2020\/08\/CBIC-300x169.png 300w, https:\/\/construcaocivil.siriusmarketingedesign.com.br\/wp-content\/uploads\/2020\/08\/CBIC-1024x576.png 1024w, https:\/\/construcaocivil.siriusmarketingedesign.com.br\/wp-content\/uploads\/2020\/08\/CBIC-768x432.png 768w, https:\/\/construcaocivil.siriusmarketingedesign.com.br\/wp-content\/uploads\/2020\/08\/CBIC.png 1536w\" sizes=\"auto, (max-width: 300px) 100vw, 300px\" \/><figcaption id=\"caption-attachment-14364\" class=\"wp-caption-text\">CBIC<\/figcaption><\/figure>\n<p style=\"text-align: justify;\">Apesar do seu papel fundamental na realiza\u00e7\u00e3o do sonho de tantas fam\u00edlias brasileiras, o Fundo \u00e9 constantemente amea\u00e7ado por saques sistem\u00e1ticos que o tiram do seu prop\u00f3sito: garantir casa pr\u00f3pria e emprego aos\u00a0 cidad\u00e3os.<\/p>\n<p style=\"text-align: justify;\">Hoje, mais do que nunca, \u00e9 dia de lembrar que o FGTS j\u00e1 garantiu teto para 450 mil fam\u00edlias no Pa\u00eds. Das cerca de 70 milh\u00f5es de unidades habitacionais existentes , o Fundo de Garantia j\u00e1 contribuiu para a aquisi\u00e7\u00e3o de cerca de 12 milh\u00f5es desses im\u00f3veis.\u00a0<strong>\u201cSem o FGTS, nosso d\u00e9ficit habitacional seria 150% maior\u201d<\/strong>, aponta o presidente da CBIC, Jos\u00e9 Carlos Martins.<span id=\"more-54713\"><\/span><\/p>\n<p>Fonte: CBIC<\/p>\n<div style=\"text-align: justify;\"><\/div>\n<div class=\"the_champ_sharing_container the_champ_horizontal_sharing\"><\/div>\n","protected":false},"excerpt":{"rendered":"<p>Agosto, 2020 &#8211; Ao celebrar nesta sexta-feira (21) o Dia Nacional da Habita\u00e7\u00e3o, a C\u00e2mara Brasileira da Ind\u00fastria da Constru\u00e7\u00e3o (CBIC) chama a aten\u00e7\u00e3o da sociedade para a relev\u00e2ncia do Fundo de Garantia do Tempo de Servi\u00e7o (FGTS) ao assegurar um dos direitos b\u00e1sicos do cidad\u00e3o, que \u00e9 o direito \u00e0 habita\u00e7\u00e3o\u00a0 e ajudar na [&hellip;]<\/p>\n","protected":false},"author":1,"featured_media":13965,"comment_status":"open","ping_status":"open","sticky":false,"template":"","format":"standard","meta":{"_uag_custom_page_level_css":"","footnotes":""},"categories":[30],"tags":[19217,1679,2029,19216,19215,17343,18492,19218],"class_list":["post-14363","post","type-post","status-publish","format-standard","has-post-thumbnail","hentry","category-imoveis","tag-brasil-construcao-de-70-mil-moradias","tag-caixa-economica-federal","tag-cbic","tag-construcao-civil-empregos","tag-deficit-habitacional","tag-dia-nacional-da-habitacao","tag-fgts-para-habitacao","tag-programa-minha-vida"],"blocksy_meta":[],"spectra_blocks_featured_image_url":{"thumbnail":{"url":"https:\/\/construcaocivil.siriusmarketingedesign.com.br\/wp-content\/uploads\/2020\/07\/IMG_20200703_143018-150x150.jpg","width":150,"height":150},"medium":{"url":"https:\/\/construcaocivil.siriusmarketingedesign.com.br\/wp-content\/uploads\/2020\/07\/IMG_20200703_143018-281x300.jpg","width":281,"height":300},"medium_large":{"url":"https:\/\/construcaocivil.siriusmarketingedesign.com.br\/wp-content\/uploads\/2020\/07\/IMG_20200703_143018-768x820.jpg","width":768,"height":820},"large":{"url":"https:\/\/construcaocivil.siriusmarketingedesign.com.br\/wp-content\/uploads\/2020\/07\/IMG_20200703_143018-959x1024.jpg","width":959,"height":1024},"full":{"url":"https:\/\/construcaocivil.siriusmarketingedesign.com.br\/wp-content\/uploads\/2020\/07\/IMG_20200703_143018.jpg","width":1625,"height":1736}},"spectra_blocks_author_info":{"display_name":"Jornal da Constru\u00e7\u00e3o Civil","avatar_url":"https:\/\/secure.gravatar.com\/avatar\/973c9774fd44ddaceb026973c4962faa70fc512bc4c9da68e8ebb40fecee6540?s=96&d=mm&r=g","author_link":"https:\/\/construcaocivil.siriusmarketingedesign.com.br\/?author=1","description":"Desde de 2013, levando muitas informa\u00e7\u00f5es, lan\u00e7amentos e produtos de qualidade para toda cadeia produtiva da constru\u00e7\u00e3o. O Futuro da constru\u00e7\u00e3o passa por aqui,"},"uagb_featured_image_src":{"full":["https:\/\/construcaocivil.siriusmarketingedesign.com.br\/wp-content\/uploads\/2020\/07\/IMG_20200703_143018.jpg",1625,1736,false],"thumbnail":["https:\/\/construcaocivil.siriusmarketingedesign.com.br\/wp-content\/uploads\/2020\/07\/IMG_20200703_143018-150x150.jpg",150,150,true],"medium":["https:\/\/construcaocivil.siriusmarketingedesign.com.br\/wp-content\/uploads\/2020\/07\/IMG_20200703_143018-281x300.jpg",281,300,true],"medium_large":["https:\/\/construcaocivil.siriusmarketingedesign.com.br\/wp-content\/uploads\/2020\/07\/IMG_20200703_143018-768x820.jpg",768,820,true],"large":["https:\/\/construcaocivil.siriusmarketingedesign.com.br\/wp-content\/uploads\/2020\/07\/IMG_20200703_143018-959x1024.jpg",959,1024,true],"1536x1536":["https:\/\/construcaocivil.siriusmarketingedesign.com.br\/wp-content\/uploads\/2020\/07\/IMG_20200703_143018-1438x1536.jpg",1438,1536,true],"2048x2048":["https:\/\/construcaocivil.siriusmarketingedesign.com.br\/wp-content\/uploads\/2020\/07\/IMG_20200703_143018.jpg",1625,1736,false]},"uagb_author_info":{"display_name":"Jornal da Constru\u00e7\u00e3o Civil","author_link":"https:\/\/construcaocivil.siriusmarketingedesign.com.br\/?author=1"},"uagb_comment_info":0,"uagb_excerpt":"Agosto, 2020 &#8211; Ao celebrar nesta sexta-feira (21) o Dia Nacional da Habita\u00e7\u00e3o, a C\u00e2mara Brasileira da Ind\u00fastria da Constru\u00e7\u00e3o (CBIC) chama a aten\u00e7\u00e3o da sociedade para a relev\u00e2ncia do Fundo de Garantia do Tempo de Servi\u00e7o (FGTS) ao assegurar um dos direitos b\u00e1sicos do cidad\u00e3o, que \u00e9 o direito \u00e0 habita\u00e7\u00e3o\u00a0 e ajudar na&hellip;","_links":{"self":[{"href":"https:\/\/construcaocivil.siriusmarketingedesign.com.br\/index.php?rest_route=\/wp\/v2\/posts\/14363","targetHints":{"allow":["GET"]}}],"collection":[{"href":"https:\/\/construcaocivil.siriusmarketingedesign.com.br\/index.php?rest_route=\/wp\/v2\/posts"}],"about":[{"href":"https:\/\/construcaocivil.siriusmarketingedesign.com.br\/index.php?rest_route=\/wp\/v2\/types\/post"}],"author":[{"embeddable":true,"href":"https:\/\/construcaocivil.siriusmarketingedesign.com.br\/index.php?rest_route=\/wp\/v2\/users\/1"}],"replies":[{"embeddable":true,"href":"https:\/\/construcaocivil.siriusmarketingedesign.com.br\/index.php?rest_route=%2Fwp%2Fv2%2Fcomments&post=14363"}],"version-history":[{"count":0,"href":"https:\/\/construcaocivil.siriusmarketingedesign.com.br\/index.php?rest_route=\/wp\/v2\/posts\/14363\/revisions"}],"wp:featuredmedia":[{"embeddable":true,"href":"https:\/\/construcaocivil.siriusmarketingedesign.com.br\/index.php?rest_route=\/wp\/v2\/media\/13965"}],"wp:attachment":[{"href":"https:\/\/construcaocivil.siriusmarketingedesign.com.br\/index.php?rest_route=%2Fwp%2Fv2%2Fmedia&parent=14363"}],"wp:term":[{"taxonomy":"category","embeddable":true,"href":"https:\/\/construcaocivil.siriusmarketingedesign.com.br\/index.php?rest_route=%2Fwp%2Fv2%2Fcategories&post=14363"},{"taxonomy":"post_tag","embeddable":true,"href":"https:\/\/construcaocivil.siriusmarketingedesign.com.br\/index.php?rest_route=%2Fwp%2Fv2%2Ftags&post=14363"}],"curies":[{"name":"wp","href":"https:\/\/api.w.org\/{rel}","templated":true}]}}