{"id":14387,"date":"2020-08-24T22:37:35","date_gmt":"2020-08-25T01:37:35","guid":{"rendered":"https:\/\/www.jornaldaconstrucaocivil.com.br\/?p=14387"},"modified":"2020-08-24T22:37:35","modified_gmt":"2020-08-25T01:37:35","slug":"novolar-lanca-empreendimento-minha-casa-minha-vida-em-santa-cruz","status":"publish","type":"post","link":"https:\/\/construcaocivil.siriusmarketingedesign.com.br\/?p=14387","title":{"rendered":"Novolar lan\u00e7a empreendimento &#8220;Minha Casa Minha Vida&#8221; em Santa Cruz"},"content":{"rendered":"<p lang=\"pt-BR\" style=\"text-align: justify;\"><span lang=\"pt-BR\">Agosto &#8211; Neste ano de 2020, a <\/span><span lang=\"pt-BR\">Novolar<\/span><span lang=\"pt-BR\">, uma empresa do Grupo\u00a0<\/span><span lang=\"pt-BR\">Patrimar<\/span><span lang=\"pt-BR\">, comemora 20 anos! Mesmo com a pandemia do novo\u00a0<\/span><span lang=\"pt-BR\">coronav\u00edrus<\/span><span lang=\"pt-BR\">, a empresa continua trabalhando com \u00e9tica e compromisso a fim manter os lan\u00e7amentos previstos para o ano e as entregas com qualidade. Exemplo disso, \u00e9 o lan\u00e7amento do\u00a0<\/span><span lang=\"pt-BR\">Villaggio<\/span><span lang=\"pt-BR\">\u00a0Floren\u00e7a. Localizado em Santa Cruz (RJ), o empreendimento faz parte do\u00a0 &#8220;Minha Casa Minha Vida&#8221;, programa do Governo, criado em 2009, para oferecer condi\u00e7\u00f5es de financiamento de im\u00f3veis para fam\u00edlias de baixa renda que n\u00e3o t\u00eam outro im\u00f3vel no nome e, consequentemente para tentar minimizar o problema da falta de moradia no Brasil. Os apartamentos entrar\u00e3o no programa como faixa\u00a01,5\u00a0e\u00a0faixa\u00a02<\/span><span lang=\"pt-BR\">,\u00a0<\/span><span lang=\"pt-BR\">sendo poss\u00edvel que uma fam\u00edlia com renda a partir de R$ 1.600,00 compre uma das unidades.\u00a0Os valores\u00a0dos im\u00f3veis s\u00e3o\u00a0a partir de R$ 141 mil.<\/span><\/p>\n<div style=\"text-align: justify;\">\n<figure id=\"attachment_14389\" aria-describedby=\"caption-attachment-14389\" style=\"width: 300px\" class=\"wp-caption alignleft\"><img loading=\"lazy\" decoding=\"async\" class=\"size-medium wp-image-14389\" src=\"https:\/\/www.jornaldaconstrucaocivil.com.br\/wp-content\/uploads\/2020\/08\/VILLAGGIO-FLORENCA_FACHADA-300x286.jpg\" alt=\"\" width=\"300\" height=\"286\" srcset=\"https:\/\/construcaocivil.siriusmarketingedesign.com.br\/wp-content\/uploads\/2020\/08\/VILLAGGIO-FLORENCA_FACHADA-300x286.jpg 300w, https:\/\/construcaocivil.siriusmarketingedesign.com.br\/wp-content\/uploads\/2020\/08\/VILLAGGIO-FLORENCA_FACHADA-1024x977.jpg 1024w, https:\/\/construcaocivil.siriusmarketingedesign.com.br\/wp-content\/uploads\/2020\/08\/VILLAGGIO-FLORENCA_FACHADA-768x733.jpg 768w, https:\/\/construcaocivil.siriusmarketingedesign.com.br\/wp-content\/uploads\/2020\/08\/VILLAGGIO-FLORENCA_FACHADA.jpg 1500w\" sizes=\"auto, (max-width: 300px) 100vw, 300px\" \/><figcaption id=\"caption-attachment-14389\" class=\"wp-caption-text\">Condom\u00ednio Villagio Floren\u00e7a. Divulga\u00e7\u00e3o<\/figcaption><\/figure>\n<p lang=\"pt-BR\"><span lang=\"pt-BR\">\u201cO\u00a0<\/span><span lang=\"pt-BR\">Villaggio<\/span><span lang=\"pt-BR\">\u00a0Floren\u00e7a \u00e9 uma oportunidade de sair do aluguel\u00a0e conquistar\u00a0<\/span><span lang=\"pt-BR\">o apartamento dos sonhos<\/span><span lang=\"pt-BR\">. A\u00a0parcela do\u00a0financiamento\u00a0ficar\u00e1 menor que o\u00a0valor de\u00a0aluguel\u201d, afirma\u00a0<\/span><span lang=\"pt-BR\">Lucas Couto,\u00a0Diretor\u00a0de Comercial e de Marketing do Grupo\u00a0<\/span><span lang=\"pt-BR\">Patrimar<\/span><span lang=\"pt-BR\">.\u00a0\u00a0\u00a0<\/span><\/p>\n<\/div>\n<div style=\"text-align: justify;\">\n<p lang=\"pt-BR\"><span lang=\"pt-BR\">O\u00a0<\/span><span lang=\"pt-BR\">Villaggio<\/span><span lang=\"pt-BR\">\u00a0Floren\u00e7a<\/span><span lang=\"pt-BR\">\u00a0<\/span><span lang=\"pt-BR\">comporta 280 apartamentos de 44 m2, que cont\u00e9m 2 quartos, sala de jantar\/estar, cozinha, \u00e1rea de servi\u00e7o e banheiro social, sendo 9 im\u00f3veis no modelo PNE (Portador de Necessidades Especiais). O condom\u00ednio ficar\u00e1 situado em um terreno de 12.743 m2 e ter\u00e1 14 blocos com 5 pavimentos cada um. Al\u00e9m disso, o empreendimento oferece<\/span><span lang=\"pt-BR\">\u00a0<\/span><span lang=\"pt-BR\">vagas de carro n\u00e3o demarcadas<\/span><span lang=\"pt-BR\">\u00a0<\/span><span lang=\"pt-BR\">e parqueadas;<\/span><span lang=\"pt-BR\">\u00a040 espa\u00e7os para guardar bicicletas; duas churrasqueiras; espa\u00e7o pet; academia ao ar livre; playground; quadra gramada,<\/span><span lang=\"pt-BR\">\u00a0<\/span><span lang=\"pt-BR\">acqua<\/span><span lang=\"pt-BR\">\u00a0play; sal\u00e3o de festas com estrutura de cozinha e banheiros;\u00a0<\/span><span lang=\"pt-BR\">wi-fi<\/span><span lang=\"pt-BR\">\u00a0<\/span><span lang=\"pt-BR\">e ilumina\u00e7\u00e3o de LED nas \u00e1reas comuns. \u00a0\u00a0\u00a0<\/span><\/p>\n<\/div>\n<div style=\"text-align: justify;\">\n<figure id=\"attachment_14390\" aria-describedby=\"caption-attachment-14390\" style=\"width: 300px\" class=\"wp-caption alignright\"><img loading=\"lazy\" decoding=\"async\" class=\"size-medium wp-image-14390\" src=\"https:\/\/www.jornaldaconstrucaocivil.com.br\/wp-content\/uploads\/2020\/08\/VILLAGGIO-FLORENCA_BICICLETARIO-300x180.jpg\" alt=\"\" width=\"300\" height=\"180\" srcset=\"https:\/\/construcaocivil.siriusmarketingedesign.com.br\/wp-content\/uploads\/2020\/08\/VILLAGGIO-FLORENCA_BICICLETARIO-300x180.jpg 300w, https:\/\/construcaocivil.siriusmarketingedesign.com.br\/wp-content\/uploads\/2020\/08\/VILLAGGIO-FLORENCA_BICICLETARIO-1024x614.jpg 1024w, https:\/\/construcaocivil.siriusmarketingedesign.com.br\/wp-content\/uploads\/2020\/08\/VILLAGGIO-FLORENCA_BICICLETARIO-768x461.jpg 768w, https:\/\/construcaocivil.siriusmarketingedesign.com.br\/wp-content\/uploads\/2020\/08\/VILLAGGIO-FLORENCA_BICICLETARIO.jpg 1500w\" sizes=\"auto, (max-width: 300px) 100vw, 300px\" \/><figcaption id=\"caption-attachment-14390\" class=\"wp-caption-text\">Condom\u00ednio Villagio Floren\u00e7a. Divulga\u00e7\u00e3o<\/figcaption><\/figure>\n<p lang=\"pt-BR\"><span lang=\"pt-BR\">Preocupada com um mundo melhor,\u00a0seguro\u00a0e pr\u00e1tico,\u00a0a\u00a0<\/span><span lang=\"pt-BR\">Novolar<\/span><span lang=\"pt-BR\">\u00a0criou um empreendimento que tem como diferencial a sustentabilidade, a\u00a0seguran\u00e7a\u00a0e a tecnologia. Haver\u00e1 previs\u00e3o para\u00a0hidr\u00f4metros\u00a0<wbr \/>individualizados para cada cond\u00f4mino regular o seu consumo de \u00e1gua, bicicletas compartilhadas entre os moradores do condom\u00ednio para uma mobilidade mais saud\u00e1vel e sustent\u00e1vel e aplica\u00e7\u00e3o do sistema dual flux nos vasos sanit\u00e1rios e torneiras para evitar desperd\u00edcio de \u00e1gua.\u00a0Para seguran\u00e7a, o condom\u00ednio oferecer\u00e1 portas eletromagn\u00e9ticas no acesso das torres, c\u00e2meras nos acessos dos ve\u00edculos e pedestres e cancelas e port\u00f5es eletr\u00f4nicos para ve\u00edculos.\u00a0\u00a0Al\u00e9m disso, o\u00a0<\/span><span lang=\"pt-BR\">Villag<\/span><span lang=\"pt-BR\">g<\/span><span lang=\"pt-BR\">io<\/span><span lang=\"pt-BR\">\u00a0Floren\u00e7a\u00a0\u00e9 considerado um\u00a0condom\u00ednio\u00a0virtual\u00a0j\u00e1 que\u00a0os moradores ter\u00e3o\u00a0um aplicativo\u00a0para auxiliar\u00a0na comunica\u00e7\u00e3o com a portaria, agendar a utiliza\u00e7\u00e3o de espa\u00e7os\u00a0compartilhados\u00a0ou ficar ciente dos comunicados do s\u00edndico, por exemplo.\u00a0\u00a0\u00a0\u00a0<\/span><\/p>\n<\/div>\n<div>\n<p lang=\"pt-BR\" style=\"text-align: justify;\"><span lang=\"pt-BR\">\u201c\u00c9 um empreendimento com uma excelente localiza\u00e7\u00e3o, \u00f3timo sistema de seguran\u00e7a, \u00e1reas comuns e lazer mobiliadas,\u00a0acabamento com qualidade\u00a0e tecnol\u00f3gico\u201d, finaliza\u00a0Luiz Henrique Duarte, Gerente<\/span><span lang=\"pt-BR\">\u00a0<\/span><span lang=\"pt-BR\">Regional\u00a0<\/span><span lang=\"pt-BR\">da\u00a0<\/span><span lang=\"pt-BR\">Novolar<\/span><span lang=\"pt-BR\">\u00a0no Rio de Janeiro.<\/span><\/p>\n<p lang=\"pt-BR\">Fonte: Grupo Patrimar<\/p>\n<\/div>\n","protected":false},"excerpt":{"rendered":"<p>Agosto &#8211; Neste ano de 2020, a Novolar, uma empresa do Grupo\u00a0Patrimar, comemora 20 anos! Mesmo com a pandemia do novo\u00a0coronav\u00edrus, a empresa continua trabalhando com \u00e9tica e compromisso a fim manter os lan\u00e7amentos previstos para o ano e as entregas com qualidade. Exemplo disso, \u00e9 o lan\u00e7amento do\u00a0Villaggio\u00a0Floren\u00e7a. Localizado em Santa Cruz (RJ), o [&hellip;]<\/p>\n","protected":false},"author":1,"featured_media":14388,"comment_status":"open","ping_status":"open","sticky":false,"template":"","format":"standard","meta":{"_uag_custom_page_level_css":"","footnotes":""},"categories":[30],"tags":[19241,13213,19240,19238,7692,19239,10617,14276],"class_list":["post-14387","post","type-post","status-publish","format-standard","has-post-thumbnail","hentry","category-imoveis","tag-apartamentos-novos-renda-de-r-1-600","tag-compra-e-venda-de-imoveis","tag-grupo-patrimar","tag-imoveisna-zona-oeste","tag-minha-casa-minha-vida","tag-novolar-empreendimentos-imobiliarios","tag-santa-cruz","tag-zona-oeste-rj"],"blocksy_meta":[],"spectra_blocks_featured_image_url":{"thumbnail":{"url":"https:\/\/construcaocivil.siriusmarketingedesign.com.br\/wp-content\/uploads\/2020\/08\/VILLAGGIO-FLORENCA_PORTARIA-150x150.jpg","width":150,"height":150},"medium":{"url":"https:\/\/construcaocivil.siriusmarketingedesign.com.br\/wp-content\/uploads\/2020\/08\/VILLAGGIO-FLORENCA_PORTARIA-300x150.jpg","width":300,"height":150},"medium_large":{"url":"https:\/\/construcaocivil.siriusmarketingedesign.com.br\/wp-content\/uploads\/2020\/08\/VILLAGGIO-FLORENCA_PORTARIA-768x383.jpg","width":768,"height":383},"large":{"url":"https:\/\/construcaocivil.siriusmarketingedesign.com.br\/wp-content\/uploads\/2020\/08\/VILLAGGIO-FLORENCA_PORTARIA-1024x511.jpg","width":1024,"height":511},"full":{"url":"https:\/\/construcaocivil.siriusmarketingedesign.com.br\/wp-content\/uploads\/2020\/08\/VILLAGGIO-FLORENCA_PORTARIA.jpg","width":1500,"height":748}},"spectra_blocks_author_info":{"display_name":"Jornal da Constru\u00e7\u00e3o Civil","avatar_url":"https:\/\/secure.gravatar.com\/avatar\/973c9774fd44ddaceb026973c4962faa70fc512bc4c9da68e8ebb40fecee6540?s=96&d=mm&r=g","author_link":"https:\/\/construcaocivil.siriusmarketingedesign.com.br\/?author=1","description":"Desde de 2013, levando muitas informa\u00e7\u00f5es, lan\u00e7amentos e produtos de qualidade para toda cadeia produtiva da constru\u00e7\u00e3o. O Futuro da constru\u00e7\u00e3o passa por aqui,"},"uagb_featured_image_src":{"full":["https:\/\/construcaocivil.siriusmarketingedesign.com.br\/wp-content\/uploads\/2020\/08\/VILLAGGIO-FLORENCA_PORTARIA.jpg",1500,748,false],"thumbnail":["https:\/\/construcaocivil.siriusmarketingedesign.com.br\/wp-content\/uploads\/2020\/08\/VILLAGGIO-FLORENCA_PORTARIA-150x150.jpg",150,150,true],"medium":["https:\/\/construcaocivil.siriusmarketingedesign.com.br\/wp-content\/uploads\/2020\/08\/VILLAGGIO-FLORENCA_PORTARIA-300x150.jpg",300,150,true],"medium_large":["https:\/\/construcaocivil.siriusmarketingedesign.com.br\/wp-content\/uploads\/2020\/08\/VILLAGGIO-FLORENCA_PORTARIA-768x383.jpg",768,383,true],"large":["https:\/\/construcaocivil.siriusmarketingedesign.com.br\/wp-content\/uploads\/2020\/08\/VILLAGGIO-FLORENCA_PORTARIA-1024x511.jpg",1024,511,true],"1536x1536":["https:\/\/construcaocivil.siriusmarketingedesign.com.br\/wp-content\/uploads\/2020\/08\/VILLAGGIO-FLORENCA_PORTARIA.jpg",1500,748,false],"2048x2048":["https:\/\/construcaocivil.siriusmarketingedesign.com.br\/wp-content\/uploads\/2020\/08\/VILLAGGIO-FLORENCA_PORTARIA.jpg",1500,748,false]},"uagb_author_info":{"display_name":"Jornal da Constru\u00e7\u00e3o Civil","author_link":"https:\/\/construcaocivil.siriusmarketingedesign.com.br\/?author=1"},"uagb_comment_info":0,"uagb_excerpt":"Agosto &#8211; Neste ano de 2020, a Novolar, uma empresa do Grupo\u00a0Patrimar, comemora 20 anos! Mesmo com a pandemia do novo\u00a0coronav\u00edrus, a empresa continua trabalhando com \u00e9tica e compromisso a fim manter os lan\u00e7amentos previstos para o ano e as entregas com qualidade. Exemplo disso, \u00e9 o lan\u00e7amento do\u00a0Villaggio\u00a0Floren\u00e7a. Localizado em Santa Cruz (RJ), o&hellip;","_links":{"self":[{"href":"https:\/\/construcaocivil.siriusmarketingedesign.com.br\/index.php?rest_route=\/wp\/v2\/posts\/14387","targetHints":{"allow":["GET"]}}],"collection":[{"href":"https:\/\/construcaocivil.siriusmarketingedesign.com.br\/index.php?rest_route=\/wp\/v2\/posts"}],"about":[{"href":"https:\/\/construcaocivil.siriusmarketingedesign.com.br\/index.php?rest_route=\/wp\/v2\/types\/post"}],"author":[{"embeddable":true,"href":"https:\/\/construcaocivil.siriusmarketingedesign.com.br\/index.php?rest_route=\/wp\/v2\/users\/1"}],"replies":[{"embeddable":true,"href":"https:\/\/construcaocivil.siriusmarketingedesign.com.br\/index.php?rest_route=%2Fwp%2Fv2%2Fcomments&post=14387"}],"version-history":[{"count":0,"href":"https:\/\/construcaocivil.siriusmarketingedesign.com.br\/index.php?rest_route=\/wp\/v2\/posts\/14387\/revisions"}],"wp:featuredmedia":[{"embeddable":true,"href":"https:\/\/construcaocivil.siriusmarketingedesign.com.br\/index.php?rest_route=\/wp\/v2\/media\/14388"}],"wp:attachment":[{"href":"https:\/\/construcaocivil.siriusmarketingedesign.com.br\/index.php?rest_route=%2Fwp%2Fv2%2Fmedia&parent=14387"}],"wp:term":[{"taxonomy":"category","embeddable":true,"href":"https:\/\/construcaocivil.siriusmarketingedesign.com.br\/index.php?rest_route=%2Fwp%2Fv2%2Fcategories&post=14387"},{"taxonomy":"post_tag","embeddable":true,"href":"https:\/\/construcaocivil.siriusmarketingedesign.com.br\/index.php?rest_route=%2Fwp%2Fv2%2Ftags&post=14387"}],"curies":[{"name":"wp","href":"https:\/\/api.w.org\/{rel}","templated":true}]}}