{"id":14488,"date":"2020-09-09T20:30:33","date_gmt":"2020-09-09T23:30:33","guid":{"rendered":"https:\/\/www.jornaldaconstrucaocivil.com.br\/?p=14488"},"modified":"2020-09-09T20:30:33","modified_gmt":"2020-09-09T23:30:33","slug":"contag-defende-manutencao-de-auxilio-emergencial-de-r-600-ate-dezembro","status":"publish","type":"post","link":"https:\/\/construcaocivil.siriusmarketingedesign.com.br\/?p=14488","title":{"rendered":"CONTAG defende manuten\u00e7\u00e3o de aux\u00edlio emergencial de R$ 600 at\u00e9 dezembro"},"content":{"rendered":"<p style=\"text-align: justify;\"><span style=\"color: #993300;\">Setembro, 2020<\/span> &#8211; Estamos no sexto m\u00eas de enfrentamento \u00e0 pandemia de Covid-19 no Pa\u00eds e o cen\u00e1rio \u00e9 de crise, com alto \u00edndice de desemprego, de mis\u00e9ria e de descaso do governo com os trabalhadores, trabalhadoras e com os pobres. A CONTAG recebeu com indigna\u00e7\u00e3o a edi\u00e7\u00e3o da Medida Provis\u00f3ria 1000\/20, que reduz \u00e0 metade o valor do aux\u00edlio emergencial, ou seja, R$ 300,00. Algumas regras inseridas no texto da MP tamb\u00e9m podem desenquadrar algumas fam\u00edlias contempladas nas primeiras parcelas do aux\u00edlio.<\/p>\n<p style=\"text-align: justify;\">Sabemos que o Brasil est\u00e1 em crise, como outros pa\u00edses, mas defendemos que seja mantido o valor de R$ 600 at\u00e9 dezembro, garantindo a soberania e seguran\u00e7a alimentar de milhares de fam\u00edlias que passam por dificuldades neste momento de pandemia. Esse recurso tamb\u00e9m vem contribuindo positivamente na economia local, principalmente dos pequenos e m\u00e9dios munic\u00edpios.<\/p>\n<p style=\"text-align: justify;\">Na semana passada, inclusive, realizamos mobiliza\u00e7\u00e3o para denunciar o alto n\u00famero de benef\u00edcios previdenci\u00e1rios negados pelo INSS. Muitas fam\u00edlias do campo, por exemplo, com os pedidos indeferidos, est\u00e3o sobrevivendo \u00e0 custa do aux\u00edlio emergencial. Reduzir \u00e0 metade \u00e9 colocar em risco o bem-estar de todos e todas.<\/p>\n<p style=\"text-align: justify;\">A crise pode ser superada p\u00f3s-pandemia com o seu povo forte, saud\u00e1vel e sentindo-se protegido pelo Estado brasileiro.<\/p>\n<p style=\"text-align: justify;\">Neste sentido, a CONTAG soma-se \u00e0 luta das Centrais Sindicais pedindo que o Congresso Nacional rejeite a Medida Provis\u00f3ria do governo e mantenha o aux\u00edlio emergencial como foi aprovado no in\u00edcio da pandemia, com os mesmos crit\u00e9rios e atendendo tamb\u00e9m aos agricultores e agricultoras familiares que ficaram prejudicados(as) a partir do veto presidencial ao PL 735\/2020.<\/p>\n<p style=\"text-align: justify;\">\n<p>A Diretoria da CONTAG<\/p>\n","protected":false},"excerpt":{"rendered":"<p>Setembro, 2020 &#8211; Estamos no sexto m\u00eas de enfrentamento \u00e0 pandemia de Covid-19 no Pa\u00eds e o cen\u00e1rio \u00e9 de crise, com alto \u00edndice de desemprego, de mis\u00e9ria e de descaso do governo com os trabalhadores, trabalhadoras e com os pobres. A CONTAG recebeu com indigna\u00e7\u00e3o a edi\u00e7\u00e3o da Medida Provis\u00f3ria 1000\/20, que reduz \u00e0 [&hellip;]<\/p>\n","protected":false},"author":1,"featured_media":14490,"comment_status":"open","ping_status":"open","sticky":false,"template":"","format":"standard","meta":{"_uag_custom_page_level_css":"","footnotes":""},"categories":[1],"tags":[53,19330,532,19328,1569,16700,17449,19332,14985,19331,19329,11854],"class_list":["post-14488","post","type-post","status-publish","format-standard","has-post-thumbnail","hentry","category-sem-categoria","tag-53","tag-58-milhoes-vivem-do-auxilio-emergencial","tag-agricultura-familiar","tag-auxilio-emergencial-de-r-600","tag-brasilia","tag-camara-dos-deputados-federais","tag-contag","tag-derrubar-mp-medida-provisoria-1000-20","tag-ministerio-da-economia","tag-pequenos-agricultores","tag-r-600-ate-dezembro","tag-trabalhadores-rurais"],"blocksy_meta":[],"spectra_blocks_featured_image_url":{"thumbnail":{"url":"https:\/\/construcaocivil.siriusmarketingedesign.com.br\/wp-content\/uploads\/2020\/09\/AUXILIO-150x150.jpg","width":150,"height":150},"medium":{"url":"https:\/\/construcaocivil.siriusmarketingedesign.com.br\/wp-content\/uploads\/2020\/09\/AUXILIO-300x190.jpg","width":300,"height":190},"medium_large":{"url":"https:\/\/construcaocivil.siriusmarketingedesign.com.br\/wp-content\/uploads\/2020\/09\/AUXILIO.jpg","width":660,"height":419},"large":{"url":"https:\/\/construcaocivil.siriusmarketingedesign.com.br\/wp-content\/uploads\/2020\/09\/AUXILIO.jpg","width":660,"height":419},"full":{"url":"https:\/\/construcaocivil.siriusmarketingedesign.com.br\/wp-content\/uploads\/2020\/09\/AUXILIO.jpg","width":660,"height":419}},"spectra_blocks_author_info":{"display_name":"Jornal da Constru\u00e7\u00e3o Civil","avatar_url":"https:\/\/secure.gravatar.com\/avatar\/973c9774fd44ddaceb026973c4962faa70fc512bc4c9da68e8ebb40fecee6540?s=96&d=mm&r=g","author_link":"https:\/\/construcaocivil.siriusmarketingedesign.com.br\/?author=1","description":"Desde de 2013, levando muitas informa\u00e7\u00f5es, lan\u00e7amentos e produtos de qualidade para toda cadeia produtiva da constru\u00e7\u00e3o. O Futuro da constru\u00e7\u00e3o passa por aqui,"},"uagb_featured_image_src":{"full":["https:\/\/construcaocivil.siriusmarketingedesign.com.br\/wp-content\/uploads\/2020\/09\/AUXILIO.jpg",660,419,false],"thumbnail":["https:\/\/construcaocivil.siriusmarketingedesign.com.br\/wp-content\/uploads\/2020\/09\/AUXILIO-150x150.jpg",150,150,true],"medium":["https:\/\/construcaocivil.siriusmarketingedesign.com.br\/wp-content\/uploads\/2020\/09\/AUXILIO-300x190.jpg",300,190,true],"medium_large":["https:\/\/construcaocivil.siriusmarketingedesign.com.br\/wp-content\/uploads\/2020\/09\/AUXILIO.jpg",660,419,false],"large":["https:\/\/construcaocivil.siriusmarketingedesign.com.br\/wp-content\/uploads\/2020\/09\/AUXILIO.jpg",660,419,false],"1536x1536":["https:\/\/construcaocivil.siriusmarketingedesign.com.br\/wp-content\/uploads\/2020\/09\/AUXILIO.jpg",660,419,false],"2048x2048":["https:\/\/construcaocivil.siriusmarketingedesign.com.br\/wp-content\/uploads\/2020\/09\/AUXILIO.jpg",660,419,false]},"uagb_author_info":{"display_name":"Jornal da Constru\u00e7\u00e3o Civil","author_link":"https:\/\/construcaocivil.siriusmarketingedesign.com.br\/?author=1"},"uagb_comment_info":0,"uagb_excerpt":"Setembro, 2020 &#8211; Estamos no sexto m\u00eas de enfrentamento \u00e0 pandemia de Covid-19 no Pa\u00eds e o cen\u00e1rio \u00e9 de crise, com alto \u00edndice de desemprego, de mis\u00e9ria e de descaso do governo com os trabalhadores, trabalhadoras e com os pobres. A CONTAG recebeu com indigna\u00e7\u00e3o a edi\u00e7\u00e3o da Medida Provis\u00f3ria 1000\/20, que reduz \u00e0&hellip;","_links":{"self":[{"href":"https:\/\/construcaocivil.siriusmarketingedesign.com.br\/index.php?rest_route=\/wp\/v2\/posts\/14488","targetHints":{"allow":["GET"]}}],"collection":[{"href":"https:\/\/construcaocivil.siriusmarketingedesign.com.br\/index.php?rest_route=\/wp\/v2\/posts"}],"about":[{"href":"https:\/\/construcaocivil.siriusmarketingedesign.com.br\/index.php?rest_route=\/wp\/v2\/types\/post"}],"author":[{"embeddable":true,"href":"https:\/\/construcaocivil.siriusmarketingedesign.com.br\/index.php?rest_route=\/wp\/v2\/users\/1"}],"replies":[{"embeddable":true,"href":"https:\/\/construcaocivil.siriusmarketingedesign.com.br\/index.php?rest_route=%2Fwp%2Fv2%2Fcomments&post=14488"}],"version-history":[{"count":0,"href":"https:\/\/construcaocivil.siriusmarketingedesign.com.br\/index.php?rest_route=\/wp\/v2\/posts\/14488\/revisions"}],"wp:featuredmedia":[{"embeddable":true,"href":"https:\/\/construcaocivil.siriusmarketingedesign.com.br\/index.php?rest_route=\/wp\/v2\/media\/14490"}],"wp:attachment":[{"href":"https:\/\/construcaocivil.siriusmarketingedesign.com.br\/index.php?rest_route=%2Fwp%2Fv2%2Fmedia&parent=14488"}],"wp:term":[{"taxonomy":"category","embeddable":true,"href":"https:\/\/construcaocivil.siriusmarketingedesign.com.br\/index.php?rest_route=%2Fwp%2Fv2%2Fcategories&post=14488"},{"taxonomy":"post_tag","embeddable":true,"href":"https:\/\/construcaocivil.siriusmarketingedesign.com.br\/index.php?rest_route=%2Fwp%2Fv2%2Ftags&post=14488"}],"curies":[{"name":"wp","href":"https:\/\/api.w.org\/{rel}","templated":true}]}}