{"id":14519,"date":"2020-09-11T21:50:50","date_gmt":"2020-09-12T00:50:50","guid":{"rendered":"https:\/\/www.jornaldaconstrucaocivil.com.br\/?p=14519"},"modified":"2020-09-12T16:54:31","modified_gmt":"2020-09-12T19:54:31","slug":"crise-na-embraer-entidades-enviam-apoio-a-luta-contra-demissoes-na-embraer","status":"publish","type":"post","link":"https:\/\/construcaocivil.siriusmarketingedesign.com.br\/?p=14519","title":{"rendered":"Crise na Embraer: Entidades enviam apoio \u00e0 luta contra 2.500 demiss\u00f5es na Embraer"},"content":{"rendered":"<p style=\"text-align: justify;\"><span style=\"color: #993300;\">Setembro, 2020<\/span> &#8211; Entidades do Brasil e de outros pa\u00edses est\u00e3o mostrando solidariedade \u00e0 luta dos trabalhadores da Embraer contra as 2.500 demiss\u00f5es realizadas pela f\u00e1brica. Nesta semana, o Sindicato j\u00e1 recebeu mo\u00e7\u00f5es de apoio assinadas por organiza\u00e7\u00f5es de diversas categorias.<\/p>\n<p style=\"text-align: justify;\">No Brasil, foram 78 entidades sindicais e do movimento social que enviaram a mo\u00e7\u00e3o ao presidente da Embraer, Francisco Gomes Neto, ao prefeito de S\u00e3o Jos\u00e9 dos Campos, Felicio Ramuth (PSDB), e \u00e0 presid\u00eancia do Banco Nacional de Desenvolvimento Econ\u00f4mico e Social (BNDES).<\/p>\n<p style=\"text-align: justify;\">Em comunicado ao Sindicato, o presidente da For\u00e7a Sindical e do Sindicato dos Metal\u00fargicos de S\u00e3o Paulo e Mogi das Cruzes, Miguel Torres, ressaltou a responsabilidade social da Embraer. \u201cUma empresa que tem financiamento p\u00fablico tem que ter mais carinho com a quest\u00e3o. Tem que rever as demiss\u00f5es, chamar o sindicato para negociar alternativas\u201d, afirmou.<\/p>\n<p style=\"text-align: justify;\">Entidades internacionais tamb\u00e9m apoiam o movimento. A Rede Sindical Internacional de Solidariedade e de Lutas, que re\u00fane mais de 100 organiza\u00e7\u00f5es de classe nos continentes americano, europeu, africano e asi\u00e1tico, tamb\u00e9m assinou a mo\u00e7\u00e3o de apoio.<\/p>\n<p style=\"text-align: justify;\">Daniele Cofani, mec\u00e2nico de manuten\u00e7\u00e3o da Alitalia e membro da Fronte di Lotta No Austerity, defendeu a reestatiza\u00e7\u00e3o da Embraer para proteger os empregos dos trabalhadores. Em v\u00eddeo, ele afirma que \u201cpara garantir o emprego nas empresas do setor de avia\u00e7\u00e3o, \u00e9 preciso nacionaliz\u00e1-las sob controle dos trabalhadores\u201d.<\/p>\n<p style=\"text-align: justify;\"><strong>C\u00e2mara rejeita mo\u00e7\u00e3o<\/strong><br \/>\nJ\u00e1 os vereadores de S\u00e3o Jos\u00e9 dos Campos rejeitaram a proposta de mo\u00e7\u00e3o que protesta contra a omiss\u00e3o da Uni\u00e3o, do Estado e da Prefeitura perante a demiss\u00e3o realizada pela Embraer durante a pandemia do novo coronav\u00edrus.<\/p>\n<p style=\"text-align: justify;\">A proposta \u00e9 de autoria do vereador Wagner Balieiro (PT) e foi rejeitada, com apenas quatro votos a favor.\u00a0 Dessa forma, os parlamentares mostraram que preferiam proteger o presidente Bolsonaro, o governador Jo\u00e3o D\u00f3ria (PSDB) e o prefeito Felicio Ramuth (PSDB).<\/p>\n<p style=\"text-align: justify;\">Al\u00e9m de Wagner Balieiro, votaram a favor da mo\u00e7\u00e3o os vereadores Am\u00e9lia Naomi e Juliana Fraga, ambas do PT, e Z\u00e9 Luis (PSD). A rejei\u00e7\u00e3o foi uma contradi\u00e7\u00e3o. Na mesma sess\u00e3o, os vereadores aprovaram uma mo\u00e7\u00e3o de solidariedade aos demitidos.<\/p>\n<p style=\"text-align: justify;\">\u201cPara os trabalhadores, alguns vereadores prometeram ajudar, mas quando foi a hora de votar a mo\u00e7\u00e3o na C\u00e2mara votaram contra. \u00c9 muito f\u00e1cil se solidarizar no papel, sem se colocar verdadeiramente do lado dos trabalhadores. Os vereadores que rejeitaram a mo\u00e7\u00e3o de protesto \u00e0 omiss\u00e3o dos governantes se acovardaram diante de uma situa\u00e7\u00e3o t\u00e3o grave como a demiss\u00e3o em massa na Embraer\u201d, afirma o diretor do Sindicato Herbert Claros.<\/p>\n<p style=\"text-align: justify;\"><strong>Junte-se a esta luta<\/strong><br \/>\nAs entidades que ainda n\u00e3o enviaram suas mo\u00e7\u00f5es poder\u00e3o faz\u00ea-lo nos pr\u00f3ximos dias. Basta clicar\u00a0<a href=\"https:\/\/www.sindmetalsjc.org.br\/n\/5171\/confira-modelo-de-mocao-de-repudio-contra-demissoes-na-embraer\">aqui<\/a>\u00a0para obter o modelo. Os endere\u00e7os para onde a mo\u00e7\u00e3o deve ser enviada s\u00e3o:<\/p>\n<p><strong>Presidente da Embraer<\/strong><br \/>\nFrancisco Gomes Neto<br \/>\nfgn@embraer.com.br<\/p>\n<p><strong>RH Embraer<\/strong><br \/>\nrelacoes.trabalhistas@embraer.com.br<\/p>\n<p><strong>Prefeito de S\u00e3o Jos\u00e9 dos Campos<\/strong><br \/>\nFel\u00edcio Ramuth<br \/>\nprefeito@sjc.sp.gov.br<\/p>\n<p><strong>BNDES<\/strong><br \/>\npresidencia@bndes.gov.br<\/p>\n<p>C\u00f3pia para: secretaria@sindmetalsjc.org.br<\/p>\n<p><strong>J\u00e1 assinaram a mo\u00e7\u00e3o:<\/strong><\/p>\n<p>Entidades Nacionais<\/p>\n<p>CSP-CONLUTAS \u2013 CENTRAL SINDICAL E POPULAR<br \/>\nSINDICATO DOS METALURGICOS DE S\u00c3O JOS\u00c9 DOS CAMPOS E REGI\u00c3O\/SP<br \/>\nSINDICATO DOS TRABALHADORES DO JUDICI\u00c1RIO FEDERAL NO ESTADO DE S\u00c3O PAULO<br \/>\nSINDICATO DOS TRABALHADORES NO SERVI\u00c7O P\u00daBLICO FEDERAL NO ESTADO DE S\u00c3O PAULO<br \/>\nSINDICATO DOS TRAB. NA EMPRESA DE CORREIOS E TEL\u00c9GRAFOS DO VALE DO PARAIBA\/SP<br \/>\nSINDICATO DOS TRABALHADORES DA IND. DA CONSTRU\u00c7\u00c3O CIVIL DA REG. METROP. DE FORTALEZA<br \/>\nSINDICATO DOS TRABALHADORES EM TRANSPORTE RODOVI\u00c1RIO DO CEAR\u00c1<br \/>\nSINDICATO DOS SERVIDORES P\u00daBLICOS MUNICIPAIS DE JUAZEIRO DO NORTE\/CE<br \/>\nSINDICATO DOS TRABALHADORES NA IND\u00daSTRIA DE CONFEC\u00c7\u00c3O FEMININA DE FORTALEZA\/CE<br \/>\nSINDICATO DOS ODONTOLOGISTAS DO ESTADO DO CEAR\u00c1<br \/>\nSINDICATO DOS SERVIDORES DO PODER JUDICI\u00c1RIO FEDERAL DO ESTADO DE MATO GROSSO<br \/>\nSINDICATO DOS COMERCI\u00c1RIOS DE NOVA IGUA\u00c7U\/RJ<br \/>\nSINDICATO DOS TRAB. NO SERVI\u00c7O P\u00daBLICO MUNICIPAL DE LIMOEIRO DO NORTE-CE<br \/>\nSINDICATO DOS SERVIDORES DO PODER JUDICI\u00c1RIO FEDERAL EM ALAGOAS<br \/>\nSINDICATO DOS TRAB NAS EMPRESAS DE TRANSP. RODOV DE PASSAG. INTERMUN. EST. CE<br \/>\nSINDICATO DOS TRABALHADORES DO JUDICI\u00c1RIO FEDERAL E MPU NO MARANHAO<br \/>\nSINDICATO DOS TRAB. NA IND\u00daSTRIA DA CONSTRU\u00c7\u00c3O E DO MOBILIARIO DE BELEM-PA<br \/>\nSINDICATO SERVIDORES DA SA\u00daDE DO ESTADO DO RIO GRANDE DO NORTE<br \/>\nSINDICATO MUNICIPAL DOS PROFISSIONAIS DE ENSINO DA REDE OFICIAL DO RECIFE\/PE<br \/>\nSINDICATO DOS TRAB. DA UNIVERSIDADE FEDERAL RURAL\/RJ<br \/>\nSINDICATO DOS MUNICIP\u00c1RIOS DE STA BARBARA DO SUL\/RS<br \/>\nSINDICATO DOS TRAB. EM PROCESSAMENTO DE DADOS NO ESTADO DO RIO GRANDE DO SUL<br \/>\nSINDICATO DOS EMPREGADOS NO COMERCIO DE PASSO FUNDO\/RS<br \/>\nSINDICATO DOS EMPREGADOS NO COMERCIO DE SANTA CRUZ DO SUL<br \/>\nSINDICATO DOS TRAB. NAS IND. DE CIMENTO, CAL, GESSO E CER\u00c2MICA DO MUNIC. DE ARACAJ\u00da\/SE<br \/>\nSINDICATO DOS TRABALHADORES NAS IND\u00daSTRIAS URBANAS DO ESTADO DE GOI\u00c1S<br \/>\nSindicato dos servidores municipais de Sta B\u00e1rbara, Bar\u00e3o de Cocais e Catas Altas (Sindicabasa) MG<br \/>\nSindicato dos servidores p\u00fablicos de monte Carmelo e regi\u00e3o MG<br \/>\nServidores P\u00fablicos de Santa Cruz MG<br \/>\nSINDCEFET-MG &#8211; Sindicato dos Docentes do CEFET-MG<br \/>\nSindicato dos Trabalhadores em Educa\u00e7\u00e3o da Rede P\u00fablica Municipal de BH (SINDREDE BH) MG<br \/>\nSindsa\u00fade Subsede Contagem MG<br \/>\nSindicato dos Servidores Ativos e Inativos de Tr\u00eas Pontas MG<br \/>\nSindicato dos Trabalhadores em Empresas de Ass, Pesq, Per, Inf e Cong de MG (SINTAPPI)<br \/>\nSindicato dos Trabalhadores em Seg Social, Sa\u00fade, Prev, Trab e Ass Social em MG (SINTSPREV)<br \/>\nSindicato dos Servidores p\u00fablicos municipais de Betim (SINDSERB) MG<br \/>\nSindicato dos Trabalhadores nas Ind\u00fastrias de Carnes, Deriv, Cong no Est. de MG (SINDICARNE) MG<br \/>\nFedera\u00e7\u00e3o Sindical e Democr\u00e1tica dos Trabalhadores Metal\u00fargicos de Minas Gerais MG<br \/>\nSindicato dos Trabalhadores nas Ind\u00fastrias Gr\u00e1ficas de Jornais e Revistas no Est de MG (STIG) MG<br \/>\nSindicato dos Trabalhadores da Sa\u00fade de BH e Regi\u00e3o (Sindeess) MG<br \/>\nSindicato dos Trabalhadores da Sa\u00fade de Divin\u00f3polis MG<br \/>\nSindicato dos Trabalhadores da Sa\u00fade de Formiga MG<br \/>\nSindicato dos Trabalhadores da Sa\u00fade de Itajub\u00e1 MG<br \/>\nSindicato dos Trabalhadores Metal\u00fargicos e of. mec\u00e2nicas e mat. El\u00e9trico de Ita\u00fana e regi\u00e3o MG<br \/>\nSindicato dos Trabalhadores Metal\u00fargicos e of. mec\u00e2nicas e mat. el\u00e9trico de Pirapora MG<br \/>\nSindicato dos trabalhadores metal\u00fargicos e of. mec\u00e2nicas e mat. el\u00e9trico de S\u00e3o Jo\u00e3o Del Rei MG<br \/>\nSindicato dos trabalhadores metal\u00fargicos e of. mec\u00e2nicas e mat. el\u00e9trico de Gov Valadares MG<br \/>\nSindicato dos trabalhadores metal\u00fargicos e of. mec\u00e2nicas e mat. el\u00e9trico de Arax\u00e1 MG<br \/>\nSindicato dos trabalhadores metal\u00fargicos e of. mec\u00e2nicas e mat. el\u00e9trico de Bar\u00e3o de Cocais MG<br \/>\nSindicato dos trabalhadores metal\u00fargicos e of. mec\u00e2nicas e mat. el\u00e9trico de Divin\u00f3polis e reg MG<br \/>\nSindicato dos trabalhadores metal\u00fargicos e em of. mec\u00e2nicas e mat. el\u00e9trico de Itabira MG<br \/>\nSindicato dos trabalhadores metal\u00fargicos e of. mec\u00e2nicas e mat. el\u00e9trico de Itajub\u00e1 e reg MG<br \/>\nSindicato dos trabalhadores metal\u00fargicos e em of. mec\u00e2nicas e mat. el\u00e9trico de Ouro Preto MG<br \/>\nSindicato dos trabalhadores metal\u00fargicos e em of. mec\u00e2nicas e mat. el\u00e9trico de Patos Minas MG<br \/>\nSindicato dos trabalhadores metal\u00fargicos e em of. mec\u00e2nicas e mat. el\u00e9trico de Lambari MG<br \/>\nSindicato dos trabalhadores metal\u00fargicos e em of. mec\u00e2nicas e mat. el\u00e9trico de V\u00e1rzea Palma MG<br \/>\nSindicato Metabase Itabira MG<br \/>\nSindicato Metabase Inconfidentes MG<br \/>\nSindicato dos trabalhadores ind\u00fastria cer\u00e2micas Monte Carmelo MG<br \/>\nSindicato do Trabalhadores T\u00eaxteis de S\u00e3o Jo\u00e3o Del Rei MG<br \/>\nSindicato do Trabalhadores T\u00eaxteis de Pirapora MG<br \/>\nSINDICATO DOS TRABALHADORES P\u00daBLICOS MUNICIPAIS DE JACARE\u00cd\/SP<br \/>\nSINDICATO DOS TRABALHADORES DA IND\u00daSTRIA DA CONSTRU\u00c7\u00c3O C\u00cdVIL E DO MOBILI\u00c1RIO\/RR<br \/>\nSINDICATO DOS TRABALHADORES DO SERVI\u00c7O P\u00daBLICO MUNICIPAL DE ALAGOINHAS\/BA<br \/>\nSINDICATO DOS TRABALHADORES NA IND\u00daSTRIA DO PETR\u00d3LEO\/PA, AM, MA, AP<br \/>\nSINDICATO DOS TRABALHADORES DO PODER JUDICI\u00c1RIO FEDERAL\/BA<br \/>\nFEDERACAO DEMOCRATICA DOS AGRICULTORES FAMILIARES E EMPREENDEDORES RURAIS\/PE<br \/>\nFEDERA\u00c7\u00c3O DOS EMPREGADOS RURAIS\/PE<br \/>\nSINDICATO INTERMUNICIPAL AGENTES COMUM. SA\u00daDE COMBATE \u00c0S ENDEMIAS DA REG MATO GRANDE\/RN<br \/>\nSINDICATO DOS SERVIDORES P\u00daBLICOS MUNICIPAIS DE ARARIPINA\/PE<br \/>\nSINDICATO DOS SERVIDORES PUBLICOS FEDERAIS EM TRABALHO, SAUDE, PREVID\u00caNCIA\/PR<br \/>\nSINDICATO DOS SERVIDORES P\u00daBLICOS MUNICIPAIS DE CAPELA\/SE<br \/>\nSINDICATO DOS TRABALHADORES EM EDUCA\u00c7\u00c3O MUNICIPAL DE S.J.RIO PRETO\/SP<br \/>\nADMAP &#8211; ASSOCIA\u00c7\u00c3O DEMOCR\u00c1TICA DOS APOSENTADOS E PENS. DO VALE DO PARA\u00cdBA\/SP<br \/>\nANEL \u2013 ASSEMBLEIA NACIONAL DE ESTUDANTES \u2013 LIVRE<br \/>\nMOVIMENTO LUTA POPULAR<br \/>\nMOVIMENTO NACIONAL QUILOMBO RA\u00c7A E CLASSE<br \/>\nMOVIMENTO RESIST\u00caNCIA POPULAR\/DF<\/p>\n<p><strong>Entidades internacionais<\/strong><\/p>\n<p>Fronte di Lotta No Austerity (It\u00e1lia)<br \/>\nCub Trasporti (It\u00e1lia)<br \/>\nRede Sindical Internacional de Solidariedade e de Lutas<\/p>\n<p>Fonte: Imprensa\/Sindicato dos Metal\u00fargicos de S\u00e3o Jos\u00e9 dos Campos-SP<\/p>\n","protected":false},"excerpt":{"rendered":"<p>Setembro, 2020 &#8211; Entidades do Brasil e de outros pa\u00edses est\u00e3o mostrando solidariedade \u00e0 luta dos trabalhadores da Embraer contra as 2.500 demiss\u00f5es realizadas pela f\u00e1brica. Nesta semana, o Sindicato j\u00e1 recebeu mo\u00e7\u00f5es de apoio assinadas por organiza\u00e7\u00f5es de diversas categorias. No Brasil, foram 78 entidades sindicais e do movimento social que enviaram a mo\u00e7\u00e3o [&hellip;]<\/p>\n","protected":false},"author":1,"featured_media":14520,"comment_status":"open","ping_status":"open","sticky":false,"template":"","format":"standard","meta":{"_uag_custom_page_level_css":"","footnotes":""},"categories":[27],"tags":[19366,19364,19362,19361,19363,19360,19365],"class_list":["post-14519","post","type-post","status-publish","format-standard","has-post-thumbnail","hentry","category-acontece","tag-10-mil-familias-prejudicadas","tag-2-500-demissoes-na-fabrica-da-embraer","tag-boeing-acaba-acordo","tag-crise-na-embraer","tag-demissoes-de-trabalhadores","tag-demissoes-na-embraer","tag-sindicato-dos-metalurgicos-de-sao-jose-dos-campos-sp"],"blocksy_meta":[],"spectra_blocks_featured_image_url":{"thumbnail":{"url":"https:\/\/construcaocivil.siriusmarketingedesign.com.br\/wp-content\/uploads\/2020\/09\/SINDICATO-150x150.jpg","width":150,"height":150},"medium":{"url":"https:\/\/construcaocivil.siriusmarketingedesign.com.br\/wp-content\/uploads\/2020\/09\/SINDICATO-300x166.jpg","width":300,"height":166},"medium_large":{"url":"https:\/\/construcaocivil.siriusmarketingedesign.com.br\/wp-content\/uploads\/2020\/09\/SINDICATO-768x426.jpg","width":768,"height":426},"large":{"url":"https:\/\/construcaocivil.siriusmarketingedesign.com.br\/wp-content\/uploads\/2020\/09\/SINDICATO.jpg","width":901,"height":500},"full":{"url":"https:\/\/construcaocivil.siriusmarketingedesign.com.br\/wp-content\/uploads\/2020\/09\/SINDICATO.jpg","width":901,"height":500}},"spectra_blocks_author_info":{"display_name":"Jornal da Constru\u00e7\u00e3o Civil","avatar_url":"https:\/\/secure.gravatar.com\/avatar\/973c9774fd44ddaceb026973c4962faa70fc512bc4c9da68e8ebb40fecee6540?s=96&d=mm&r=g","author_link":"https:\/\/construcaocivil.siriusmarketingedesign.com.br\/?author=1","description":"Desde de 2013, levando muitas informa\u00e7\u00f5es, lan\u00e7amentos e produtos de qualidade para toda cadeia produtiva da constru\u00e7\u00e3o. O Futuro da constru\u00e7\u00e3o passa por aqui,"},"uagb_featured_image_src":{"full":["https:\/\/construcaocivil.siriusmarketingedesign.com.br\/wp-content\/uploads\/2020\/09\/SINDICATO.jpg",901,500,false],"thumbnail":["https:\/\/construcaocivil.siriusmarketingedesign.com.br\/wp-content\/uploads\/2020\/09\/SINDICATO-150x150.jpg",150,150,true],"medium":["https:\/\/construcaocivil.siriusmarketingedesign.com.br\/wp-content\/uploads\/2020\/09\/SINDICATO-300x166.jpg",300,166,true],"medium_large":["https:\/\/construcaocivil.siriusmarketingedesign.com.br\/wp-content\/uploads\/2020\/09\/SINDICATO-768x426.jpg",768,426,true],"large":["https:\/\/construcaocivil.siriusmarketingedesign.com.br\/wp-content\/uploads\/2020\/09\/SINDICATO.jpg",901,500,false],"1536x1536":["https:\/\/construcaocivil.siriusmarketingedesign.com.br\/wp-content\/uploads\/2020\/09\/SINDICATO.jpg",901,500,false],"2048x2048":["https:\/\/construcaocivil.siriusmarketingedesign.com.br\/wp-content\/uploads\/2020\/09\/SINDICATO.jpg",901,500,false]},"uagb_author_info":{"display_name":"Jornal da Constru\u00e7\u00e3o Civil","author_link":"https:\/\/construcaocivil.siriusmarketingedesign.com.br\/?author=1"},"uagb_comment_info":0,"uagb_excerpt":"Setembro, 2020 &#8211; Entidades do Brasil e de outros pa\u00edses est\u00e3o mostrando solidariedade \u00e0 luta dos trabalhadores da Embraer contra as 2.500 demiss\u00f5es realizadas pela f\u00e1brica. Nesta semana, o Sindicato j\u00e1 recebeu mo\u00e7\u00f5es de apoio assinadas por organiza\u00e7\u00f5es de diversas categorias. No Brasil, foram 78 entidades sindicais e do movimento social que enviaram a mo\u00e7\u00e3o&hellip;","_links":{"self":[{"href":"https:\/\/construcaocivil.siriusmarketingedesign.com.br\/index.php?rest_route=\/wp\/v2\/posts\/14519","targetHints":{"allow":["GET"]}}],"collection":[{"href":"https:\/\/construcaocivil.siriusmarketingedesign.com.br\/index.php?rest_route=\/wp\/v2\/posts"}],"about":[{"href":"https:\/\/construcaocivil.siriusmarketingedesign.com.br\/index.php?rest_route=\/wp\/v2\/types\/post"}],"author":[{"embeddable":true,"href":"https:\/\/construcaocivil.siriusmarketingedesign.com.br\/index.php?rest_route=\/wp\/v2\/users\/1"}],"replies":[{"embeddable":true,"href":"https:\/\/construcaocivil.siriusmarketingedesign.com.br\/index.php?rest_route=%2Fwp%2Fv2%2Fcomments&post=14519"}],"version-history":[{"count":0,"href":"https:\/\/construcaocivil.siriusmarketingedesign.com.br\/index.php?rest_route=\/wp\/v2\/posts\/14519\/revisions"}],"wp:featuredmedia":[{"embeddable":true,"href":"https:\/\/construcaocivil.siriusmarketingedesign.com.br\/index.php?rest_route=\/wp\/v2\/media\/14520"}],"wp:attachment":[{"href":"https:\/\/construcaocivil.siriusmarketingedesign.com.br\/index.php?rest_route=%2Fwp%2Fv2%2Fmedia&parent=14519"}],"wp:term":[{"taxonomy":"category","embeddable":true,"href":"https:\/\/construcaocivil.siriusmarketingedesign.com.br\/index.php?rest_route=%2Fwp%2Fv2%2Fcategories&post=14519"},{"taxonomy":"post_tag","embeddable":true,"href":"https:\/\/construcaocivil.siriusmarketingedesign.com.br\/index.php?rest_route=%2Fwp%2Fv2%2Ftags&post=14519"}],"curies":[{"name":"wp","href":"https:\/\/api.w.org\/{rel}","templated":true}]}}