{"id":14534,"date":"2020-09-14T16:28:43","date_gmt":"2020-09-14T19:28:43","guid":{"rendered":"https:\/\/www.jornaldaconstrucaocivil.com.br\/?p=14534"},"modified":"2020-09-14T16:28:43","modified_gmt":"2020-09-14T19:28:43","slug":"eleicoes-municipais-2020-entidades-de-arquitetura-e-urbanismo-lancam-carta-aos-candidatos","status":"publish","type":"post","link":"https:\/\/construcaocivil.siriusmarketingedesign.com.br\/?p=14534","title":{"rendered":"Elei\u00e7\u00f5es Municipais 2020: entidades de Arquitetura e Urbanismo lan\u00e7am  Carta aos Candidatos"},"content":{"rendered":"<p style=\"text-align: justify;\"><span style=\"color: #993300;\">Setembro, 2020<\/span> &#8211; Ao mesmo tempo em que os partidos pol\u00edticos realizam as conven\u00e7\u00f5es para a escolha de seus candidatos nas elei\u00e7\u00f5es municipais de 2020, agendadas para novembro, o Conselho de Arquitetura e Urbanismo do Brasil e demais entidades representantes dos profissionais do setor lan\u00e7am a<span style=\"color: #0000ff;\"> \u201cCarta-Aberta \u00e0 Sociedade e aos (\u00e0s) Candidatos (as) nas Elei\u00e7\u00f5es Municipais de 2020 \u2013 Um projeto de cidades p\u00f3s-pandemia\u201d.\u00a0<\/span><\/p>\n<p style=\"text-align: justify;\">Em linguagem figurada, para representar a realidade de nossas cidades revelada pela epidemia da Covid-19, o manifesto afirma que elas s\u00e3o, em boa parte, \u201ccampos minados\u201d, e as moradias, do mesmo modo, se transformaram em \u201carmadilhas\u201d, dependendo de sua localiza\u00e7\u00e3o e condi\u00e7\u00f5es construtivas e sanit\u00e1rias.<\/p>\n<p style=\"text-align: justify;\">Com o objetivo de contribuir para transformar nossas cidades em territ\u00f3rios mais saud\u00e1veis, inclusivos, seguros e resilientes, a Carta aponta cinco pontos fundamentais que devem ser focados pelos futuros prefeitos e vereadores \u201ccom di\u00e1logo e vontade pol\u00edtica\u201d. S\u00e3o eles, em s\u00edntese:<\/p>\n<p style=\"text-align: justify;\">[1]\u00a0<strong>Colocar as pessoas no centro das pol\u00edticas, programas e projetos urbanos de curto, m\u00e9dio e longo prazos<\/strong>, priorizando o bem estar social, em busca ao pleno atendimento ao saneamento ambiental, moradia digna e educa\u00e7\u00e3o cidad\u00e3 para todos.<\/p>\n<p style=\"text-align: justify;\">[2]\u00a0<strong>Planejar as pol\u00edticas urbanas de forma transversal, inclusiva e integrada<\/strong>, mediante programas de Estado que sejam independentes de interesses moment\u00e2neos e que possam ser implementados por estruturas de gest\u00e3o com continuidade temporal;<\/p>\n<p style=\"text-align: justify;\">[3]\u00a0<strong>Viabilizar o financiamento cont\u00ednuo das pol\u00edticas urbanas<\/strong>, com recursos de diversas fontes, incluindo-as como prioridade nos planos anuais e plurianuais;<\/p>\n<p style=\"text-align: justify;\">[4]\u00a0<strong>Buscar a articula\u00e7\u00e3o territorial sempre que o or\u00e7amento e o alcance municipal n\u00e3o forem auto suficientes<\/strong>; e<\/p>\n<p style=\"text-align: justify;\">[5]\u00a0<strong>Garantir a participa\u00e7\u00e3o popular nos processos decis\u00f3rios<\/strong>\u00a0por meio do fortalecimento dos Conselhos Municipais e da representatividade e equidade de seus membros, refletindo a maioria feminina nas lideran\u00e7as comunit\u00e1rias.<\/p>\n<p style=\"text-align: justify;\">O documento \u00e9 complementado por um anexo com 51 proposi\u00e7\u00f5es de a\u00e7\u00f5es relacionadas com Arquitetura e Sa\u00fade, Cidades Sustent\u00e1veis, Governan\u00e7a e Financiamento, Paisagem e Patrim\u00f4nio e Mobilidade e Inclus\u00e3o. A \u00edntegra pode ser consultada em\u00a0<span style=\"color: #0000ff;\"><a style=\"color: #0000ff;\" href=\"http:\/\/www.caubr.gov.br\/cidades2021\" target=\"_blank\" rel=\"noopener noreferrer\">www.caubr.gov.br\/cidades2021<\/a>.<\/span><\/p>\n<p style=\"text-align: justify;\">Al\u00e9m de ser amplamente divulgado junto \u00e0 popula\u00e7\u00e3o, as entidades pretendem que o manifesto seja discutido com os partidos, suas lideran\u00e7as e os candidatos \u00a0a prefeitos e vereadores das 5570 cidades do pa\u00eds.<\/p>\n<p style=\"text-align: justify;\">O documento \u00e9 assinado tamb\u00e9m pelas seguintes entidades coautoras: Associa\u00e7\u00e3o Brasileira de Arquitetos Paisagistas (ABAP), Associa\u00e7\u00e3o Brasileira de Ensino de Arquitetura e Urbanismo (ABEA), Associa\u00e7\u00e3o Brasileira dos Escrit\u00f3rios de Arquitetura (AsBEA), Federa\u00e7\u00e3o Nacional dos Arquitetos e Urbanistas (FNA), Instituto de Arquitetos do Brasil (IAB) e Federa\u00e7\u00e3o Nacional de Estudantes de Arquitetura e Urbanismo do Brasil (FeNEA).<\/p>\n<p>&nbsp;<\/p>\n<p>Fonte: Imprensa\/<strong>CAU\/BR<\/strong><\/p>\n","protected":false},"excerpt":{"rendered":"<p>Setembro, 2020 &#8211; Ao mesmo tempo em que os partidos pol\u00edticos realizam as conven\u00e7\u00f5es para a escolha de seus candidatos nas elei\u00e7\u00f5es municipais de 2020, agendadas para novembro, o Conselho de Arquitetura e Urbanismo do Brasil e demais entidades representantes dos profissionais do setor lan\u00e7am a \u201cCarta-Aberta \u00e0 Sociedade e aos (\u00e0s) Candidatos (as) nas [&hellip;]<\/p>\n","protected":false},"author":1,"featured_media":14535,"comment_status":"open","ping_status":"open","sticky":false,"template":"","format":"standard","meta":{"_uag_custom_page_level_css":"","footnotes":""},"categories":[27],"tags":[1569,2015,19381,19383,19382,19384,9785,19385,19386],"class_list":["post-14534","post","type-post","status-publish","format-standard","has-post-thumbnail","hentry","category-acontece","tag-brasilia","tag-cau-br","tag-eleicoes-municipais-2020","tag-participacao-popular","tag-pessoas-no-centro-das-politicas","tag-programas-de-habitacao","tag-projetos-urbanos","tag-transporte-urbano-e-moradia-de-facil-acesso","tag-urbanizacao-das-cidades"],"blocksy_meta":[],"spectra_blocks_featured_image_url":{"thumbnail":{"url":"https:\/\/construcaocivil.siriusmarketingedesign.com.br\/wp-content\/uploads\/2020\/09\/PALACIO-I-150x150.jpg","width":150,"height":150},"medium":{"url":"https:\/\/construcaocivil.siriusmarketingedesign.com.br\/wp-content\/uploads\/2020\/09\/PALACIO-I-300x225.jpg","width":300,"height":225},"medium_large":{"url":"https:\/\/construcaocivil.siriusmarketingedesign.com.br\/wp-content\/uploads\/2020\/09\/PALACIO-I.jpg","width":500,"height":375},"large":{"url":"https:\/\/construcaocivil.siriusmarketingedesign.com.br\/wp-content\/uploads\/2020\/09\/PALACIO-I.jpg","width":500,"height":375},"full":{"url":"https:\/\/construcaocivil.siriusmarketingedesign.com.br\/wp-content\/uploads\/2020\/09\/PALACIO-I.jpg","width":500,"height":375}},"spectra_blocks_author_info":{"display_name":"Jornal da Constru\u00e7\u00e3o Civil","avatar_url":"https:\/\/secure.gravatar.com\/avatar\/973c9774fd44ddaceb026973c4962faa70fc512bc4c9da68e8ebb40fecee6540?s=96&d=mm&r=g","author_link":"https:\/\/construcaocivil.siriusmarketingedesign.com.br\/?author=1","description":"Desde de 2013, levando muitas informa\u00e7\u00f5es, lan\u00e7amentos e produtos de qualidade para toda cadeia produtiva da constru\u00e7\u00e3o. O Futuro da constru\u00e7\u00e3o passa por aqui,"},"uagb_featured_image_src":{"full":["https:\/\/construcaocivil.siriusmarketingedesign.com.br\/wp-content\/uploads\/2020\/09\/PALACIO-I.jpg",500,375,false],"thumbnail":["https:\/\/construcaocivil.siriusmarketingedesign.com.br\/wp-content\/uploads\/2020\/09\/PALACIO-I-150x150.jpg",150,150,true],"medium":["https:\/\/construcaocivil.siriusmarketingedesign.com.br\/wp-content\/uploads\/2020\/09\/PALACIO-I-300x225.jpg",300,225,true],"medium_large":["https:\/\/construcaocivil.siriusmarketingedesign.com.br\/wp-content\/uploads\/2020\/09\/PALACIO-I.jpg",500,375,false],"large":["https:\/\/construcaocivil.siriusmarketingedesign.com.br\/wp-content\/uploads\/2020\/09\/PALACIO-I.jpg",500,375,false],"1536x1536":["https:\/\/construcaocivil.siriusmarketingedesign.com.br\/wp-content\/uploads\/2020\/09\/PALACIO-I.jpg",500,375,false],"2048x2048":["https:\/\/construcaocivil.siriusmarketingedesign.com.br\/wp-content\/uploads\/2020\/09\/PALACIO-I.jpg",500,375,false]},"uagb_author_info":{"display_name":"Jornal da Constru\u00e7\u00e3o Civil","author_link":"https:\/\/construcaocivil.siriusmarketingedesign.com.br\/?author=1"},"uagb_comment_info":0,"uagb_excerpt":"Setembro, 2020 &#8211; Ao mesmo tempo em que os partidos pol\u00edticos realizam as conven\u00e7\u00f5es para a escolha de seus candidatos nas elei\u00e7\u00f5es municipais de 2020, agendadas para novembro, o Conselho de Arquitetura e Urbanismo do Brasil e demais entidades representantes dos profissionais do setor lan\u00e7am a \u201cCarta-Aberta \u00e0 Sociedade e aos (\u00e0s) Candidatos (as) nas&hellip;","_links":{"self":[{"href":"https:\/\/construcaocivil.siriusmarketingedesign.com.br\/index.php?rest_route=\/wp\/v2\/posts\/14534","targetHints":{"allow":["GET"]}}],"collection":[{"href":"https:\/\/construcaocivil.siriusmarketingedesign.com.br\/index.php?rest_route=\/wp\/v2\/posts"}],"about":[{"href":"https:\/\/construcaocivil.siriusmarketingedesign.com.br\/index.php?rest_route=\/wp\/v2\/types\/post"}],"author":[{"embeddable":true,"href":"https:\/\/construcaocivil.siriusmarketingedesign.com.br\/index.php?rest_route=\/wp\/v2\/users\/1"}],"replies":[{"embeddable":true,"href":"https:\/\/construcaocivil.siriusmarketingedesign.com.br\/index.php?rest_route=%2Fwp%2Fv2%2Fcomments&post=14534"}],"version-history":[{"count":0,"href":"https:\/\/construcaocivil.siriusmarketingedesign.com.br\/index.php?rest_route=\/wp\/v2\/posts\/14534\/revisions"}],"wp:featuredmedia":[{"embeddable":true,"href":"https:\/\/construcaocivil.siriusmarketingedesign.com.br\/index.php?rest_route=\/wp\/v2\/media\/14535"}],"wp:attachment":[{"href":"https:\/\/construcaocivil.siriusmarketingedesign.com.br\/index.php?rest_route=%2Fwp%2Fv2%2Fmedia&parent=14534"}],"wp:term":[{"taxonomy":"category","embeddable":true,"href":"https:\/\/construcaocivil.siriusmarketingedesign.com.br\/index.php?rest_route=%2Fwp%2Fv2%2Fcategories&post=14534"},{"taxonomy":"post_tag","embeddable":true,"href":"https:\/\/construcaocivil.siriusmarketingedesign.com.br\/index.php?rest_route=%2Fwp%2Fv2%2Ftags&post=14534"}],"curies":[{"name":"wp","href":"https:\/\/api.w.org\/{rel}","templated":true}]}}