{"id":14580,"date":"2020-09-20T15:16:04","date_gmt":"2020-09-20T18:16:04","guid":{"rendered":"https:\/\/www.jornaldaconstrucaocivil.com.br\/?p=14580"},"modified":"2020-09-20T15:16:04","modified_gmt":"2020-09-20T18:16:04","slug":"economia-sem-forca-pronampe-libera-mais-14-bilhoes-de-reais-para-pequenos-empresarios-mas-deficit-na-categoria-continua-grande","status":"publish","type":"post","link":"https:\/\/construcaocivil.siriusmarketingedesign.com.br\/?p=14580","title":{"rendered":"Economia sem for\u00e7a: Pronampe libera mais 14 bilh\u00f5es de reais para pequenos empres\u00e1rios, mas d\u00e9ficit na categoria continua grande"},"content":{"rendered":"<div style=\"text-align: justify;\">\n<p>Setembro, 2020 &#8211; A segunda fase do Programa Nacional de Apoio \u00e0s Microempresas e Empresas de Pequeno Porte (Pronampe) foi lan\u00e7ada na primeira semana de setembro e os pequenos empres\u00e1rios do pa\u00eds puderam voltar a acessar a linha de cr\u00e9dito, dispon\u00edvel em v\u00e1rias institui\u00e7\u00f5es banc\u00e1rias do Brasil. Nessa nova fase, foram ampliadas de 11 para 19 o n\u00famero de institui\u00e7\u00f5es habilitadas a operar os empr\u00e9stimos. A expectativa do governo \u00e9 de que sejam liberados cerca de R\ufe69 14 bilh\u00f5es para micro e pequenas empresas e Microempreendedores Individuais (MEIs).<\/p>\n<\/div>\n<div style=\"text-align: justify;\">\n<p>Existe uma demanda muito grande por parte dessa parcela do empresariado nacional, que \u00e9 respons\u00e1vel por cerca de 30% da riqueza anual gerada no pa\u00eds, segundo c\u00e1lculos da Funda\u00e7\u00e3o Get\u00falio Vargas (FGV). Isso explica o motivo de os recursos da primeira fase do programa terem se esgotado rapidamente &#8211; cerca de R\ufe69 19 bilh\u00f5es em cr\u00e9ditos foram destinados a 211 mil empresas &#8211; mesmo com as dificuldades relatadas pelos pequenos empres\u00e1rios para obterem os empr\u00e9stimos.<\/p>\n<\/div>\n<div style=\"text-align: justify;\">\n<p>O especialista em Direito Empresarial e Societ\u00e1rio, e professor do Insper e da Faap,\u00a0Marcelo Godke, aponta que a categoria, extremamente representativa na economia brasileira, j\u00e1 n\u00e3o era plenamente atendida antes da pandemia. &#8220;J\u00e1 existiam problemas nos financiamentos para micro e pequenas empresas no pa\u00eds\u00a0e isso s\u00f3 piorou.\u00a0Para se ter uma ideia, esse d\u00e9ficit, em 2016, era da ordem de \ufe69327 bilh\u00f5es&#8221;, explica.<\/p>\n<\/div>\n<div style=\"text-align: justify;\">\n<p>O professor aponta que esse d\u00e9ficit existe em todas as economias, em percentuais menores ou maiores, mas que essas medidas emergenciais criadas pelo governo brasileiro para tentar reaquecer o mercado e fazer a economia pegar no tranco n\u00e3o v\u00e3o resolver o problema.<\/p>\n<\/div>\n<div style=\"text-align: justify;\">Ele prev\u00ea que a situa\u00e7\u00e3o vai come\u00e7ar a sentir uma melhoria palp\u00e1vel apenas quando a economia voltar a se reaquecer. Para isso, o especialista defende uma redu\u00e7\u00e3o da burocracia para se constituir empresas e uma amplia\u00e7\u00e3o de bases de garantia, para que as linhas de cr\u00e9dito possam ser ampliadas. &#8220;O que pode ser feito e j\u00e1 vem sendo discutido, mas poderia ser urgentemente ampliado, \u00e9 a cria\u00e7\u00e3o de programas de garantia robustos, para que os bancos possam conceder empr\u00e9stimos para essa categoria. A falta de financiamento decorre, em boa parte, da falta de garantia que as micro e pequenas empresas tem para conceder&#8221;, explica o professor.<\/div>\n<p>&nbsp;<\/p>\n<p><span style=\"color: #993300;\">Marcelo Godke- bacharel em Direito pela Universidade Cat\u00f3lica de Santos, especialista em Direito dos Contratos pelo Ceu Law School. Professor do Insper e da Faap, mestre em Direito pela Columbia University School of Law e s\u00f3cio do Godke Advogados. Doutorando pela Universiteit Tilburg (Holanda) e Doutorando em Direito pela USP (Brasil).\u00a0<\/span><\/p>\n","protected":false},"excerpt":{"rendered":"<p>Setembro, 2020 &#8211; A segunda fase do Programa Nacional de Apoio \u00e0s Microempresas e Empresas de Pequeno Porte (Pronampe) foi lan\u00e7ada na primeira semana de setembro e os pequenos empres\u00e1rios do pa\u00eds puderam voltar a acessar a linha de cr\u00e9dito, dispon\u00edvel em v\u00e1rias institui\u00e7\u00f5es banc\u00e1rias do Brasil. Nessa nova fase, foram ampliadas de 11 para [&hellip;]<\/p>\n","protected":false},"author":1,"featured_media":14582,"comment_status":"open","ping_status":"open","sticky":false,"template":"","format":"standard","meta":{"_uag_custom_page_level_css":"","footnotes":""},"categories":[33],"tags":[19060,19432,19434,19431,19430,19429,19433,19427,19428],"class_list":["post-14580","post","type-post","status-publish","format-standard","has-post-thumbnail","hentry","category-mercado","tag-700-mil-empresas-fechadas","tag-brasileiro-vive-de-bicos","tag-credito-taxas-de-juros","tag-desemprego-alto-no-brasil","tag-ministerio-da-economia-bate-cabeca","tag-pib-negativo","tag-polipartes-ar-condicionado-e-refrigeracao","tag-pronampe","tag-pronampe-nao-ajudou-economia-brasileira"],"blocksy_meta":[],"spectra_blocks_featured_image_url":{"thumbnail":{"url":"https:\/\/construcaocivil.siriusmarketingedesign.com.br\/wp-content\/uploads\/2020\/09\/PLIPARTES-150x150.jpg","width":150,"height":150},"medium":{"url":"https:\/\/construcaocivil.siriusmarketingedesign.com.br\/wp-content\/uploads\/2020\/09\/PLIPARTES-300x139.jpg","width":300,"height":139},"medium_large":{"url":"https:\/\/construcaocivil.siriusmarketingedesign.com.br\/wp-content\/uploads\/2020\/09\/PLIPARTES-768x355.jpg","width":768,"height":355},"large":{"url":"https:\/\/construcaocivil.siriusmarketingedesign.com.br\/wp-content\/uploads\/2020\/09\/PLIPARTES-1024x474.jpg","width":1024,"height":474},"full":{"url":"https:\/\/construcaocivil.siriusmarketingedesign.com.br\/wp-content\/uploads\/2020\/09\/PLIPARTES.jpg","width":2414,"height":1117}},"spectra_blocks_author_info":{"display_name":"Jornal da Constru\u00e7\u00e3o Civil","avatar_url":"https:\/\/secure.gravatar.com\/avatar\/973c9774fd44ddaceb026973c4962faa70fc512bc4c9da68e8ebb40fecee6540?s=96&d=mm&r=g","author_link":"https:\/\/construcaocivil.siriusmarketingedesign.com.br\/?author=1","description":"Desde de 2013, levando muitas informa\u00e7\u00f5es, lan\u00e7amentos e produtos de qualidade para toda cadeia produtiva da constru\u00e7\u00e3o. O Futuro da constru\u00e7\u00e3o passa por aqui,"},"uagb_featured_image_src":{"full":["https:\/\/construcaocivil.siriusmarketingedesign.com.br\/wp-content\/uploads\/2020\/09\/PLIPARTES.jpg",2414,1117,false],"thumbnail":["https:\/\/construcaocivil.siriusmarketingedesign.com.br\/wp-content\/uploads\/2020\/09\/PLIPARTES-150x150.jpg",150,150,true],"medium":["https:\/\/construcaocivil.siriusmarketingedesign.com.br\/wp-content\/uploads\/2020\/09\/PLIPARTES-300x139.jpg",300,139,true],"medium_large":["https:\/\/construcaocivil.siriusmarketingedesign.com.br\/wp-content\/uploads\/2020\/09\/PLIPARTES-768x355.jpg",768,355,true],"large":["https:\/\/construcaocivil.siriusmarketingedesign.com.br\/wp-content\/uploads\/2020\/09\/PLIPARTES-1024x474.jpg",1024,474,true],"1536x1536":["https:\/\/construcaocivil.siriusmarketingedesign.com.br\/wp-content\/uploads\/2020\/09\/PLIPARTES-1536x711.jpg",1536,711,true],"2048x2048":["https:\/\/construcaocivil.siriusmarketingedesign.com.br\/wp-content\/uploads\/2020\/09\/PLIPARTES-2048x948.jpg",2048,948,true]},"uagb_author_info":{"display_name":"Jornal da Constru\u00e7\u00e3o Civil","author_link":"https:\/\/construcaocivil.siriusmarketingedesign.com.br\/?author=1"},"uagb_comment_info":0,"uagb_excerpt":"Setembro, 2020 &#8211; A segunda fase do Programa Nacional de Apoio \u00e0s Microempresas e Empresas de Pequeno Porte (Pronampe) foi lan\u00e7ada na primeira semana de setembro e os pequenos empres\u00e1rios do pa\u00eds puderam voltar a acessar a linha de cr\u00e9dito, dispon\u00edvel em v\u00e1rias institui\u00e7\u00f5es banc\u00e1rias do Brasil. Nessa nova fase, foram ampliadas de 11 para&hellip;","_links":{"self":[{"href":"https:\/\/construcaocivil.siriusmarketingedesign.com.br\/index.php?rest_route=\/wp\/v2\/posts\/14580","targetHints":{"allow":["GET"]}}],"collection":[{"href":"https:\/\/construcaocivil.siriusmarketingedesign.com.br\/index.php?rest_route=\/wp\/v2\/posts"}],"about":[{"href":"https:\/\/construcaocivil.siriusmarketingedesign.com.br\/index.php?rest_route=\/wp\/v2\/types\/post"}],"author":[{"embeddable":true,"href":"https:\/\/construcaocivil.siriusmarketingedesign.com.br\/index.php?rest_route=\/wp\/v2\/users\/1"}],"replies":[{"embeddable":true,"href":"https:\/\/construcaocivil.siriusmarketingedesign.com.br\/index.php?rest_route=%2Fwp%2Fv2%2Fcomments&post=14580"}],"version-history":[{"count":0,"href":"https:\/\/construcaocivil.siriusmarketingedesign.com.br\/index.php?rest_route=\/wp\/v2\/posts\/14580\/revisions"}],"wp:featuredmedia":[{"embeddable":true,"href":"https:\/\/construcaocivil.siriusmarketingedesign.com.br\/index.php?rest_route=\/wp\/v2\/media\/14582"}],"wp:attachment":[{"href":"https:\/\/construcaocivil.siriusmarketingedesign.com.br\/index.php?rest_route=%2Fwp%2Fv2%2Fmedia&parent=14580"}],"wp:term":[{"taxonomy":"category","embeddable":true,"href":"https:\/\/construcaocivil.siriusmarketingedesign.com.br\/index.php?rest_route=%2Fwp%2Fv2%2Fcategories&post=14580"},{"taxonomy":"post_tag","embeddable":true,"href":"https:\/\/construcaocivil.siriusmarketingedesign.com.br\/index.php?rest_route=%2Fwp%2Fv2%2Ftags&post=14580"}],"curies":[{"name":"wp","href":"https:\/\/api.w.org\/{rel}","templated":true}]}}