{"id":14594,"date":"2020-09-21T20:28:54","date_gmt":"2020-09-21T23:28:54","guid":{"rendered":"https:\/\/www.jornaldaconstrucaocivil.com.br\/?p=14594"},"modified":"2020-09-21T20:28:54","modified_gmt":"2020-09-21T23:28:54","slug":"5-mil-vagas-gratuitas-de-cursos-no-rio-de-janeiro","status":"publish","type":"post","link":"https:\/\/construcaocivil.siriusmarketingedesign.com.br\/?p=14594","title":{"rendered":"5 mil vagas gratuitas de cursos no Rio de Janeiro"},"content":{"rendered":"<p class=\"v1MsoNormal\" style=\"text-align: justify;\"><span style=\"color: #993300;\">Setembro, 2020<\/span> &#8211; A <b>Firjan SENAI<\/b>\u00a0oferece\u00a0<b>4.631 vagas gratuitas<\/b>\u00a0para\u00a0<b>cursos da modalidade qualifica\u00e7\u00e3o profissional totalmente a dist\u00e2ncia\u00a0<\/b>em todo o estado do Rio. As oportunidades s\u00e3o\u00a0<b>para o p\u00fablico em geral<\/b>, com\u00a0<b>renda familiar mensal per capita de no m\u00e1ximo 1,5 sal\u00e1rio m\u00ednimo federal<\/b>. J\u00e1 os pr\u00e9-requisitos de\u00a0<b>idade e escolaridade s\u00e3o de acordo com cada t\u00edtulo.\u00a0<\/b>As inscri\u00e7\u00f5es devem ser realizadas at\u00e9 o<b>\u00a0dia 27 de setembro<\/b>, no site\u00a0<span style=\"color: #0000ff;\"><span class=\"v1MsoHyperlink\"><a style=\"color: #0000ff;\" href=\"http:\/\/www.firjansenai.com.br\/vagasgratuitas\" target=\"_blank\" rel=\"noopener noreferrer\">www.firjansenai.com.br\/vagasgratuitas<\/a><\/span>.<\/span><\/p>\n<p class=\"v1MsoNormal\" style=\"text-align: justify;\">S\u00e3o\u00a0<b>20 t\u00edtulos<\/b>, com\u00a0<b>carga hor\u00e1ria entre 160 e 276 horas<\/b>, e o\u00a0<b>in\u00edcio das aulas ser\u00e1 a partir do dia 28\/09<\/b>. As oportunidades s\u00e3o para\u00a0<b>diversas \u00e1reas<\/b>, como Eletricista Instalador Residencial, Assistente de Marketing Digital, Desenvolvedor de Aplicativo, Mec\u00e2nico de Refrigera\u00e7\u00e3o e Climatiza\u00e7\u00e3o Residencial, Auxiliar de Opera\u00e7\u00f5es Log\u00edsticas e Editor de Projeto Visual Gr\u00e1fico.<\/p>\n<p class=\"v1MsoNormal\" style=\"text-align: justify;\">Segundo\u00a0<b>Edson Melo, gerente de Educa\u00e7\u00e3o Profissional da Firjan SENAI<\/b>, a prioridade \u00e9 investir na qualidade da forma\u00e7\u00e3o dos alunos para um mundo que se torna cada vez mais tecnol\u00f3gico. \u201cCom a pandemia, muitas restri\u00e7\u00f5es foram impostas a pessoas e institui\u00e7\u00f5es, destacando a suspens\u00e3o das aulas presenciais. Nesse contexto e com o foco na forma\u00e7\u00e3o do aluno com a qualidade da Firjan SENAI, mergulhamos nos processos de aprendizagem e estruturamos oferta de cursos vi\u00e1veis para desenvolvimento on-line, com a certeza de atender as necessidades da ind\u00fastria e da sociedade em geral\u201d, afirma Melo.<\/p>\n<p class=\"v1MsoNormal\" style=\"text-align: justify;\"><b>N\u00e3o haver\u00e1 prova de sele\u00e7\u00e3o.<\/b>\u00a0As vagas ser\u00e3o preenchidas por ordem de inscri\u00e7\u00e3o, considerando o n\u00famero de vagas divulgado no edital, e nesse momento o candidato dever\u00e1 anexar os documentos exigidos. Depois disso, a Firjan SENAI ir\u00e1 realizar confer\u00eancia da documenta\u00e7\u00e3o e, se estiver tudo certo, efetivar\u00e1 a matr\u00edcula do estudante no curso pretendido.<\/p>\n<p class=\"v1MsoNormal\" style=\"text-align: justify;\">O\u00a0<b>edital completo<\/b>, com toda a documenta\u00e7\u00e3o necess\u00e1ria, est\u00e1 dispon\u00edvel no site:\u00a0<span class=\"v1MsoHyperlink\" style=\"color: #0000ff;\"><a style=\"color: #0000ff;\" href=\"http:\/\/www.firjansenai.com.br\/vagasgratuitas\" target=\"_blank\" rel=\"noopener noreferrer\">www.firjansenai.com.br\/vagasgratuitas<\/a><\/span>\u00a0. Mais informa\u00e7\u00f5es tamb\u00e9m podem ser obtidas atrav\u00e9s do telefone 0800 0231 231.<\/p>\n<p class=\"v1MsoNormal\" style=\"text-align: justify;\"><span style=\"color: #0000ff;\"><b>Cursos de Qualifica\u00e7\u00e3o Profissional<\/b><\/span><\/p>\n<p class=\"v1MsoNormal\" style=\"text-align: justify;\"><b>\u00a0<\/b>Administrador de Banco de Dados; Almoxarife; Assistente de Controle de Qualidade; Assistente de Marketing Digital; Assistente de Moda &#8211; Desenvolvimento de Cole\u00e7\u00e3o; Assistente de Produ\u00e7\u00e3o Industrial; Auxiliar de Opera\u00e7\u00f5es Log\u00edstica; Controlador e Programador de Produ\u00e7\u00e3o EAD; Desenhista de Projetos El\u00e9tricos Ind\u00fastrias; Desenvolvedor de Aplicativos; Editor de Projeto Visual Gr\u00e1fico; Eletricista Instalador Industrial EAD; Eletricista de Autom\u00f3veis EAD; Instalador e Reparador de Redes de Computadores; Mantenedor e Controler de Plantas Industriais; Mec\u00e2nico de Manuten\u00e7\u00e3o de Equipamentos Hidropneum\u00e1ticos; Mec\u00e2nico de Refrigera\u00e7\u00e3o e Climatiza\u00e7\u00e3o Residencial EAD; Operador de Sistemas Computacionais em Rede; Pizzaiolo e Supervisor de Confec\u00e7\u00e3o.<\/p>\n<p>&nbsp;<\/p>\n<p>Fonte: Imprensa\/FIRJAN SENAI<\/p>\n","protected":false},"excerpt":{"rendered":"<p>Setembro, 2020 &#8211; A Firjan SENAI\u00a0oferece\u00a04.631 vagas gratuitas\u00a0para\u00a0cursos da modalidade qualifica\u00e7\u00e3o profissional totalmente a dist\u00e2ncia\u00a0em todo o estado do Rio. As oportunidades s\u00e3o\u00a0para o p\u00fablico em geral, com\u00a0renda familiar mensal per capita de no m\u00e1ximo 1,5 sal\u00e1rio m\u00ednimo federal. J\u00e1 os pr\u00e9-requisitos de\u00a0idade e escolaridade s\u00e3o de acordo com cada t\u00edtulo.\u00a0As inscri\u00e7\u00f5es devem ser realizadas [&hellip;]<\/p>\n","protected":false},"author":1,"featured_media":14595,"comment_status":"open","ping_status":"open","sticky":false,"template":"","format":"standard","meta":{"_uag_custom_page_level_css":"","footnotes":""},"categories":[27],"tags":[19447,19450,19448,19449,9846,10375,10873],"class_list":["post-14594","post","type-post","status-publish","format-standard","has-post-thumbnail","hentry","category-acontece","tag-5-mil-cursos-gratuitos","tag-auxiliar-de-operacoes-logistica-controlador-e-programador-de-producao-ead","tag-edital-para-diversos-cursos","tag-eletricista-instalador-industrial-ead-eletricista-de-automoveis-ead","tag-qualificacao-profissional","tag-rio-de-janeiro","tag-senai"],"blocksy_meta":[],"spectra_blocks_featured_image_url":{"thumbnail":{"url":"https:\/\/construcaocivil.siriusmarketingedesign.com.br\/wp-content\/uploads\/2020\/09\/100324-18_6715\u00a9Paula-Johas-150x150.jpg","width":150,"height":150},"medium":{"url":"https:\/\/construcaocivil.siriusmarketingedesign.com.br\/wp-content\/uploads\/2020\/09\/100324-18_6715\u00a9Paula-Johas-300x200.jpg","width":300,"height":200},"medium_large":{"url":"https:\/\/construcaocivil.siriusmarketingedesign.com.br\/wp-content\/uploads\/2020\/09\/100324-18_6715\u00a9Paula-Johas-768x512.jpg","width":768,"height":512},"large":{"url":"https:\/\/construcaocivil.siriusmarketingedesign.com.br\/wp-content\/uploads\/2020\/09\/100324-18_6715\u00a9Paula-Johas-1024x683.jpg","width":1024,"height":683},"full":{"url":"https:\/\/construcaocivil.siriusmarketingedesign.com.br\/wp-content\/uploads\/2020\/09\/100324-18_6715\u00a9Paula-Johas-scaled.jpg","width":2560,"height":1707}},"spectra_blocks_author_info":{"display_name":"Jornal da Constru\u00e7\u00e3o Civil","avatar_url":"https:\/\/secure.gravatar.com\/avatar\/973c9774fd44ddaceb026973c4962faa70fc512bc4c9da68e8ebb40fecee6540?s=96&d=mm&r=g","author_link":"https:\/\/construcaocivil.siriusmarketingedesign.com.br\/?author=1","description":"Desde de 2013, levando muitas informa\u00e7\u00f5es, lan\u00e7amentos e produtos de qualidade para toda cadeia produtiva da constru\u00e7\u00e3o. O Futuro da constru\u00e7\u00e3o passa por aqui,"},"uagb_featured_image_src":{"full":["https:\/\/construcaocivil.siriusmarketingedesign.com.br\/wp-content\/uploads\/2020\/09\/100324-18_6715\u00a9Paula-Johas-scaled.jpg",2560,1707,false],"thumbnail":["https:\/\/construcaocivil.siriusmarketingedesign.com.br\/wp-content\/uploads\/2020\/09\/100324-18_6715\u00a9Paula-Johas-150x150.jpg",150,150,true],"medium":["https:\/\/construcaocivil.siriusmarketingedesign.com.br\/wp-content\/uploads\/2020\/09\/100324-18_6715\u00a9Paula-Johas-300x200.jpg",300,200,true],"medium_large":["https:\/\/construcaocivil.siriusmarketingedesign.com.br\/wp-content\/uploads\/2020\/09\/100324-18_6715\u00a9Paula-Johas-768x512.jpg",768,512,true],"large":["https:\/\/construcaocivil.siriusmarketingedesign.com.br\/wp-content\/uploads\/2020\/09\/100324-18_6715\u00a9Paula-Johas-1024x683.jpg",1024,683,true],"1536x1536":["https:\/\/construcaocivil.siriusmarketingedesign.com.br\/wp-content\/uploads\/2020\/09\/100324-18_6715\u00a9Paula-Johas-1536x1024.jpg",1536,1024,true],"2048x2048":["https:\/\/construcaocivil.siriusmarketingedesign.com.br\/wp-content\/uploads\/2020\/09\/100324-18_6715\u00a9Paula-Johas-2048x1365.jpg",2048,1365,true]},"uagb_author_info":{"display_name":"Jornal da Constru\u00e7\u00e3o Civil","author_link":"https:\/\/construcaocivil.siriusmarketingedesign.com.br\/?author=1"},"uagb_comment_info":0,"uagb_excerpt":"Setembro, 2020 &#8211; A Firjan SENAI\u00a0oferece\u00a04.631 vagas gratuitas\u00a0para\u00a0cursos da modalidade qualifica\u00e7\u00e3o profissional totalmente a dist\u00e2ncia\u00a0em todo o estado do Rio. As oportunidades s\u00e3o\u00a0para o p\u00fablico em geral, com\u00a0renda familiar mensal per capita de no m\u00e1ximo 1,5 sal\u00e1rio m\u00ednimo federal. J\u00e1 os pr\u00e9-requisitos de\u00a0idade e escolaridade s\u00e3o de acordo com cada t\u00edtulo.\u00a0As inscri\u00e7\u00f5es devem ser realizadas&hellip;","_links":{"self":[{"href":"https:\/\/construcaocivil.siriusmarketingedesign.com.br\/index.php?rest_route=\/wp\/v2\/posts\/14594","targetHints":{"allow":["GET"]}}],"collection":[{"href":"https:\/\/construcaocivil.siriusmarketingedesign.com.br\/index.php?rest_route=\/wp\/v2\/posts"}],"about":[{"href":"https:\/\/construcaocivil.siriusmarketingedesign.com.br\/index.php?rest_route=\/wp\/v2\/types\/post"}],"author":[{"embeddable":true,"href":"https:\/\/construcaocivil.siriusmarketingedesign.com.br\/index.php?rest_route=\/wp\/v2\/users\/1"}],"replies":[{"embeddable":true,"href":"https:\/\/construcaocivil.siriusmarketingedesign.com.br\/index.php?rest_route=%2Fwp%2Fv2%2Fcomments&post=14594"}],"version-history":[{"count":0,"href":"https:\/\/construcaocivil.siriusmarketingedesign.com.br\/index.php?rest_route=\/wp\/v2\/posts\/14594\/revisions"}],"wp:featuredmedia":[{"embeddable":true,"href":"https:\/\/construcaocivil.siriusmarketingedesign.com.br\/index.php?rest_route=\/wp\/v2\/media\/14595"}],"wp:attachment":[{"href":"https:\/\/construcaocivil.siriusmarketingedesign.com.br\/index.php?rest_route=%2Fwp%2Fv2%2Fmedia&parent=14594"}],"wp:term":[{"taxonomy":"category","embeddable":true,"href":"https:\/\/construcaocivil.siriusmarketingedesign.com.br\/index.php?rest_route=%2Fwp%2Fv2%2Fcategories&post=14594"},{"taxonomy":"post_tag","embeddable":true,"href":"https:\/\/construcaocivil.siriusmarketingedesign.com.br\/index.php?rest_route=%2Fwp%2Fv2%2Ftags&post=14594"}],"curies":[{"name":"wp","href":"https:\/\/api.w.org\/{rel}","templated":true}]}}