{"id":14600,"date":"2020-09-22T23:22:34","date_gmt":"2020-09-23T02:22:34","guid":{"rendered":"https:\/\/www.jornaldaconstrucaocivil.com.br\/?p=14600"},"modified":"2020-09-22T23:22:34","modified_gmt":"2020-09-23T02:22:34","slug":"mercado-de-trabalho-com-a-cara-do-brasil-abertas-inscricoes-do-afro-presenca-evento-para-inclusao-de-universitarios-negras-e-negros-no-mercado-de-trabalho","status":"publish","type":"post","link":"https:\/\/construcaocivil.siriusmarketingedesign.com.br\/?p=14600","title":{"rendered":"Mercado de trabalho com a cara do Brasil: Abertas inscri\u00e7\u00f5es do Afro Presen\u00e7a, evento para inclus\u00e3o de universit\u00e1rios negras e negros no mercado de trabalho"},"content":{"rendered":"<div style=\"text-align: justify;\"><span style=\"color: #993300;\">Setembro de 2020<\/span> &#8211; Est\u00e3o abertas as inscri\u00e7\u00f5es para o encontro virtual AFRO PRESEN\u00c7A, que acontece nos dias 30 de setembro, 1 e 2 de outubro de 2020. O evento,100% online e gratuito, \u00e9 voltado para a inclus\u00e3o de jovens negros e negras universit\u00e1rios no mercado formal de trabalho. O Afro Presen\u00e7a \u00e9 idealizado e coordenado pelo Minist\u00e9rio P\u00fablico do Trabalho e tem realiza\u00e7\u00e3o do Pacto Global da ONU. A iniciativa tem apoio do poder p\u00fablico, da iniciativa privada e da sociedade civil.<\/p>\n<\/div>\n<div style=\"text-align: justify;\">Os participantes ter\u00e3o acesso a vagas de trabalho Para participar, basta acessar o site\u00a0<span style=\"color: #0000ff;\"><a style=\"color: #0000ff;\" href=\"http:\/\/www.afropresenca.com.br\/\" target=\"_blank\" rel=\"noopener noreferrer\" data-saferedirecturl=\"https:\/\/www.google.com\/url?q=http:\/\/www.afropresenca.com.br&amp;source=gmail&amp;ust=1600910332498000&amp;usg=AFQjCNGO7yxSS6HDN_3Zt-vKDIkjbo5uMw\">http:\/\/www.afropresenca.com.br<\/a>\u00a0<\/span>e preencher o formul\u00e1rio de inscri\u00e7\u00e3o. As inscri\u00e7\u00f5es estar\u00e3o abertas at\u00e9 o final do evento (02 de outubro).<\/p>\n<\/div>\n<div style=\"text-align: justify;\">Nos tr\u00eas dias de evento ser\u00e3o oferecidas oficinas de recursos humanos, pain\u00e9is com universidades, empresas, ag\u00eancias de publicidades e escrit\u00f3rios de advocacia, al\u00e9m de promo\u00e7\u00e3o de debates com a sociedade sobre o mercado de trabalho onde negras e negros precisam ser inseridos, com o apoio de entidades, organismos internacionais e nacionais.<\/p>\n<\/div>\n<div style=\"text-align: justify;\">As empresas apoiadoras da Afro presen\u00e7a s\u00e3o: Ambev, Anima, Basf, Bayer, Belgo, Bradesco, B2W, Coca Cola, Colgate, EF, Febraban, Google, Ita\u00fa, John Deere, JP Morgan, LinkedIn, Mattos Filho Advogados, Natura, PWC, Santander, Suzano, TIM, TOTVS, Unilever, Vivo, White Martins e YDUQS.<\/p>\n<\/div>\n<div style=\"text-align: justify;\">S\u00e3o parceiros dessa a\u00e7\u00e3o os movimentos sociais Educafro, Geled\u00e9s Instituto da Mulher Negra, Movimento Negro Unificado, Uneafro Brasil e Unegro. Tamb\u00e9m participam da iniciativa a 99jobs, Prefeitura de S\u00e3o Paulo, Centro de Integra\u00e7\u00e3o Empresa-Escola (CIEE), Black Influence, Empodera, Empregue Afro, Eureca, Fecap, Gest\u00e3o Kair\u00f3s, Grupo Cia de Talentos, Ideal H+K Strategies, Macho Meyer, OAB, PUC-SP, Revista Ra\u00e7a, Squid, Tribal Wordlwide, UFABC, UFBA, Y&amp;R Brasil, entre outros.<\/p>\n<\/div>\n<div style=\"text-align: justify;\"><span style=\"color: #993300;\"><strong>Cronograma:<\/strong><\/span><\/p>\n<\/div>\n<div style=\"text-align: justify;\"><strong>30\/09<\/strong><\/div>\n<div style=\"text-align: justify;\">A programa\u00e7\u00e3o englobar\u00e1\u00a0os temas de: racismo estrutural empresarial, universidade e inclus\u00e3o, escolhe profissional e ferramentas de autoconhecimento, jornalismo, marketing, artes c\u00eanicas, educa\u00e7\u00e3o f\u00edsica, rela\u00e7\u00f5es internacionais, economia, farm\u00e1cia, ci\u00eancia, combate ao racismo no futebol, impacto da crise de COVID-19 para a popula\u00e7\u00e3o negra, letramento racial, entre outros.<\/p>\n<\/div>\n<div style=\"text-align: justify;\"><strong>01\/10<\/strong><\/div>\n<div style=\"text-align: justify;\">A programa\u00e7\u00e3o englobar\u00e1 os temas de: advocacia, turismo, , gastronomia, mercado de luxo, ind\u00fastria qu\u00edmica, telecomunica\u00e7\u00f5es, tecnologia, mitos e verdades em processos seletivos, , como usar o LinkedIn, pol\u00edticas de a\u00e7\u00f5es afirmativas, entre outros.<\/p>\n<\/div>\n<div style=\"text-align: justify;\"><strong>02\/10<\/strong><\/div>\n<div style=\"text-align: justify;\">A programa\u00e7\u00e3o englobar\u00e1 os temas de: sa\u00fade, expoentes negros na medicina, , engenharia e constru\u00e7\u00e3o, arquitetura e urbanismo, agroneg\u00f3cio, , RH, ind\u00fastria, igualdade de oportunidade e estrat\u00e9gias para combater o racismo institucional, LGBTQ+ sob a perspectiva negra e um show de encerramento.<\/p>\n<\/div>\n<div style=\"text-align: justify;\">O evento acontecer\u00e1 entre \u00e0s 9h e 21h nos tr\u00eas dias.<\/p>\n<\/div>\n<div style=\"text-align: justify;\">Para maiores informa\u00e7\u00f5es e inscri\u00e7\u00f5es acesse:<span style=\"color: #0000ff;\">\u00a0<a style=\"color: #0000ff;\" href=\"http:\/\/www.afropresenca.com.br\/\" target=\"_blank\" rel=\"noopener noreferrer\" data-saferedirecturl=\"https:\/\/www.google.com\/url?q=http:\/\/www.afropresenca.com.br&amp;source=gmail&amp;ust=1600910332498000&amp;usg=AFQjCNGO7yxSS6HDN_3Zt-vKDIkjbo5uMw\">www.afropresenca.com.br<\/a><\/span><\/div>\n","protected":false},"excerpt":{"rendered":"<p>Setembro de 2020 &#8211; Est\u00e3o abertas as inscri\u00e7\u00f5es para o encontro virtual AFRO PRESEN\u00c7A, que acontece nos dias 30 de setembro, 1 e 2 de outubro de 2020. O evento,100% online e gratuito, \u00e9 voltado para a inclus\u00e3o de jovens negros e negras universit\u00e1rios no mercado formal de trabalho. O Afro Presen\u00e7a \u00e9 idealizado e [&hellip;]<\/p>\n","protected":false},"author":1,"featured_media":14601,"comment_status":"open","ping_status":"open","sticky":false,"template":"","format":"standard","meta":{"_uag_custom_page_level_css":"","footnotes":""},"categories":[27],"tags":[13251,1307,19456,19459,19458,7735,7934,19457,11347,18729],"class_list":["post-14600","post","type-post","status-publish","format-standard","has-post-thumbnail","hentry","category-acontece","tag-arcelormittal","tag-basf","tag-empregos-para-negros","tag-john-deere-maquinas-para-construcao","tag-ministerio-publico-do-trabalho-sp","tag-ministerio-publico-federal","tag-mpf","tag-onu-nacoes-unidas","tag-solucoes-quimicas","tag-vidas-negras-importam"],"blocksy_meta":[],"spectra_blocks_featured_image_url":{"thumbnail":{"url":"https:\/\/construcaocivil.siriusmarketingedesign.com.br\/wp-content\/uploads\/2020\/09\/AFRO-IMAGEM-150x150.jpg","width":150,"height":150},"medium":{"url":"https:\/\/construcaocivil.siriusmarketingedesign.com.br\/wp-content\/uploads\/2020\/09\/AFRO-IMAGEM-300x154.jpg","width":300,"height":154},"medium_large":{"url":"https:\/\/construcaocivil.siriusmarketingedesign.com.br\/wp-content\/uploads\/2020\/09\/AFRO-IMAGEM.jpg","width":313,"height":161},"large":{"url":"https:\/\/construcaocivil.siriusmarketingedesign.com.br\/wp-content\/uploads\/2020\/09\/AFRO-IMAGEM.jpg","width":313,"height":161},"full":{"url":"https:\/\/construcaocivil.siriusmarketingedesign.com.br\/wp-content\/uploads\/2020\/09\/AFRO-IMAGEM.jpg","width":313,"height":161}},"spectra_blocks_author_info":{"display_name":"Jornal da Constru\u00e7\u00e3o Civil","avatar_url":"https:\/\/secure.gravatar.com\/avatar\/973c9774fd44ddaceb026973c4962faa70fc512bc4c9da68e8ebb40fecee6540?s=96&d=mm&r=g","author_link":"https:\/\/construcaocivil.siriusmarketingedesign.com.br\/?author=1","description":"Desde de 2013, levando muitas informa\u00e7\u00f5es, lan\u00e7amentos e produtos de qualidade para toda cadeia produtiva da constru\u00e7\u00e3o. O Futuro da constru\u00e7\u00e3o passa por aqui,"},"uagb_featured_image_src":{"full":["https:\/\/construcaocivil.siriusmarketingedesign.com.br\/wp-content\/uploads\/2020\/09\/AFRO-IMAGEM.jpg",313,161,false],"thumbnail":["https:\/\/construcaocivil.siriusmarketingedesign.com.br\/wp-content\/uploads\/2020\/09\/AFRO-IMAGEM-150x150.jpg",150,150,true],"medium":["https:\/\/construcaocivil.siriusmarketingedesign.com.br\/wp-content\/uploads\/2020\/09\/AFRO-IMAGEM-300x154.jpg",300,154,true],"medium_large":["https:\/\/construcaocivil.siriusmarketingedesign.com.br\/wp-content\/uploads\/2020\/09\/AFRO-IMAGEM.jpg",313,161,false],"large":["https:\/\/construcaocivil.siriusmarketingedesign.com.br\/wp-content\/uploads\/2020\/09\/AFRO-IMAGEM.jpg",313,161,false],"1536x1536":["https:\/\/construcaocivil.siriusmarketingedesign.com.br\/wp-content\/uploads\/2020\/09\/AFRO-IMAGEM.jpg",313,161,false],"2048x2048":["https:\/\/construcaocivil.siriusmarketingedesign.com.br\/wp-content\/uploads\/2020\/09\/AFRO-IMAGEM.jpg",313,161,false]},"uagb_author_info":{"display_name":"Jornal da Constru\u00e7\u00e3o Civil","author_link":"https:\/\/construcaocivil.siriusmarketingedesign.com.br\/?author=1"},"uagb_comment_info":0,"uagb_excerpt":"Setembro de 2020 &#8211; Est\u00e3o abertas as inscri\u00e7\u00f5es para o encontro virtual AFRO PRESEN\u00c7A, que acontece nos dias 30 de setembro, 1 e 2 de outubro de 2020. O evento,100% online e gratuito, \u00e9 voltado para a inclus\u00e3o de jovens negros e negras universit\u00e1rios no mercado formal de trabalho. O Afro Presen\u00e7a \u00e9 idealizado e&hellip;","_links":{"self":[{"href":"https:\/\/construcaocivil.siriusmarketingedesign.com.br\/index.php?rest_route=\/wp\/v2\/posts\/14600","targetHints":{"allow":["GET"]}}],"collection":[{"href":"https:\/\/construcaocivil.siriusmarketingedesign.com.br\/index.php?rest_route=\/wp\/v2\/posts"}],"about":[{"href":"https:\/\/construcaocivil.siriusmarketingedesign.com.br\/index.php?rest_route=\/wp\/v2\/types\/post"}],"author":[{"embeddable":true,"href":"https:\/\/construcaocivil.siriusmarketingedesign.com.br\/index.php?rest_route=\/wp\/v2\/users\/1"}],"replies":[{"embeddable":true,"href":"https:\/\/construcaocivil.siriusmarketingedesign.com.br\/index.php?rest_route=%2Fwp%2Fv2%2Fcomments&post=14600"}],"version-history":[{"count":0,"href":"https:\/\/construcaocivil.siriusmarketingedesign.com.br\/index.php?rest_route=\/wp\/v2\/posts\/14600\/revisions"}],"wp:featuredmedia":[{"embeddable":true,"href":"https:\/\/construcaocivil.siriusmarketingedesign.com.br\/index.php?rest_route=\/wp\/v2\/media\/14601"}],"wp:attachment":[{"href":"https:\/\/construcaocivil.siriusmarketingedesign.com.br\/index.php?rest_route=%2Fwp%2Fv2%2Fmedia&parent=14600"}],"wp:term":[{"taxonomy":"category","embeddable":true,"href":"https:\/\/construcaocivil.siriusmarketingedesign.com.br\/index.php?rest_route=%2Fwp%2Fv2%2Fcategories&post=14600"},{"taxonomy":"post_tag","embeddable":true,"href":"https:\/\/construcaocivil.siriusmarketingedesign.com.br\/index.php?rest_route=%2Fwp%2Fv2%2Ftags&post=14600"}],"curies":[{"name":"wp","href":"https:\/\/api.w.org\/{rel}","templated":true}]}}