{"id":14603,"date":"2020-09-23T20:20:03","date_gmt":"2020-09-23T23:20:03","guid":{"rendered":"https:\/\/www.jornaldaconstrucaocivil.com.br\/?p=14603"},"modified":"2020-09-23T20:20:03","modified_gmt":"2020-09-23T23:20:03","slug":"telefonia-movel-com-leilao-arrecadatorio-o-5g-nao-acontecera-no-brasil","status":"publish","type":"post","link":"https:\/\/construcaocivil.siriusmarketingedesign.com.br\/?p=14603","title":{"rendered":"Telefonia m\u00f3vel: Com leil\u00e3o arrecadat\u00f3rio, o 5G n\u00e3o acontecer\u00e1 no Brasil"},"content":{"rendered":"<p><span style=\"color: #993300;\">Ag\u00eancia Telebrasil<\/span><\/p>\n<p style=\"text-align: justify;\">Setembro, 2020 &#8211; Se o governo definir que vai arrecadar com o leil\u00e3o, o 5G n\u00e3o acontecer\u00e1 no Brasil, advertiu o vice-presidente de Assuntos Regulat\u00f3rios da TIM Brasil, Mario Girasole, ao participar da sess\u00e3o especial: O modelo de leil\u00e3o do 5G no Brasil, nesta ter\u00e7a-feira, 22\/09, no Painel Telebrasil 2020. De acordo com o executivo, o Brasil vai leiloar mais de 500 Mhz de espectro, uma gigantesca oportunidade, uma vez que em quase 20 anos, as operadoras det\u00eam 500 Mhz de espectro. Mas adverte: \u00e9 preciso tratar da infraestrutura passiva.<\/p>\n<figure id=\"attachment_14604\" aria-describedby=\"caption-attachment-14604\" style=\"width: 300px\" class=\"wp-caption alignleft\"><img loading=\"lazy\" decoding=\"async\" class=\"size-medium wp-image-14604\" src=\"https:\/\/www.jornaldaconstrucaocivil.com.br\/wp-content\/uploads\/2020\/09\/TIM-300x169.jpg\" alt=\"\" width=\"300\" height=\"169\" srcset=\"https:\/\/construcaocivil.siriusmarketingedesign.com.br\/wp-content\/uploads\/2020\/09\/TIM-300x169.jpg 300w, https:\/\/construcaocivil.siriusmarketingedesign.com.br\/wp-content\/uploads\/2020\/09\/TIM.jpg 480w\" sizes=\"auto, (max-width: 300px) 100vw, 300px\" \/><figcaption id=\"caption-attachment-14604\" class=\"wp-caption-text\">Divulga\u00e7\u00e3o<\/figcaption><\/figure>\n<p style=\"text-align: justify;\">&#8220;Temos de falar do mundo das torres, dos dutos, dos postes, do direito de passagem. A infraestrutura passiva se torna dentro do mundo hiper digital um dos gargalos a ser tratado na regula\u00e7\u00e3o&#8221;, ponderou Girasole. O VP da TIM Brasil tamb\u00e9m enfatizou que na medida que o 5G ter\u00e1 uma grande quantidade de recursos para novos servi\u00e7os, inclusive para o network slicing (o fatiamento de rede), ter\u00e1 de existir mudan\u00e7as efetivas na regula\u00e7\u00e3o, uma vez que as normas tamb\u00e9m envelhecem com o passar do tempo.<\/p>\n<p style=\"text-align: justify;\">&#8220;A neutralidade de rede como descrita hoje nas normas brasileiras \u00e9 incompat\u00edvel com o 5G. Temos de encontrar uma forma de garantir a competi\u00e7\u00e3o e a n\u00e3o-discrimina\u00e7\u00e3o, sem que essas medidas sejam um entrave para o adequado uso e desenvolvimento da tecnologia&#8221;, completou Girasole.<\/p>\n<p style=\"text-align: justify;\">O Painel Telebrasil 2020 ter\u00e1 tamb\u00e9m programa\u00e7\u00e3o no dia 29 de setembro. Assista no site\u00a0\u00a0<span style=\"color: #0000ff;\"><a style=\"color: #0000ff;\" href=\"http:\/\/www.paineltelebrasil.org.br\/\">www.paineltelebrasil.org.br<\/a><\/span><\/p>\n","protected":false},"excerpt":{"rendered":"<p>Ag\u00eancia Telebrasil Setembro, 2020 &#8211; Se o governo definir que vai arrecadar com o leil\u00e3o, o 5G n\u00e3o acontecer\u00e1 no Brasil, advertiu o vice-presidente de Assuntos Regulat\u00f3rios da TIM Brasil, Mario Girasole, ao participar da sess\u00e3o especial: O modelo de leil\u00e3o do 5G no Brasil, nesta ter\u00e7a-feira, 22\/09, no Painel Telebrasil 2020. De acordo com [&hellip;]<\/p>\n","protected":false},"author":1,"featured_media":14605,"comment_status":"open","ping_status":"open","sticky":false,"template":"","format":"standard","meta":{"_uag_custom_page_level_css":"","footnotes":""},"categories":[33],"tags":[19465,19462,6096,19464,19463,19460,19461],"class_list":["post-14603","post","type-post","status-publish","format-standard","has-post-thumbnail","hentry","category-mercado","tag-5g-iot","tag-5g-no-brasil","tag-infraestrutura","tag-leilao-5g","tag-leilao-arrecadatorio","tag-telebrasil-2020","tag-tim-brasil"],"blocksy_meta":[],"spectra_blocks_featured_image_url":{"thumbnail":{"url":"https:\/\/construcaocivil.siriusmarketingedesign.com.br\/wp-content\/uploads\/2020\/09\/5G-150x150.jpeg","width":150,"height":150},"medium":{"url":"https:\/\/construcaocivil.siriusmarketingedesign.com.br\/wp-content\/uploads\/2020\/09\/5G-300x146.jpeg","width":300,"height":146},"medium_large":{"url":"https:\/\/construcaocivil.siriusmarketingedesign.com.br\/wp-content\/uploads\/2020\/09\/5G.jpeg","width":768,"height":375},"large":{"url":"https:\/\/construcaocivil.siriusmarketingedesign.com.br\/wp-content\/uploads\/2020\/09\/5G.jpeg","width":768,"height":375},"full":{"url":"https:\/\/construcaocivil.siriusmarketingedesign.com.br\/wp-content\/uploads\/2020\/09\/5G.jpeg","width":768,"height":375}},"spectra_blocks_author_info":{"display_name":"Jornal da Constru\u00e7\u00e3o Civil","avatar_url":"https:\/\/secure.gravatar.com\/avatar\/973c9774fd44ddaceb026973c4962faa70fc512bc4c9da68e8ebb40fecee6540?s=96&d=mm&r=g","author_link":"https:\/\/construcaocivil.siriusmarketingedesign.com.br\/?author=1","description":"Desde de 2013, levando muitas informa\u00e7\u00f5es, lan\u00e7amentos e produtos de qualidade para toda cadeia produtiva da constru\u00e7\u00e3o. O Futuro da constru\u00e7\u00e3o passa por aqui,"},"uagb_featured_image_src":{"full":["https:\/\/construcaocivil.siriusmarketingedesign.com.br\/wp-content\/uploads\/2020\/09\/5G.jpeg",768,375,false],"thumbnail":["https:\/\/construcaocivil.siriusmarketingedesign.com.br\/wp-content\/uploads\/2020\/09\/5G-150x150.jpeg",150,150,true],"medium":["https:\/\/construcaocivil.siriusmarketingedesign.com.br\/wp-content\/uploads\/2020\/09\/5G-300x146.jpeg",300,146,true],"medium_large":["https:\/\/construcaocivil.siriusmarketingedesign.com.br\/wp-content\/uploads\/2020\/09\/5G.jpeg",768,375,false],"large":["https:\/\/construcaocivil.siriusmarketingedesign.com.br\/wp-content\/uploads\/2020\/09\/5G.jpeg",768,375,false],"1536x1536":["https:\/\/construcaocivil.siriusmarketingedesign.com.br\/wp-content\/uploads\/2020\/09\/5G.jpeg",768,375,false],"2048x2048":["https:\/\/construcaocivil.siriusmarketingedesign.com.br\/wp-content\/uploads\/2020\/09\/5G.jpeg",768,375,false]},"uagb_author_info":{"display_name":"Jornal da Constru\u00e7\u00e3o Civil","author_link":"https:\/\/construcaocivil.siriusmarketingedesign.com.br\/?author=1"},"uagb_comment_info":0,"uagb_excerpt":"Ag\u00eancia Telebrasil Setembro, 2020 &#8211; Se o governo definir que vai arrecadar com o leil\u00e3o, o 5G n\u00e3o acontecer\u00e1 no Brasil, advertiu o vice-presidente de Assuntos Regulat\u00f3rios da TIM Brasil, Mario Girasole, ao participar da sess\u00e3o especial: O modelo de leil\u00e3o do 5G no Brasil, nesta ter\u00e7a-feira, 22\/09, no Painel Telebrasil 2020. De acordo com&hellip;","_links":{"self":[{"href":"https:\/\/construcaocivil.siriusmarketingedesign.com.br\/index.php?rest_route=\/wp\/v2\/posts\/14603","targetHints":{"allow":["GET"]}}],"collection":[{"href":"https:\/\/construcaocivil.siriusmarketingedesign.com.br\/index.php?rest_route=\/wp\/v2\/posts"}],"about":[{"href":"https:\/\/construcaocivil.siriusmarketingedesign.com.br\/index.php?rest_route=\/wp\/v2\/types\/post"}],"author":[{"embeddable":true,"href":"https:\/\/construcaocivil.siriusmarketingedesign.com.br\/index.php?rest_route=\/wp\/v2\/users\/1"}],"replies":[{"embeddable":true,"href":"https:\/\/construcaocivil.siriusmarketingedesign.com.br\/index.php?rest_route=%2Fwp%2Fv2%2Fcomments&post=14603"}],"version-history":[{"count":0,"href":"https:\/\/construcaocivil.siriusmarketingedesign.com.br\/index.php?rest_route=\/wp\/v2\/posts\/14603\/revisions"}],"wp:featuredmedia":[{"embeddable":true,"href":"https:\/\/construcaocivil.siriusmarketingedesign.com.br\/index.php?rest_route=\/wp\/v2\/media\/14605"}],"wp:attachment":[{"href":"https:\/\/construcaocivil.siriusmarketingedesign.com.br\/index.php?rest_route=%2Fwp%2Fv2%2Fmedia&parent=14603"}],"wp:term":[{"taxonomy":"category","embeddable":true,"href":"https:\/\/construcaocivil.siriusmarketingedesign.com.br\/index.php?rest_route=%2Fwp%2Fv2%2Fcategories&post=14603"},{"taxonomy":"post_tag","embeddable":true,"href":"https:\/\/construcaocivil.siriusmarketingedesign.com.br\/index.php?rest_route=%2Fwp%2Fv2%2Ftags&post=14603"}],"curies":[{"name":"wp","href":"https:\/\/api.w.org\/{rel}","templated":true}]}}