{"id":14607,"date":"2020-09-24T18:40:13","date_gmt":"2020-09-24T21:40:13","guid":{"rendered":"https:\/\/www.jornaldaconstrucaocivil.com.br\/?p=14607"},"modified":"2020-09-24T18:40:13","modified_gmt":"2020-09-24T21:40:13","slug":"infraestrutura-no-brasil-licitacoes-para-obras-publicas-vao-exigir-a-metodologia-bim-em-2021","status":"publish","type":"post","link":"https:\/\/construcaocivil.siriusmarketingedesign.com.br\/?p=14607","title":{"rendered":"Infraestrutura no Brasil: Licita\u00e7\u00f5es para obras p\u00fablicas v\u00e3o exigir a metodologia BIM em 2021"},"content":{"rendered":"<p class=\"v1ql-align-justify\">A partir de janeiro de 2021, empresas que desejam participar de licita\u00e7\u00f5es de obras e servi\u00e7os de engenharia contratados pelo Governo Federal ter\u00e3o que seguir a metodologia de Modelagem de Informa\u00e7\u00f5es da Constru\u00e7\u00e3o ou\u00a0<em>Building Information Modeling\u00a0<\/em>(BIM) na elabora\u00e7\u00e3o de seus projetos. Para orientar as empresas do setor da constru\u00e7\u00e3o civil a se adequarem a essas novas exig\u00eancias, o Sebrae promove o 3\u00ba Semin\u00e1rio BIM, o SEBIM. Nesta edi\u00e7\u00e3o, o evento ser\u00e1 on-line e realizado entre os dias 28 de setembro e 1\u00ba de outubro. As inscri\u00e7\u00f5es podem ser feitas pelo site\u00a0<span style=\"color: #0000ff;\"><a style=\"color: #0000ff;\" href=\"https:\/\/gateway.pr.comunique-se.com.br\/api\/Campaign\/AddCampaignEmailClick\/a4de4969-424a-4909-33e9-08d85b61a186\/sebim.sebraemg.com.br\/b885ab3d-e51e-451f-17f9-08d7c5ff26d2\/redacao@jornaldaconstrucaocivil.com.br\/True\" target=\"_blank\" rel=\"noopener noreferrer\">sebim.sebraemg.com.br<\/a>.<\/span><\/p>\n<p class=\"v1ql-align-justify\">De acordo com o \u00faltimo decreto, o de n\u00ba 10.306\/2020, publicado em abril, a exig\u00eancia do BIM nas licita\u00e7\u00f5es p\u00fablicas dever\u00e1 ser implantada gradualmente em tr\u00eas fases. A primeira ser\u00e1 dedicada somente a projetos. A partir de 2024, projetos e obras passam a ser feitos somente em BIM. E, a partir de 2028, todas as fases da edifica\u00e7\u00e3o (projetos, obras e p\u00f3s-obras) passam a ser inclu\u00eddas.<\/p>\n<p class=\"v1ql-align-justify\">O BIM n\u00e3o ser\u00e1 propriamente uma obrigatoriedade. Por\u00e9m, as empresas que n\u00e3o o adotarem n\u00e3o est\u00e3o habilitadas a participar de licita\u00e7\u00f5es de obras p\u00fablicas ou atuar como fornecedoras de construtoras e cons\u00f3rcios vencedores de processos licitat\u00f3rios. &#8220;As micro e pequenas empresas que n\u00e3o desejam ser ultrapassadas, nem perderem boas oportunidades de neg\u00f3cios neste nicho de mercado, dever\u00e3o se atualizar e entender como o BIM funciona na pr\u00e1tica&#8221;, explica o presidente do Sebrae Nacional, Carlos Melles.<\/p>\n<p class=\"v1ql-align-justify\">A implanta\u00e7\u00e3o da estrat\u00e9gia BIM traz benef\u00edcios tanto para o governo quanto para o mercado privado. Com a metodologia \u00e9 poss\u00edvel ter um or\u00e7amento mais aproximado da realidade, eliminar desperd\u00edcios e reduzir as chances de atraso na entrega. A estimativa \u00e9 de que 50% das altera\u00e7\u00f5es durante a execu\u00e7\u00e3o das obras podem ser evitadas quando os projetos s\u00e3o concebidos por meio da metodologia. A consequ\u00eancia \u00e9 uma redu\u00e7\u00e3o no tempo de constru\u00e7\u00e3o, que em algumas empresas pode chegar a 30%.<\/p>\n<p class=\"v1ql-align-justify\">&#8220;Com o BIM, o governo ter\u00e1 controle dos gastos, contribuindo com a otimiza\u00e7\u00e3o da aplica\u00e7\u00e3o dos recursos p\u00fablicos e na garantia de um resultado qualificado dessas obras&#8221;, justifica Melles.<\/p>\n<p class=\"v1ql-align-justify\"><strong>Prepara\u00e7\u00e3o<\/strong><\/p>\n<p class=\"v1ql-align-justify\">Com o decreto, veio tamb\u00e9m a urg\u00eancia em investimentos em capacita\u00e7\u00e3o, tanto pelo setor p\u00fablico, que ter\u00e1 de contratar em BIM, quanto do setor privado, que dever\u00e1 estar apto para executar as obras nesse novo modelo.<\/p>\n<p class=\"v1ql-align-justify\">Pensando neste cen\u00e1rio, o Sebrae traz nessa edi\u00e7\u00e3o do SEBIM, especialistas nacionais e internacionais que v\u00e3o apresentar tend\u00eancias e novidades do BIM. Os participantes do evento v\u00e3o conhecer ainda hist\u00f3rias de projetos bem-sucedidos que adotaram a metodologia e tiveram benef\u00edcios como redu\u00e7\u00e3o de custo a m\u00e9dio prazo e ganho de produtividade.<\/p>\n<p class=\"v1ql-align-justify\">O Semin\u00e1rio do BIM \u00e9 uma realiza\u00e7\u00e3o do Sebrae em parceria com a C\u00e2mara Brasileira de BIM (CBIM-MG), Sindicato da Ind\u00fastria da Constru\u00e7\u00e3o Civil no Estado de Minas Gerais (Sinduscon-MG), Associa\u00e7\u00e3o Brasileira de Engenharia de Sistemas Prediais (Abrasip-MG) e Senai\/Fiemg.<\/p>\n<p class=\"v1ql-align-justify\">\n<p class=\"v1ql-align-justify\"><strong>3\u00ba Semin\u00e1rio BIM \u2013 SEBIM<\/strong><\/p>\n<p class=\"v1ql-align-justify\">De 28 de setembro a 1\u00ba de outubro<\/p>\n<p class=\"v1ql-align-justify\">Transmiss\u00e3o on-line e ao vivo<\/p>\n<p class=\"v1ql-align-justify\">Informa\u00e7\u00f5es e inscri\u00e7\u00e3o:<span style=\"color: #0000ff;\">\u00a0<a style=\"color: #0000ff;\" href=\"https:\/\/gateway.pr.comunique-se.com.br\/api\/Campaign\/AddCampaignEmailClick\/a4de4969-424a-4909-33e9-08d85b61a186\/https%253a%252f%252fsebim.sebraemg.com.br%252f\/b885ab3d-e51e-451f-17f9-08d7c5ff26d2\/redacao@jornaldaconstrucaocivil.com.br\/True\" target=\"_blank\" rel=\"noopener noreferrer\">https:\/\/sebim.sebraemg.com.br<\/a><\/span><\/p>\n","protected":false},"excerpt":{"rendered":"<p>A partir de janeiro de 2021, empresas que desejam participar de licita\u00e7\u00f5es de obras e servi\u00e7os de engenharia contratados pelo Governo Federal ter\u00e3o que seguir a metodologia de Modelagem de Informa\u00e7\u00f5es da Constru\u00e7\u00e3o ou\u00a0Building Information Modeling\u00a0(BIM) na elabora\u00e7\u00e3o de seus projetos. Para orientar as empresas do setor da constru\u00e7\u00e3o civil a se adequarem a essas [&hellip;]<\/p>\n","protected":false},"author":1,"featured_media":14608,"comment_status":"open","ping_status":"open","sticky":false,"template":"","format":"standard","meta":{"_uag_custom_page_level_css":"","footnotes":""},"categories":[27],"tags":[19466,19469,1340,14904,19468,19467,8393],"class_list":["post-14607","post","type-post","status-publish","format-standard","has-post-thumbnail","hentry","category-acontece","tag-3o-seminario-bim-sebim","tag-abrasip-mg","tag-belo-horizonte-mg","tag-bim-projetos-aec","tag-investimentos-urgente-bim","tag-licitacoes-para-obras-publicas","tag-obras-publicas"],"blocksy_meta":[],"spectra_blocks_featured_image_url":{"thumbnail":{"url":"https:\/\/construcaocivil.siriusmarketingedesign.com.br\/wp-content\/uploads\/2020\/09\/BIM-BB-150x150.jpg","width":150,"height":150},"medium":{"url":"https:\/\/construcaocivil.siriusmarketingedesign.com.br\/wp-content\/uploads\/2020\/09\/BIM-BB-300x300.jpg","width":300,"height":300},"medium_large":{"url":"https:\/\/construcaocivil.siriusmarketingedesign.com.br\/wp-content\/uploads\/2020\/09\/BIM-BB.jpg","width":514,"height":514},"large":{"url":"https:\/\/construcaocivil.siriusmarketingedesign.com.br\/wp-content\/uploads\/2020\/09\/BIM-BB.jpg","width":514,"height":514},"full":{"url":"https:\/\/construcaocivil.siriusmarketingedesign.com.br\/wp-content\/uploads\/2020\/09\/BIM-BB.jpg","width":514,"height":514}},"spectra_blocks_author_info":{"display_name":"Jornal da Constru\u00e7\u00e3o Civil","avatar_url":"https:\/\/secure.gravatar.com\/avatar\/973c9774fd44ddaceb026973c4962faa70fc512bc4c9da68e8ebb40fecee6540?s=96&d=mm&r=g","author_link":"https:\/\/construcaocivil.siriusmarketingedesign.com.br\/?author=1","description":"Desde de 2013, levando muitas informa\u00e7\u00f5es, lan\u00e7amentos e produtos de qualidade para toda cadeia produtiva da constru\u00e7\u00e3o. O Futuro da constru\u00e7\u00e3o passa por aqui,"},"uagb_featured_image_src":{"full":["https:\/\/construcaocivil.siriusmarketingedesign.com.br\/wp-content\/uploads\/2020\/09\/BIM-BB.jpg",514,514,false],"thumbnail":["https:\/\/construcaocivil.siriusmarketingedesign.com.br\/wp-content\/uploads\/2020\/09\/BIM-BB-150x150.jpg",150,150,true],"medium":["https:\/\/construcaocivil.siriusmarketingedesign.com.br\/wp-content\/uploads\/2020\/09\/BIM-BB-300x300.jpg",300,300,true],"medium_large":["https:\/\/construcaocivil.siriusmarketingedesign.com.br\/wp-content\/uploads\/2020\/09\/BIM-BB.jpg",514,514,false],"large":["https:\/\/construcaocivil.siriusmarketingedesign.com.br\/wp-content\/uploads\/2020\/09\/BIM-BB.jpg",514,514,false],"1536x1536":["https:\/\/construcaocivil.siriusmarketingedesign.com.br\/wp-content\/uploads\/2020\/09\/BIM-BB.jpg",514,514,false],"2048x2048":["https:\/\/construcaocivil.siriusmarketingedesign.com.br\/wp-content\/uploads\/2020\/09\/BIM-BB.jpg",514,514,false]},"uagb_author_info":{"display_name":"Jornal da Constru\u00e7\u00e3o Civil","author_link":"https:\/\/construcaocivil.siriusmarketingedesign.com.br\/?author=1"},"uagb_comment_info":0,"uagb_excerpt":"A partir de janeiro de 2021, empresas que desejam participar de licita\u00e7\u00f5es de obras e servi\u00e7os de engenharia contratados pelo Governo Federal ter\u00e3o que seguir a metodologia de Modelagem de Informa\u00e7\u00f5es da Constru\u00e7\u00e3o ou\u00a0Building Information Modeling\u00a0(BIM) na elabora\u00e7\u00e3o de seus projetos. Para orientar as empresas do setor da constru\u00e7\u00e3o civil a se adequarem a essas&hellip;","_links":{"self":[{"href":"https:\/\/construcaocivil.siriusmarketingedesign.com.br\/index.php?rest_route=\/wp\/v2\/posts\/14607","targetHints":{"allow":["GET"]}}],"collection":[{"href":"https:\/\/construcaocivil.siriusmarketingedesign.com.br\/index.php?rest_route=\/wp\/v2\/posts"}],"about":[{"href":"https:\/\/construcaocivil.siriusmarketingedesign.com.br\/index.php?rest_route=\/wp\/v2\/types\/post"}],"author":[{"embeddable":true,"href":"https:\/\/construcaocivil.siriusmarketingedesign.com.br\/index.php?rest_route=\/wp\/v2\/users\/1"}],"replies":[{"embeddable":true,"href":"https:\/\/construcaocivil.siriusmarketingedesign.com.br\/index.php?rest_route=%2Fwp%2Fv2%2Fcomments&post=14607"}],"version-history":[{"count":0,"href":"https:\/\/construcaocivil.siriusmarketingedesign.com.br\/index.php?rest_route=\/wp\/v2\/posts\/14607\/revisions"}],"wp:featuredmedia":[{"embeddable":true,"href":"https:\/\/construcaocivil.siriusmarketingedesign.com.br\/index.php?rest_route=\/wp\/v2\/media\/14608"}],"wp:attachment":[{"href":"https:\/\/construcaocivil.siriusmarketingedesign.com.br\/index.php?rest_route=%2Fwp%2Fv2%2Fmedia&parent=14607"}],"wp:term":[{"taxonomy":"category","embeddable":true,"href":"https:\/\/construcaocivil.siriusmarketingedesign.com.br\/index.php?rest_route=%2Fwp%2Fv2%2Fcategories&post=14607"},{"taxonomy":"post_tag","embeddable":true,"href":"https:\/\/construcaocivil.siriusmarketingedesign.com.br\/index.php?rest_route=%2Fwp%2Fv2%2Ftags&post=14607"}],"curies":[{"name":"wp","href":"https:\/\/api.w.org\/{rel}","templated":true}]}}