{"id":14610,"date":"2020-09-25T14:59:27","date_gmt":"2020-09-25T17:59:27","guid":{"rendered":"https:\/\/www.jornaldaconstrucaocivil.com.br\/?p=14610"},"modified":"2020-09-25T14:59:27","modified_gmt":"2020-09-25T17:59:27","slug":"plaenge-lanca-empreendimento-de-alto-padrao-com-320m%c2%b2-no-ecoville","status":"publish","type":"post","link":"https:\/\/construcaocivil.siriusmarketingedesign.com.br\/?p=14610","title":{"rendered":"Plaenge lan\u00e7a empreendimento de alto padr\u00e3o com 320m\u00b2 no Ecoville"},"content":{"rendered":"<p style=\"text-align: justify;\"><span style=\"color: #993300;\">Setembro, 2020<\/span> &#8211; A construtora Plaenge, que completa 50 anos em 2020, anuncia oficialmente hoje em setembro, seu mais novo empreendimento de alto padr\u00e3o: o Experience, no Ecoville. Cercadas por um bosque de mais de 3 mil m\u00b2, as 23 unidades foram projetadas especialmente para inspirar luxo e eleg\u00e2ncia em cada um dos seus 320m\u00b2.<\/p>\n<p style=\"text-align: justify;\">\u201cO empreendimento foi pensado para oferecer o m\u00e1ximo de cada ambiente e \u00e9 excelente para fam\u00edlias que n\u00e3o abrem m\u00e3o da sensa\u00e7\u00e3o de amplitude e aconchego das casas, mas que tamb\u00e9m desejam a praticidade, a seguran\u00e7a e a privacidade de um apartamento\u201d, destaca Luiz Gustavo Salv\u00e1tico \u2013 gerente regional da Plaenge.<\/p>\n<figure id=\"attachment_14612\" aria-describedby=\"caption-attachment-14612\" style=\"width: 200px\" class=\"wp-caption alignleft\"><img loading=\"lazy\" decoding=\"async\" class=\"size-medium wp-image-14612\" src=\"https:\/\/www.jornaldaconstrucaocivil.com.br\/wp-content\/uploads\/2020\/09\/IMG-1770-200x300.jpg\" alt=\"\" width=\"200\" height=\"300\" srcset=\"https:\/\/construcaocivil.siriusmarketingedesign.com.br\/wp-content\/uploads\/2020\/09\/IMG-1770-200x300.jpg 200w, https:\/\/construcaocivil.siriusmarketingedesign.com.br\/wp-content\/uploads\/2020\/09\/IMG-1770-682x1024.jpg 682w, https:\/\/construcaocivil.siriusmarketingedesign.com.br\/wp-content\/uploads\/2020\/09\/IMG-1770-768x1152.jpg 768w, https:\/\/construcaocivil.siriusmarketingedesign.com.br\/wp-content\/uploads\/2020\/09\/IMG-1770.jpg 933w\" sizes=\"auto, (max-width: 200px) 100vw, 200px\" \/><figcaption id=\"caption-attachment-14612\" class=\"wp-caption-text\">Plaenge\/Divulga\u00e7\u00e3o<\/figcaption><\/figure>\n<p style=\"text-align: justify;\">Com op\u00e7\u00f5es flex\u00edveis de planta, o lan\u00e7amento comporta at\u00e9 quatro dormit\u00f3rios, todos com su\u00edte, gra\u00e7as ao m\u00e9todo de aproveitamento inteligente de espa\u00e7os, desenvolvido pela marca em parceria com a Bohrer Arquitetura, que assina os projetos de interiores e fachadas da Plaenge h\u00e1 mais de dez anos. Outros diferenciais s\u00e3o os espa\u00e7os previstos para adega, rouparia e office e o acabamento de alto padr\u00e3o, j\u00e1 caracter\u00edstico da construtora.<\/p>\n<p style=\"text-align: justify;\">E para quem tem curiosidade de saber como o apartamento \u00e9 entregue, a Plaenge j\u00e1 adianta alguns detalhes: guarda corpo panor\u00e2mico e esquadrias full glass com tratamento ac\u00fastico; persianas automatizadas com controle remoto nas su\u00edtes, com blackout na su\u00edte master; ducha higi\u00eanica com \u00e1gua quente nos banhos das su\u00edtes e lavabo; infraestrutura para banheira de imers\u00e3o, toalheiro el\u00e9trico e desemba\u00e7ador de espelhos; piso aquecido nos banheiros das su\u00edtes e nichos esculpidos nos box dos banheiros; sistema de aquecimento de \u00e1gua inteligente, com dois aquecedores e recircula\u00e7\u00e3o; infraestrutura para instala\u00e7\u00e3o de at\u00e9 dez pontos de ar condicionado split; bancada em quartzo branco na su\u00edte master e lavabos e nas outras su\u00edtes, em granito preto absoluto; porcelanato acetinado na \u00e1rea social, cozinha e \u00e1rea de servi\u00e7o; piso em madeira engenheirada nos outros c\u00f4modos; lou\u00e7as e metais Kohler nas su\u00edtes e lavabos; fechadura digital na \u00e1rea de servi\u00e7o; infraestrutura para som na varanda, gourmet, living e sala de jantar ; tomadas USB nas su\u00edtes, living e escrit\u00f3rio; infraestrutura para wifi em 100% do apartamento; infraestrutura para automa\u00e7\u00e3o de cenas de ilumina\u00e7\u00e3o e fechamento de persianas; infraestrutura para aspira\u00e7\u00e3o central e triturador.<\/p>\n<figure id=\"attachment_14613\" aria-describedby=\"caption-attachment-14613\" style=\"width: 150px\" class=\"wp-caption alignright\"><img loading=\"lazy\" decoding=\"async\" class=\"size-medium wp-image-14613\" src=\"https:\/\/www.jornaldaconstrucaocivil.com.br\/wp-content\/uploads\/2020\/09\/experience-3--150x300.jpg\" alt=\"\" width=\"150\" height=\"300\" srcset=\"https:\/\/construcaocivil.siriusmarketingedesign.com.br\/wp-content\/uploads\/2020\/09\/experience-3--150x300.jpg 150w, https:\/\/construcaocivil.siriusmarketingedesign.com.br\/wp-content\/uploads\/2020\/09\/experience-3--512x1024.jpg 512w, https:\/\/construcaocivil.siriusmarketingedesign.com.br\/wp-content\/uploads\/2020\/09\/experience-3--768x1536.jpg 768w, https:\/\/construcaocivil.siriusmarketingedesign.com.br\/wp-content\/uploads\/2020\/09\/experience-3--1024x2048.jpg 1024w, https:\/\/construcaocivil.siriusmarketingedesign.com.br\/wp-content\/uploads\/2020\/09\/experience-3--scaled.jpg 1280w\" sizes=\"auto, (max-width: 150px) 100vw, 150px\" \/><figcaption id=\"caption-attachment-14613\" class=\"wp-caption-text\">Divulga\u00e7\u00e3o<\/figcaption><\/figure>\n<p style=\"text-align: justify;\">Quando falamos em m\u00e1xima qualidade em infraestrutura, \u00e9 imposs\u00edvel n\u00e3o citar a academia do Experience. Desenvolvida com a consultoria de Ravel Schueda, treinador atletas de elite h\u00e1 mais de 20 anos, a academia apresenta um conceito moderno, acompanhando o que h\u00e1 de mais atual na \u00e1rea de sa\u00fade e qualidade de vida. \u201cOs equipamentos s\u00e3o de primeira linha, de excelente biomec\u00e2nica, tornando o ambiente ideal para os treinos, em que todos podem se exercitar, independente dos seus objetivos\u201d, declara Schueda.<\/p>\n<p style=\"text-align: justify;\"><strong>O decorado<\/strong><\/p>\n<p style=\"text-align: justify;\">J\u00e1 o decorado, que fica pertinho do empreendimento, \u00e9 um sucesso a parte. Tanto que, mesmo antes do lan\u00e7amento oficial, duas unidades j\u00e1 foram vendidas. \u201cCom layout fluido e espa\u00e7os integrados, projetamos um living superamplo, com sala de jantar com mesa para doze pessoas e um lounge no espa\u00e7o gourmet. Estes espa\u00e7os abriram a nossa imagina\u00e7\u00e3o e nos deram possibilidades para um projeto de interiores diferenciado\u201d, explica Thaisa Bohrer, arquiteta respons\u00e1vel pelo projeto.<\/p>\n<p style=\"text-align: justify;\">Outro diferencial do decorado \u00e9 a su\u00edte master. Projetada para comportar um closet feminino e um masculino, ela possui dois banheiros muito amplos, proporcionando conforto e privacidade ao casal. O principal, possui al\u00e9m de banheira, duas duchas, e duas bancadas individuais. \u201cEla foi projetada para proporcionar uma vista maravilhosa, com pele de vidro de fora a fora e blackout. \u00c9 uma su\u00edte muito ampla e muito diferente do que se v\u00ea hoje no mercado\u201d, finaliza Salv\u00e1tico.<\/p>\n<p style=\"text-align: justify;\">O cliente Plaenge \u00e9 conhecido por seu bom gosto e sofistica\u00e7\u00e3o. Por isso, um dos cuidados foi ter o apoio de um galerista na sele\u00e7\u00e3o das obras de arte que comp\u00f5em o decorado e as \u00e1reas comuns do Experience. Al\u00e9m disso, o mobili\u00e1rio \u00e9 assinado por designers jovens, recentemente consagrados, e tamb\u00e9m por grandes nomes do design brasileiro e internacional, como Sergio Rodrigues, Jader Almeida e a Etel Design, entregando um ambiente elegante, original e totalmente de acordo com as maiores tend\u00eancias do mercado.<\/p>\n<p style=\"text-align: justify;\">De segunda \u00e0 domingo, das 9h \u00e0s 17h30, quem passar pela R. Prof. Pedro Viriato Parigot de Souza, 2001, poder\u00e1 visitar a Central de Decorados e saber mais sobre o projeto, com todos os procedimentos de seguran\u00e7a, \u00e9 claro.\u00a0A conclus\u00e3o do empreendimento ser\u00e1 em 2024.<\/p>\n<p>Acesse o site<strong><span style=\"color: #0000ff;\"> <a style=\"color: #0000ff;\" href=\"https:\/\/www.plaenge.com.br\/\">www.plaenge.com.br\/<\/a><\/span><\/strong><\/p>\n","protected":false},"excerpt":{"rendered":"<p>Setembro, 2020 &#8211; A construtora Plaenge, que completa 50 anos em 2020, anuncia oficialmente hoje em setembro, seu mais novo empreendimento de alto padr\u00e3o: o Experience, no Ecoville. Cercadas por um bosque de mais de 3 mil m\u00b2, as 23 unidades foram projetadas especialmente para inspirar luxo e eleg\u00e2ncia em cada um dos seus 320m\u00b2. [&hellip;]<\/p>\n","protected":false},"author":1,"featured_media":14611,"comment_status":"open","ping_status":"open","sticky":false,"template":"","format":"standard","meta":{"_uag_custom_page_level_css":"","footnotes":""},"categories":[30],"tags":[19472,19470,3155,3269,19473,3919,5919,7563,19471],"class_list":["post-14610","post","type-post","status-publish","format-standard","has-post-thumbnail","hentry","category-imoveis","tag-casas-e-apartamentos-de-alto-luxo","tag-construtora-plaenge","tag-credito-imobiliario","tag-curitiba-pr","tag-ecoville","tag-edificacoes","tag-imobiliarias","tag-mercado-imobiliario","tag-metais-kohler"],"blocksy_meta":[],"spectra_blocks_featured_image_url":{"thumbnail":{"url":"https:\/\/construcaocivil.siriusmarketingedesign.com.br\/wp-content\/uploads\/2020\/09\/PLAENGE-150x150.jpg","width":150,"height":150},"medium":{"url":"https:\/\/construcaocivil.siriusmarketingedesign.com.br\/wp-content\/uploads\/2020\/09\/PLAENGE-300x171.jpg","width":300,"height":171},"medium_large":{"url":"https:\/\/construcaocivil.siriusmarketingedesign.com.br\/wp-content\/uploads\/2020\/09\/PLAENGE.jpg","width":560,"height":320},"large":{"url":"https:\/\/construcaocivil.siriusmarketingedesign.com.br\/wp-content\/uploads\/2020\/09\/PLAENGE.jpg","width":560,"height":320},"full":{"url":"https:\/\/construcaocivil.siriusmarketingedesign.com.br\/wp-content\/uploads\/2020\/09\/PLAENGE.jpg","width":560,"height":320}},"spectra_blocks_author_info":{"display_name":"Jornal da Constru\u00e7\u00e3o Civil","avatar_url":"https:\/\/secure.gravatar.com\/avatar\/973c9774fd44ddaceb026973c4962faa70fc512bc4c9da68e8ebb40fecee6540?s=96&d=mm&r=g","author_link":"https:\/\/construcaocivil.siriusmarketingedesign.com.br\/?author=1","description":"Desde de 2013, levando muitas informa\u00e7\u00f5es, lan\u00e7amentos e produtos de qualidade para toda cadeia produtiva da constru\u00e7\u00e3o. O Futuro da constru\u00e7\u00e3o passa por aqui,"},"uagb_featured_image_src":{"full":["https:\/\/construcaocivil.siriusmarketingedesign.com.br\/wp-content\/uploads\/2020\/09\/PLAENGE.jpg",560,320,false],"thumbnail":["https:\/\/construcaocivil.siriusmarketingedesign.com.br\/wp-content\/uploads\/2020\/09\/PLAENGE-150x150.jpg",150,150,true],"medium":["https:\/\/construcaocivil.siriusmarketingedesign.com.br\/wp-content\/uploads\/2020\/09\/PLAENGE-300x171.jpg",300,171,true],"medium_large":["https:\/\/construcaocivil.siriusmarketingedesign.com.br\/wp-content\/uploads\/2020\/09\/PLAENGE.jpg",560,320,false],"large":["https:\/\/construcaocivil.siriusmarketingedesign.com.br\/wp-content\/uploads\/2020\/09\/PLAENGE.jpg",560,320,false],"1536x1536":["https:\/\/construcaocivil.siriusmarketingedesign.com.br\/wp-content\/uploads\/2020\/09\/PLAENGE.jpg",560,320,false],"2048x2048":["https:\/\/construcaocivil.siriusmarketingedesign.com.br\/wp-content\/uploads\/2020\/09\/PLAENGE.jpg",560,320,false]},"uagb_author_info":{"display_name":"Jornal da Constru\u00e7\u00e3o Civil","author_link":"https:\/\/construcaocivil.siriusmarketingedesign.com.br\/?author=1"},"uagb_comment_info":0,"uagb_excerpt":"Setembro, 2020 &#8211; A construtora Plaenge, que completa 50 anos em 2020, anuncia oficialmente hoje em setembro, seu mais novo empreendimento de alto padr\u00e3o: o Experience, no Ecoville. Cercadas por um bosque de mais de 3 mil m\u00b2, as 23 unidades foram projetadas especialmente para inspirar luxo e eleg\u00e2ncia em cada um dos seus 320m\u00b2.&hellip;","_links":{"self":[{"href":"https:\/\/construcaocivil.siriusmarketingedesign.com.br\/index.php?rest_route=\/wp\/v2\/posts\/14610","targetHints":{"allow":["GET"]}}],"collection":[{"href":"https:\/\/construcaocivil.siriusmarketingedesign.com.br\/index.php?rest_route=\/wp\/v2\/posts"}],"about":[{"href":"https:\/\/construcaocivil.siriusmarketingedesign.com.br\/index.php?rest_route=\/wp\/v2\/types\/post"}],"author":[{"embeddable":true,"href":"https:\/\/construcaocivil.siriusmarketingedesign.com.br\/index.php?rest_route=\/wp\/v2\/users\/1"}],"replies":[{"embeddable":true,"href":"https:\/\/construcaocivil.siriusmarketingedesign.com.br\/index.php?rest_route=%2Fwp%2Fv2%2Fcomments&post=14610"}],"version-history":[{"count":0,"href":"https:\/\/construcaocivil.siriusmarketingedesign.com.br\/index.php?rest_route=\/wp\/v2\/posts\/14610\/revisions"}],"wp:featuredmedia":[{"embeddable":true,"href":"https:\/\/construcaocivil.siriusmarketingedesign.com.br\/index.php?rest_route=\/wp\/v2\/media\/14611"}],"wp:attachment":[{"href":"https:\/\/construcaocivil.siriusmarketingedesign.com.br\/index.php?rest_route=%2Fwp%2Fv2%2Fmedia&parent=14610"}],"wp:term":[{"taxonomy":"category","embeddable":true,"href":"https:\/\/construcaocivil.siriusmarketingedesign.com.br\/index.php?rest_route=%2Fwp%2Fv2%2Fcategories&post=14610"},{"taxonomy":"post_tag","embeddable":true,"href":"https:\/\/construcaocivil.siriusmarketingedesign.com.br\/index.php?rest_route=%2Fwp%2Fv2%2Ftags&post=14610"}],"curies":[{"name":"wp","href":"https:\/\/api.w.org\/{rel}","templated":true}]}}