{"id":14618,"date":"2020-09-26T20:34:52","date_gmt":"2020-09-26T23:34:52","guid":{"rendered":"https:\/\/www.jornaldaconstrucaocivil.com.br\/?p=14618"},"modified":"2020-09-26T20:34:52","modified_gmt":"2020-09-26T23:34:52","slug":"cinema-frances-edicao-2020-do-festival-varilux-acontecera-entre-19-de-novembro-e-3-de-dezembro","status":"publish","type":"post","link":"https:\/\/construcaocivil.siriusmarketingedesign.com.br\/?p=14618","title":{"rendered":"Cinema Franc\u00eas: Edi\u00e7\u00e3o 2020 do Festival Varilux acontecer\u00e1 entre 19 de novembro e 3 de dezembro"},"content":{"rendered":"<p style=\"text-align: justify;\"><span style=\"color: #993300;\"><strong>Setembro de 2020 <\/strong><\/span>&#8211;\u00a0Adiada em junho, m\u00eas em que tradicionalmente ocorre, a edi\u00e7\u00e3o 2020 do Festival Varilux do Cinema Franc\u00eas j\u00e1 tem nova data marcada:\u00a0<strong>entre 19 de novembro a 3 de dezembro<\/strong>. Ao anunciar a data, Emmanuelle e Christian Boudier, curadores e diretores do evento, adiantam que ser\u00e3o respeitados todos os protocolos recomendados pelas autoridades de sa\u00fade para oferecer seguran\u00e7a ao p\u00fablico e aos envolvidos no evento.<\/p>\n<p style=\"text-align: justify;\">&#8220;<em>Queremos apostar na melhoria da situa\u00e7\u00e3o, e estar presentes para o p\u00fablico que ficou com tanta saudade de ver filmes no tel\u00e3o&#8221;, apontam Emmanuelle e Christian. &#8220;Esperamos que daqui a dois meses, mediante protocolos rigorosos de seguran\u00e7a, o p\u00fablico conseguir\u00e1 entrar num cinema com confian\u00e7a. Achamos importante, nesse momento t\u00e3o delicado, ajudar os cinemas, que sempre foram parceiros maravilhosos do festival Varilux e que v\u00e3o precisar de conte\u00fado de qualidade para conquistar novamente o p\u00fablico no momento da reabertura. Faz 10 anos que o festival vem crescendo a cada edi\u00e7\u00e3o, chegando a quase 200 mil espectadores em 2019, portanto \u00e9 importante que estejamos presentes para esse p\u00fablico que ama o cinema franc\u00eas<\/em>.&#8221;<\/p>\n<p style=\"text-align: justify;\">A sele\u00e7\u00e3o ser\u00e1 proposta aos 120 cinemas, presentes em 86 cidades, que tamb\u00e9m participaram do festival em 2019. As datas ser\u00e3o mais flex\u00edveis dessa vez: a partir de 19 de novembro, os cinemas ter\u00e3o a op\u00e7\u00e3o de programar o festival em datas diferentes &#8211; at\u00e9 o final de fevereiro de 2021 &#8211; para se adaptar a eventuais situa\u00e7\u00f5es sanit\u00e1rias locais. O importante \u00e9 que os filmes cheguem ao p\u00fablico em todo Brasil.<\/p>\n<p style=\"text-align: justify;\">Flexibilidade ser\u00e1 de fato a palavra chave para a edi\u00e7\u00e3o 2020. A defini\u00e7\u00e3o do formato e das modalidades de exibi\u00e7\u00e3o dos filmes ocorrer\u00e1 em datas pr\u00f3ximas \u00e0 realiza\u00e7\u00e3o do evento: cinemas, proje\u00e7\u00f5es ao ar livre, drive-in, todas as possibilidades est\u00e3o sendo analisadas. Em um cen\u00e1rio alternativo, parte da programa\u00e7\u00e3o seria transferida para uma plataforma digital.<\/p>\n<p style=\"text-align: justify;\">As ferramentas digitais s\u00e3o eficientes para manter o contato com o p\u00fablico: a pandemia levou a Bonfilm a lan\u00e7ar em abril o\u00a0<strong>Festival Varilux Em Casa,\u00a0<\/strong>plataforma solid\u00e1ria que contou com o patroc\u00ednio da Embaixada da Fran\u00e7a no Brasil e da Essilor\/Varilux. Foram apresentados gratuitamente, durante quatro meses, 50 t\u00edtulos franceses, a maioria integrante de edi\u00e7\u00f5es recentes do Festival, atrav\u00e9s da plataforma Looke. O p\u00fablico mais uma vez apoiou e aderiu ao projeto. Em quatro meses foram contabilizadas\u00a0<strong>666.514\u00a0<\/strong>visualiza\u00e7\u00f5es dos longas dispon\u00edveis na plataforma\u00a0<span style=\"color: #0000ff;\"><a style=\"color: #0000ff;\" href=\"http:\/\/www.festivalvariluxemcasa.com.br\/\" target=\"_blank\" rel=\"noopener noreferrer\" data-saferedirecturl=\"https:\/\/www.google.com\/url?q=http:\/\/www.festivalvariluxemcasa.com.br\/&amp;source=gmail&amp;ust=1601247830949000&amp;usg=AFQjCNGDVFU0bfzI7rKfdKlS84k6VnOfWA\">www.festivalvariluxemcasa.com.<wbr \/>br<\/a><\/span><\/p>\n<p style=\"text-align: justify;\">Apesar desse sucesso, os organizadores do Festival Varilux de Cinema Franc\u00eas reafirmam a import\u00e2ncia das proje\u00e7\u00f5es nas salas de cinemas. Assistir a um filme no escuro de uma sala de cinema, com a tela grande, som e imagem de alta defini\u00e7\u00e3o, compartilhando emo\u00e7\u00f5es, \u00e9 uma experi\u00eancia \u00fanica e insubstitu\u00edvel.<\/p>\n<p style=\"text-align: justify;\">A situa\u00e7\u00e3o n\u00e3o afetar\u00e1 a qualidade da sele\u00e7\u00e3o que est\u00e1 sendo preparada desde o festival de Berlim, em coordena\u00e7\u00e3o com as distribuidoras brasileiras parceiras do Festival Varilux. A reabertura dos cinemas na Fran\u00e7a, desde o 22 de junho, permitiu o lan\u00e7amento de v\u00e1rios longas-metragens franceses novos, que estar\u00e3o dispon\u00edveis para o festival no Brasil em novembro.<\/p>\n<p style=\"text-align: justify;\">Como todos os eventos culturais no Brasil, o Festival Varilux enfrenta graves dificuldades financeiras em 2020. A sua viabiliza\u00e7\u00e3o ser\u00e1 poss\u00edvel gra\u00e7as \u00e0 confian\u00e7a do patrocinador principal e hist\u00f3rico do evento, o grupo Essilor Varilux, que aceitou o desafio de apoiar o festival presencial, para defender a cultura:\u00a0<em>\u201cAcreditamos que a cultura, em tempos dif\u00edceis como os que estamos vivendo e num mundo p\u00f3s-pandemia se faz ainda mais importante na vida das pessoas\u201d \u2013\u00a0<\/em>ressalta Guilherme Nogueira, Diretor de marketing do Grupo Essilor.<\/p>\n<p style=\"text-align: justify;\">O apoio do grupo Essilor se dar\u00e1 por meio da Lei Federal de Incentivo \u00e0 Cultura. O festival contar\u00e1 tamb\u00e9m com o apoio da Embaixada da Fran\u00e7a, das Alian\u00e7as Francesas do Brasil, da Unifrance e da Dispositiva. E tamb\u00e9m os apoios da Ingresso.com e do Club Med por meio da Lei Municipal de Incentivo \u00e0 Cultura do Rio de Janeiro.<\/p>\n<p>Fonte: Imprensa\/Festival Varilux 2020<\/p>\n<p>&nbsp;<\/p>\n","protected":false},"excerpt":{"rendered":"<p>Setembro de 2020 &#8211;\u00a0Adiada em junho, m\u00eas em que tradicionalmente ocorre, a edi\u00e7\u00e3o 2020 do Festival Varilux do Cinema Franc\u00eas j\u00e1 tem nova data marcada:\u00a0entre 19 de novembro a 3 de dezembro. Ao anunciar a data, Emmanuelle e Christian Boudier, curadores e diretores do evento, adiantam que ser\u00e3o respeitados todos os protocolos recomendados pelas autoridades [&hellip;]<\/p>\n","protected":false},"author":1,"featured_media":14619,"comment_status":"open","ping_status":"open","sticky":false,"template":"","format":"standard","meta":{"_uag_custom_page_level_css":"","footnotes":""},"categories":[27],"tags":[19481,19482,3261,19483,19484,9945,10366,10581,10679],"class_list":["post-14618","post","type-post","status-publish","format-standard","has-post-thumbnail","hentry","category-acontece","tag-cinema","tag-cinema-frances","tag-cultura","tag-festival-varilux-2020","tag-lazer-e-entretenimento","tag-recife","tag-rio","tag-salvador","tag-sao-paulo-sp"],"blocksy_meta":[],"spectra_blocks_featured_image_url":{"thumbnail":{"url":"https:\/\/construcaocivil.siriusmarketingedesign.com.br\/wp-content\/uploads\/2020\/09\/FRANCES-150x150.jpg","width":150,"height":150},"medium":{"url":"https:\/\/construcaocivil.siriusmarketingedesign.com.br\/wp-content\/uploads\/2020\/09\/FRANCES-300x153.jpg","width":300,"height":153},"medium_large":{"url":"https:\/\/construcaocivil.siriusmarketingedesign.com.br\/wp-content\/uploads\/2020\/09\/FRANCES-768x392.jpg","width":768,"height":392},"large":{"url":"https:\/\/construcaocivil.siriusmarketingedesign.com.br\/wp-content\/uploads\/2020\/09\/FRANCES.jpg","width":979,"height":500},"full":{"url":"https:\/\/construcaocivil.siriusmarketingedesign.com.br\/wp-content\/uploads\/2020\/09\/FRANCES.jpg","width":979,"height":500}},"spectra_blocks_author_info":{"display_name":"Jornal da Constru\u00e7\u00e3o Civil","avatar_url":"https:\/\/secure.gravatar.com\/avatar\/973c9774fd44ddaceb026973c4962faa70fc512bc4c9da68e8ebb40fecee6540?s=96&d=mm&r=g","author_link":"https:\/\/construcaocivil.siriusmarketingedesign.com.br\/?author=1","description":"Desde de 2013, levando muitas informa\u00e7\u00f5es, lan\u00e7amentos e produtos de qualidade para toda cadeia produtiva da constru\u00e7\u00e3o. O Futuro da constru\u00e7\u00e3o passa por aqui,"},"uagb_featured_image_src":{"full":["https:\/\/construcaocivil.siriusmarketingedesign.com.br\/wp-content\/uploads\/2020\/09\/FRANCES.jpg",979,500,false],"thumbnail":["https:\/\/construcaocivil.siriusmarketingedesign.com.br\/wp-content\/uploads\/2020\/09\/FRANCES-150x150.jpg",150,150,true],"medium":["https:\/\/construcaocivil.siriusmarketingedesign.com.br\/wp-content\/uploads\/2020\/09\/FRANCES-300x153.jpg",300,153,true],"medium_large":["https:\/\/construcaocivil.siriusmarketingedesign.com.br\/wp-content\/uploads\/2020\/09\/FRANCES-768x392.jpg",768,392,true],"large":["https:\/\/construcaocivil.siriusmarketingedesign.com.br\/wp-content\/uploads\/2020\/09\/FRANCES.jpg",979,500,false],"1536x1536":["https:\/\/construcaocivil.siriusmarketingedesign.com.br\/wp-content\/uploads\/2020\/09\/FRANCES.jpg",979,500,false],"2048x2048":["https:\/\/construcaocivil.siriusmarketingedesign.com.br\/wp-content\/uploads\/2020\/09\/FRANCES.jpg",979,500,false]},"uagb_author_info":{"display_name":"Jornal da Constru\u00e7\u00e3o Civil","author_link":"https:\/\/construcaocivil.siriusmarketingedesign.com.br\/?author=1"},"uagb_comment_info":0,"uagb_excerpt":"Setembro de 2020 &#8211;\u00a0Adiada em junho, m\u00eas em que tradicionalmente ocorre, a edi\u00e7\u00e3o 2020 do Festival Varilux do Cinema Franc\u00eas j\u00e1 tem nova data marcada:\u00a0entre 19 de novembro a 3 de dezembro. Ao anunciar a data, Emmanuelle e Christian Boudier, curadores e diretores do evento, adiantam que ser\u00e3o respeitados todos os protocolos recomendados pelas autoridades&hellip;","_links":{"self":[{"href":"https:\/\/construcaocivil.siriusmarketingedesign.com.br\/index.php?rest_route=\/wp\/v2\/posts\/14618","targetHints":{"allow":["GET"]}}],"collection":[{"href":"https:\/\/construcaocivil.siriusmarketingedesign.com.br\/index.php?rest_route=\/wp\/v2\/posts"}],"about":[{"href":"https:\/\/construcaocivil.siriusmarketingedesign.com.br\/index.php?rest_route=\/wp\/v2\/types\/post"}],"author":[{"embeddable":true,"href":"https:\/\/construcaocivil.siriusmarketingedesign.com.br\/index.php?rest_route=\/wp\/v2\/users\/1"}],"replies":[{"embeddable":true,"href":"https:\/\/construcaocivil.siriusmarketingedesign.com.br\/index.php?rest_route=%2Fwp%2Fv2%2Fcomments&post=14618"}],"version-history":[{"count":0,"href":"https:\/\/construcaocivil.siriusmarketingedesign.com.br\/index.php?rest_route=\/wp\/v2\/posts\/14618\/revisions"}],"wp:featuredmedia":[{"embeddable":true,"href":"https:\/\/construcaocivil.siriusmarketingedesign.com.br\/index.php?rest_route=\/wp\/v2\/media\/14619"}],"wp:attachment":[{"href":"https:\/\/construcaocivil.siriusmarketingedesign.com.br\/index.php?rest_route=%2Fwp%2Fv2%2Fmedia&parent=14618"}],"wp:term":[{"taxonomy":"category","embeddable":true,"href":"https:\/\/construcaocivil.siriusmarketingedesign.com.br\/index.php?rest_route=%2Fwp%2Fv2%2Fcategories&post=14618"},{"taxonomy":"post_tag","embeddable":true,"href":"https:\/\/construcaocivil.siriusmarketingedesign.com.br\/index.php?rest_route=%2Fwp%2Fv2%2Ftags&post=14618"}],"curies":[{"name":"wp","href":"https:\/\/api.w.org\/{rel}","templated":true}]}}