{"id":14644,"date":"2020-09-29T14:53:06","date_gmt":"2020-09-29T17:53:06","guid":{"rendered":"https:\/\/www.jornaldaconstrucaocivil.com.br\/?p=14644"},"modified":"2020-09-29T14:53:06","modified_gmt":"2020-09-29T17:53:06","slug":"green-rio-2020-ganha-formato-digital-e-promove-parcerias-internacionais-em-bioeconomia","status":"publish","type":"post","link":"https:\/\/construcaocivil.siriusmarketingedesign.com.br\/?p=14644","title":{"rendered":"Green Rio 2020 ganha formato digital e promove parcerias internacionais em Bioeconomia"},"content":{"rendered":"<p style=\"text-align: justify;\"><span style=\"color: #993300;\">Setembro, 2020<\/span> &#8211; Um dos mais importantes eventos sobre bioeconomia no Brasil, o Green Rio, confirma sua nona edi\u00e7\u00e3o em 2020, migrando para o mundo digital. Pela primeira vez, o evento ter\u00e1 tr\u00eas etapas: nos dias 8 e 9 de outubro, quando acontecer\u00e3o as confer\u00eancias tem\u00e1ticas, a partir das 9h, e a apresenta\u00e7\u00e3o de solu\u00e7\u00f5es para pequenos e m\u00e9dios produtores; nos dias 13 e 14, datas em que ser\u00e3o realizadas rodadas remotas de neg\u00f3cios e, fechando o evento, de 24 a 26, haver\u00e1 o desafio de inova\u00e7\u00e3o. Com inscri\u00e7\u00f5es antecipadas, o Green Rio online poder\u00e1 ser acompanhado gratuitamente no site <strong><span style=\"color: #0000ff;\"><a style=\"color: #0000ff;\" href=\"http:\/\/www.greenrio.com.br\/\" target=\"_blank\" rel=\"noopener noreferrer\">www.greenrio.com.br<\/a>.<\/span><\/strong><\/p>\n<p style=\"text-align: justify;\">A pandemia influenciou n\u00e3o s\u00f3 o modelo do evento, mas tamb\u00e9m as tem\u00e1ticas que ser\u00e3o abordadas. Seguran\u00e7a alimentar, sa\u00fade e rastreabilidade de produtos, com foco nas tend\u00eancias p\u00f3s-Covid-19, ganhar\u00e3o destaque na edi\u00e7\u00e3o deste ano.<\/p>\n<p style=\"text-align: justify;\">\u201c\u00c0 medida que a popula\u00e7\u00e3o global continua a crescer, cresce tamb\u00e9m a urg\u00eancia da buscar solu\u00e7\u00f5es para garantir um fornecimento seguro e sustent\u00e1vel aos consumidores em todo o mundo\u201d afirma Maria Beatriz Costa, organizadora do Green Rio online.<\/p>\n<figure id=\"attachment_14646\" aria-describedby=\"caption-attachment-14646\" style=\"width: 300px\" class=\"wp-caption alignleft\"><img loading=\"lazy\" decoding=\"async\" class=\"size-medium wp-image-14646\" src=\"https:\/\/www.jornaldaconstrucaocivil.com.br\/wp-content\/uploads\/2020\/09\/ON-GREEN-300x169.jpg\" alt=\"\" width=\"300\" height=\"169\" srcset=\"https:\/\/construcaocivil.siriusmarketingedesign.com.br\/wp-content\/uploads\/2020\/09\/ON-GREEN-300x169.jpg 300w, https:\/\/construcaocivil.siriusmarketingedesign.com.br\/wp-content\/uploads\/2020\/09\/ON-GREEN-1024x576.jpg 1024w, https:\/\/construcaocivil.siriusmarketingedesign.com.br\/wp-content\/uploads\/2020\/09\/ON-GREEN-768x432.jpg 768w, https:\/\/construcaocivil.siriusmarketingedesign.com.br\/wp-content\/uploads\/2020\/09\/ON-GREEN.jpg 1276w\" sizes=\"auto, (max-width: 300px) 100vw, 300px\" \/><figcaption id=\"caption-attachment-14646\" class=\"wp-caption-text\">Webinar &#8220;Bioeconomia e o Amazonas que voc\u00ea n\u00e3o conhece&#8221;, com Monica Werneck, Green Rio, Tatiana Schor, SEPLANCIT do Amazonas, Cleinaldo Costa, Reitor da UEA, Maritta Knoch-Weser, Reainforest Business School, Amazonia 4.0, e Maria Beatriz Costa, Green Rio.<\/figcaption><\/figure>\n<p style=\"text-align: justify;\">Pelo quarto ano consecutivo, o Green Rio contar\u00e1 com uma delega\u00e7\u00e3o da Alemanha para realizar o \u201cGerman-Brazilian Bioeconomy Workshop\u201d. No primeiro dia de evento, 8 de outubro, haver\u00e1 \u00a0uma chamada bilateral Brasil-Alemanha, abordando dois temas abrangentes: biomassa (incluindo o uso de bioinsumos) e plantas medicinais e arom\u00e1ticas. Representando o Minist\u00e9rio da Educa\u00e7\u00e3o e Pesquisa da Alemanha, Andre Noske ainda apresentar\u00e1 o programa de bioeconomia da Alemanha, do qual constam parcerias internacionais. Al\u00e9m disso, especialistas da Alemanha e do Brasil discutir\u00e3o a preserva\u00e7\u00e3o do solo e prote\u00e7\u00e3o das abelhas.<\/p>\n<p style=\"text-align: justify;\">Outra parceria internacional a ser celebrada no Green Rio ser\u00e1 a do Sesc\/Mesa Brasil e Food Nation, que \u00e9 uma iniciativa do governo da Dinamarca, que promove seguran\u00e7a alimentar em todos os elos da cadeia, reconhecida por sua inova\u00e7\u00e3o e compromisso com sustentabilidade. A sinergia entre Mesa Brasil e Food Nation ser\u00e1 apresentada dia 9, no painel \u201cSa\u00fade Planet\u00e1ria\u201d, no qual o presidente da Fecom\u00e9rcio, Antonio Flor\u00eancio Queiroz e a gestora do Programa Food Nation assinar\u00e3o uma carta de inten\u00e7\u00f5es.<\/p>\n<div><img decoding=\"async\" class=\"aligncenter\" src=\"https:\/\/files.workr.com.br\/ViewImage.aspx?image=IaNCDxH3o+kJmbYi9T9zYw==\" \/><\/div>\n<div style=\"text-align: justify;\">Ainda no dia 9, ocorrer\u00e1 o lan\u00e7amento do desafio para pequenos agricultores, explorando possibilidades de conex\u00e3o entre bioeconomia e agricultura familiar. Tamb\u00e9m ser\u00e1 dedicado um espa\u00e7o especial \u00e0 Amaz\u00f4nia, no qual ser\u00e3o discutidos temas como Bioeconomia da Floresta em P\u00e9, Como garantir cadeias de abastecimento sem desmatamento e Pan-Amaz\u00f4nia.<\/div>\n<div>\n<p style=\"text-align: justify;\">Entre os palestrantes confirmados est\u00e3o o secret\u00e1rio Fernando Schwanke (Minist\u00e9rio da Agricultura), Maritta Koch-Weser (Rainforest Business School), Ingo Pl\u00f6ger (empres\u00e1rio) e Carlos Nobre (Amaz\u00f4nia 4.0).<\/p>\n<p style=\"text-align: justify;\">O Green Rio online tamb\u00e9m precisou fazer adapta\u00e7\u00f5es para contemplar os expositores. Com importante papel no fomento ao setor de org\u00e2nicos, o evento promover\u00e1, nos dias 13 e 14, uma intera\u00e7\u00e3o entre expositores e compradores, al\u00e9m de apresenta\u00e7\u00e3o de v\u00eddeos para que o consumidor conhe\u00e7a os produtos e escolha o que comprar.<\/p>\n<p style=\"text-align: justify;\">J\u00e1 est\u00e3o confirmadas para o encontro de neg\u00f3cios parceria com SindRio (restaurantes); compradores de lojas de varejo e farm\u00e1cia de S\u00e3o Paulo e Rio; e polos de gastronomia e hotelaria. Representantes internacionais far\u00e3o parte do networking digital.<\/p>\n<p style=\"text-align: justify;\">Para\u00a0fechar o\u00a0evento, ser\u00e1 realizado o desafio de inova\u00e7\u00e3o, de 24 a 26 de outubro, em parceria com o Sebrae. A iniciativa funcionar\u00e1 como uma maratona online, buscando solu\u00e7\u00f5es para a cadeia produtiva da bioeconomia e do pequeno produtor rural, atrav\u00e9s de temas como inova\u00e7\u00e3o em produtos florestais, irriga\u00e7\u00e3o e planejamento de produ\u00e7\u00e3o.<\/p>\n<p style=\"text-align: justify;\">Reconhecido como plataforma relevante para neg\u00f3cios sustent\u00e1veis, desde maio, m\u00eas em que tradicionalmente o evento ocorreria, na Marina da Gl\u00f3ria, no Rio de Janeiro, os organizadores do Green Rio v\u00eam promovendo webinars com tem\u00e1ticas do evento. \u201cA janela virtual tem um potencial enorme a ser explorado. O excelente resultado que alcan\u00e7amos com essas pr\u00e9vias, nos d\u00e1 a certeza de que o Green Rio online ser\u00e1 um sucesso\u201d, prev\u00ea Beatriz.<\/p>\n<p>Acesse o site do evento <span style=\"color: #0000ff;\"><strong><a style=\"color: #0000ff;\" href=\"http:\/\/www.greenrio.com.br\/\">www.greenrio.com.br\/<\/a><\/strong><\/span><\/p>\n<\/div>\n","protected":false},"excerpt":{"rendered":"<p>Setembro, 2020 &#8211; Um dos mais importantes eventos sobre bioeconomia no Brasil, o Green Rio, confirma sua nona edi\u00e7\u00e3o em 2020, migrando para o mundo digital. Pela primeira vez, o evento ter\u00e1 tr\u00eas etapas: nos dias 8 e 9 de outubro, quando acontecer\u00e3o as confer\u00eancias tem\u00e1ticas, a partir das 9h, e a apresenta\u00e7\u00e3o de solu\u00e7\u00f5es [&hellip;]<\/p>\n","protected":false},"author":1,"featured_media":14645,"comment_status":"open","ping_status":"open","sticky":false,"template":"","format":"standard","meta":{"_uag_custom_page_level_css":"","footnotes":""},"categories":[27],"tags":[601,14438,1424,19509,19508,13633],"class_list":["post-14644","post","type-post","status-publish","format-standard","has-post-thumbnail","hentry","category-acontece","tag-alimentos","tag-alimentos-saudaveis","tag-bioeconomia","tag-bioeconomia-brasil-alemanha-2020","tag-produtos-organico","tag-saude-e-bem-star"],"blocksy_meta":[],"spectra_blocks_featured_image_url":{"thumbnail":{"url":"https:\/\/construcaocivil.siriusmarketingedesign.com.br\/wp-content\/uploads\/2020\/09\/GREEN-150x150.png","width":150,"height":150},"medium":{"url":"https:\/\/construcaocivil.siriusmarketingedesign.com.br\/wp-content\/uploads\/2020\/09\/GREEN-300x150.png","width":300,"height":150},"medium_large":{"url":"https:\/\/construcaocivil.siriusmarketingedesign.com.br\/wp-content\/uploads\/2020\/09\/GREEN.png","width":512,"height":256},"large":{"url":"https:\/\/construcaocivil.siriusmarketingedesign.com.br\/wp-content\/uploads\/2020\/09\/GREEN.png","width":512,"height":256},"full":{"url":"https:\/\/construcaocivil.siriusmarketingedesign.com.br\/wp-content\/uploads\/2020\/09\/GREEN.png","width":512,"height":256}},"spectra_blocks_author_info":{"display_name":"Jornal da Constru\u00e7\u00e3o Civil","avatar_url":"https:\/\/secure.gravatar.com\/avatar\/973c9774fd44ddaceb026973c4962faa70fc512bc4c9da68e8ebb40fecee6540?s=96&d=mm&r=g","author_link":"https:\/\/construcaocivil.siriusmarketingedesign.com.br\/?author=1","description":"Desde de 2013, levando muitas informa\u00e7\u00f5es, lan\u00e7amentos e produtos de qualidade para toda cadeia produtiva da constru\u00e7\u00e3o. O Futuro da constru\u00e7\u00e3o passa por aqui,"},"uagb_featured_image_src":{"full":["https:\/\/construcaocivil.siriusmarketingedesign.com.br\/wp-content\/uploads\/2020\/09\/GREEN.png",512,256,false],"thumbnail":["https:\/\/construcaocivil.siriusmarketingedesign.com.br\/wp-content\/uploads\/2020\/09\/GREEN-150x150.png",150,150,true],"medium":["https:\/\/construcaocivil.siriusmarketingedesign.com.br\/wp-content\/uploads\/2020\/09\/GREEN-300x150.png",300,150,true],"medium_large":["https:\/\/construcaocivil.siriusmarketingedesign.com.br\/wp-content\/uploads\/2020\/09\/GREEN.png",512,256,false],"large":["https:\/\/construcaocivil.siriusmarketingedesign.com.br\/wp-content\/uploads\/2020\/09\/GREEN.png",512,256,false],"1536x1536":["https:\/\/construcaocivil.siriusmarketingedesign.com.br\/wp-content\/uploads\/2020\/09\/GREEN.png",512,256,false],"2048x2048":["https:\/\/construcaocivil.siriusmarketingedesign.com.br\/wp-content\/uploads\/2020\/09\/GREEN.png",512,256,false]},"uagb_author_info":{"display_name":"Jornal da Constru\u00e7\u00e3o Civil","author_link":"https:\/\/construcaocivil.siriusmarketingedesign.com.br\/?author=1"},"uagb_comment_info":0,"uagb_excerpt":"Setembro, 2020 &#8211; Um dos mais importantes eventos sobre bioeconomia no Brasil, o Green Rio, confirma sua nona edi\u00e7\u00e3o em 2020, migrando para o mundo digital. Pela primeira vez, o evento ter\u00e1 tr\u00eas etapas: nos dias 8 e 9 de outubro, quando acontecer\u00e3o as confer\u00eancias tem\u00e1ticas, a partir das 9h, e a apresenta\u00e7\u00e3o de solu\u00e7\u00f5es&hellip;","_links":{"self":[{"href":"https:\/\/construcaocivil.siriusmarketingedesign.com.br\/index.php?rest_route=\/wp\/v2\/posts\/14644","targetHints":{"allow":["GET"]}}],"collection":[{"href":"https:\/\/construcaocivil.siriusmarketingedesign.com.br\/index.php?rest_route=\/wp\/v2\/posts"}],"about":[{"href":"https:\/\/construcaocivil.siriusmarketingedesign.com.br\/index.php?rest_route=\/wp\/v2\/types\/post"}],"author":[{"embeddable":true,"href":"https:\/\/construcaocivil.siriusmarketingedesign.com.br\/index.php?rest_route=\/wp\/v2\/users\/1"}],"replies":[{"embeddable":true,"href":"https:\/\/construcaocivil.siriusmarketingedesign.com.br\/index.php?rest_route=%2Fwp%2Fv2%2Fcomments&post=14644"}],"version-history":[{"count":0,"href":"https:\/\/construcaocivil.siriusmarketingedesign.com.br\/index.php?rest_route=\/wp\/v2\/posts\/14644\/revisions"}],"wp:featuredmedia":[{"embeddable":true,"href":"https:\/\/construcaocivil.siriusmarketingedesign.com.br\/index.php?rest_route=\/wp\/v2\/media\/14645"}],"wp:attachment":[{"href":"https:\/\/construcaocivil.siriusmarketingedesign.com.br\/index.php?rest_route=%2Fwp%2Fv2%2Fmedia&parent=14644"}],"wp:term":[{"taxonomy":"category","embeddable":true,"href":"https:\/\/construcaocivil.siriusmarketingedesign.com.br\/index.php?rest_route=%2Fwp%2Fv2%2Fcategories&post=14644"},{"taxonomy":"post_tag","embeddable":true,"href":"https:\/\/construcaocivil.siriusmarketingedesign.com.br\/index.php?rest_route=%2Fwp%2Fv2%2Ftags&post=14644"}],"curies":[{"name":"wp","href":"https:\/\/api.w.org\/{rel}","templated":true}]}}