{"id":14667,"date":"2020-10-01T17:13:06","date_gmt":"2020-10-01T20:13:06","guid":{"rendered":"https:\/\/www.jornaldaconstrucaocivil.com.br\/?p=14667"},"modified":"2020-10-01T17:13:06","modified_gmt":"2020-10-01T20:13:06","slug":"abrainc-caged-confirma-forca-da-construcao-civil-para-a-retomada-da-atividade-economica","status":"publish","type":"post","link":"https:\/\/construcaocivil.siriusmarketingedesign.com.br\/?p=14667","title":{"rendered":"ABRAINC: Caged confirma for\u00e7a da Constru\u00e7\u00e3o Civil para a retomada da atividade econ\u00f4mica"},"content":{"rendered":"<div style=\"text-align: justify;\"><span style=\"color: #993300;\">Setembro de 2020<\/span> &#8211; A Associa\u00e7\u00e3o Brasileira de Incorporadoras Imobili\u00e1rias (ABRAINC) avalia o resultado do Caged (Cadastro Geral de Empregados e Desempregados) como uma confirma\u00e7\u00e3o importante do papel do setor da Constru\u00e7\u00e3o Civil para a retomada da atividade econ\u00f4mica do pa\u00eds. A Constru\u00e7\u00e3o contratou 50.489 trabalhadores formais em agosto, contribuindo para o saldo positivo de 249.388 postos de trabalho com carteira assinada no m\u00eas passado. Os dados do Caged foram divulgados nesta quarta-feira (30) pelo Minist\u00e9rio da Economia.<\/div>\n<div style=\"text-align: justify;\"><\/div>\n<div style=\"text-align: justify;\">&#8220;A Constru\u00e7\u00e3o Civil \u00e9 um term\u00f4metro importante da economia e o Caged vem confirmando, m\u00eas a m\u00eas, que mesmo com o impacto da pandemia o setor tem sido resiliente na gera\u00e7\u00e3o de empregos. No acumulado do ano, a Constru\u00e7\u00e3o soma saldo de 58 mil contrata\u00e7\u00f5es, enquanto a economia como um todo, infelizmente, registra a perda de 850 mil vagas. Os n\u00fameros da Constru\u00e7\u00e3o d\u00e3o \u00e2nimo para as incorporadoras sigam confiantes e contribuindo para que a economia volte a crescer a partir de 2021&#8221;, afirma o presidente da Abrainc, Luiz Antonio Fran\u00e7a.<\/div>\n<p>&nbsp;<\/p>\n<p>Fonte: Imprensa\/ABRAINC<\/p>\n","protected":false},"excerpt":{"rendered":"<p>Setembro de 2020 &#8211; A Associa\u00e7\u00e3o Brasileira de Incorporadoras Imobili\u00e1rias (ABRAINC) avalia o resultado do Caged (Cadastro Geral de Empregados e Desempregados) como uma confirma\u00e7\u00e3o importante do papel do setor da Constru\u00e7\u00e3o Civil para a retomada da atividade econ\u00f4mica do pa\u00eds. A Constru\u00e7\u00e3o contratou 50.489 trabalhadores formais em agosto, contribuindo para o saldo positivo de [&hellip;]<\/p>\n","protected":false},"author":1,"featured_media":14668,"comment_status":"open","ping_status":"open","sticky":false,"template":"","format":"standard","meta":{"_uag_custom_page_level_css":"","footnotes":""},"categories":[27],"tags":[19531,16792,2826,7563,10375,10668],"class_list":["post-14667","post","type-post","status-publish","format-standard","has-post-thumbnail","hentry","category-acontece","tag-abrainc","tag-caged-empregos-na-construcao","tag-construcao-civil","tag-mercado-imobiliario","tag-rio-de-janeiro","tag-sao-paulo"],"blocksy_meta":[],"spectra_blocks_featured_image_url":{"thumbnail":{"url":"https:\/\/construcaocivil.siriusmarketingedesign.com.br\/wp-content\/uploads\/2020\/10\/EMPREGOS-RIO-150x150.jpg","width":150,"height":150},"medium":{"url":"https:\/\/construcaocivil.siriusmarketingedesign.com.br\/wp-content\/uploads\/2020\/10\/EMPREGOS-RIO-300x206.jpg","width":300,"height":206},"medium_large":{"url":"https:\/\/construcaocivil.siriusmarketingedesign.com.br\/wp-content\/uploads\/2020\/10\/EMPREGOS-RIO-768x528.jpg","width":768,"height":528},"large":{"url":"https:\/\/construcaocivil.siriusmarketingedesign.com.br\/wp-content\/uploads\/2020\/10\/EMPREGOS-RIO-1024x704.jpg","width":1024,"height":704},"full":{"url":"https:\/\/construcaocivil.siriusmarketingedesign.com.br\/wp-content\/uploads\/2020\/10\/EMPREGOS-RIO.jpg","width":2436,"height":1675}},"spectra_blocks_author_info":{"display_name":"Jornal da Constru\u00e7\u00e3o Civil","avatar_url":"https:\/\/secure.gravatar.com\/avatar\/973c9774fd44ddaceb026973c4962faa70fc512bc4c9da68e8ebb40fecee6540?s=96&d=mm&r=g","author_link":"https:\/\/construcaocivil.siriusmarketingedesign.com.br\/?author=1","description":"Desde de 2013, levando muitas informa\u00e7\u00f5es, lan\u00e7amentos e produtos de qualidade para toda cadeia produtiva da constru\u00e7\u00e3o. O Futuro da constru\u00e7\u00e3o passa por aqui,"},"uagb_featured_image_src":{"full":["https:\/\/construcaocivil.siriusmarketingedesign.com.br\/wp-content\/uploads\/2020\/10\/EMPREGOS-RIO.jpg",2436,1675,false],"thumbnail":["https:\/\/construcaocivil.siriusmarketingedesign.com.br\/wp-content\/uploads\/2020\/10\/EMPREGOS-RIO-150x150.jpg",150,150,true],"medium":["https:\/\/construcaocivil.siriusmarketingedesign.com.br\/wp-content\/uploads\/2020\/10\/EMPREGOS-RIO-300x206.jpg",300,206,true],"medium_large":["https:\/\/construcaocivil.siriusmarketingedesign.com.br\/wp-content\/uploads\/2020\/10\/EMPREGOS-RIO-768x528.jpg",768,528,true],"large":["https:\/\/construcaocivil.siriusmarketingedesign.com.br\/wp-content\/uploads\/2020\/10\/EMPREGOS-RIO-1024x704.jpg",1024,704,true],"1536x1536":["https:\/\/construcaocivil.siriusmarketingedesign.com.br\/wp-content\/uploads\/2020\/10\/EMPREGOS-RIO-1536x1056.jpg",1536,1056,true],"2048x2048":["https:\/\/construcaocivil.siriusmarketingedesign.com.br\/wp-content\/uploads\/2020\/10\/EMPREGOS-RIO-2048x1408.jpg",2048,1408,true]},"uagb_author_info":{"display_name":"Jornal da Constru\u00e7\u00e3o Civil","author_link":"https:\/\/construcaocivil.siriusmarketingedesign.com.br\/?author=1"},"uagb_comment_info":0,"uagb_excerpt":"Setembro de 2020 &#8211; A Associa\u00e7\u00e3o Brasileira de Incorporadoras Imobili\u00e1rias (ABRAINC) avalia o resultado do Caged (Cadastro Geral de Empregados e Desempregados) como uma confirma\u00e7\u00e3o importante do papel do setor da Constru\u00e7\u00e3o Civil para a retomada da atividade econ\u00f4mica do pa\u00eds. A Constru\u00e7\u00e3o contratou 50.489 trabalhadores formais em agosto, contribuindo para o saldo positivo de&hellip;","_links":{"self":[{"href":"https:\/\/construcaocivil.siriusmarketingedesign.com.br\/index.php?rest_route=\/wp\/v2\/posts\/14667","targetHints":{"allow":["GET"]}}],"collection":[{"href":"https:\/\/construcaocivil.siriusmarketingedesign.com.br\/index.php?rest_route=\/wp\/v2\/posts"}],"about":[{"href":"https:\/\/construcaocivil.siriusmarketingedesign.com.br\/index.php?rest_route=\/wp\/v2\/types\/post"}],"author":[{"embeddable":true,"href":"https:\/\/construcaocivil.siriusmarketingedesign.com.br\/index.php?rest_route=\/wp\/v2\/users\/1"}],"replies":[{"embeddable":true,"href":"https:\/\/construcaocivil.siriusmarketingedesign.com.br\/index.php?rest_route=%2Fwp%2Fv2%2Fcomments&post=14667"}],"version-history":[{"count":0,"href":"https:\/\/construcaocivil.siriusmarketingedesign.com.br\/index.php?rest_route=\/wp\/v2\/posts\/14667\/revisions"}],"wp:featuredmedia":[{"embeddable":true,"href":"https:\/\/construcaocivil.siriusmarketingedesign.com.br\/index.php?rest_route=\/wp\/v2\/media\/14668"}],"wp:attachment":[{"href":"https:\/\/construcaocivil.siriusmarketingedesign.com.br\/index.php?rest_route=%2Fwp%2Fv2%2Fmedia&parent=14667"}],"wp:term":[{"taxonomy":"category","embeddable":true,"href":"https:\/\/construcaocivil.siriusmarketingedesign.com.br\/index.php?rest_route=%2Fwp%2Fv2%2Fcategories&post=14667"},{"taxonomy":"post_tag","embeddable":true,"href":"https:\/\/construcaocivil.siriusmarketingedesign.com.br\/index.php?rest_route=%2Fwp%2Fv2%2Ftags&post=14667"}],"curies":[{"name":"wp","href":"https:\/\/api.w.org\/{rel}","templated":true}]}}