{"id":14730,"date":"2020-10-06T17:23:57","date_gmt":"2020-10-06T20:23:57","guid":{"rendered":"https:\/\/www.jornaldaconstrucaocivil.com.br\/?p=14730"},"modified":"2020-10-06T17:25:29","modified_gmt":"2020-10-06T20:25:29","slug":"amanco-wavin-recebe-inscricoes-para-programa-de-estagio-em-diversas-cidades-do-pais","status":"publish","type":"post","link":"https:\/\/construcaocivil.siriusmarketingedesign.com.br\/?p=14730","title":{"rendered":"Amanco Wavin recebe inscri\u00e7\u00f5es para programa  de est\u00e1gio em diversas cidades do Pa\u00eds"},"content":{"rendered":"<div style=\"text-align: justify;\"><span style=\"color: #993300;\">Outubro de 2020<\/span> &#8211; A Amanco Wavin ( <strong><a href=\"https:\/\/ymauszamaonaw.i-mpr.com\/link.php?code=bDpodHRwJTNBJTJGJTJGYW1hbmNvd2F2aW4uY29tLmJyJTJGOjM1NjM5MzE3ODE6c2V2ZXJpYW5Aam9ybmFsZGFjb25zdHJ1Y2FvY2l2aWwuY29tLmJyOjU4ZjRhMA==\" target=\"_blank\" rel=\"noopener noreferrer\"><span style=\"color: #666699;\">amancowavin.com.br<\/span>\u00a0<\/a><\/strong>), marca comercial da Wavin (\u00a0<a href=\"https:\/\/ymauszamaonaw.i-mpr.com\/link.php?code=bDpodHRwJTNBJTJGJTJGd3d3LndhdmluLmNvbSUyRmVuLWVuOjM1NjM5MzE3ODE6c2V2ZXJpYW5Aam9ybmFsZGFjb25zdHJ1Y2FvY2l2aWwuY29tLmJyOjJmZGYyNA==\" target=\"_blank\" rel=\"noopener noreferrer\">wavin.com\u00a0<\/a>), uma das maiores empresas mundiais em tubos e conex\u00f5es, est\u00e1 com inscri\u00e7\u00f5es abertas para o Programa de Est\u00e1gio Jovens Talentos &#8211; 2\u00ba semestre de 2020.<\/div>\n<div><\/div>\n<div style=\"text-align: justify;\">\n<p>As inscri\u00e7\u00f5es e requisitos necess\u00e1rios para concorrer a cada uma das vagas est\u00e3o detalhados no site:\u00a0<strong><a href=\"http:\/\/jovenstalentosamancowavin.jobs\"><span style=\"color: #0000ff;\">http:\/\/jovenstalentosamancowavin.jobs<\/span><\/a><\/strong>.recrut.ai\/\u00a0.<\/p>\n<\/div>\n<div style=\"text-align: justify;\">\n<p>Com dura\u00e7\u00e3o de 24 meses, podem se inscrever estudantes universit\u00e1rios a partir do 3\u00ba semestre e estudantes de curso t\u00e9cnico. As oportunidades s\u00e3o para atuar em diferentes \u00e1reas como: Qualidade, Recursos Humanos, Controladoria, Auditoria Interna, Desenvolvimento de Produtos, Facilities, Financeira, Jur\u00eddica, Produ\u00e7\u00e3o, TI, Vendas, Atendimento ao Cliente, Log\u00edstica, Infraestrutura, Marketing e Comunica\u00e7\u00e3o, Pricing, Trade Marketing, Manuten\u00e7\u00e3o, Seguran\u00e7a do Trabalho, entre outras.<\/p>\n<\/div>\n<div>\n<p>Ao todo, as 68 vagas de est\u00e1gio s\u00e3o oferecidas nas seguintes cidades onde a marca possui opera\u00e7\u00e3o:<\/p>\n<\/div>\n<div>\n<p>_S\u00e3o Paulo (SP) &#8211; 15 vagas<\/p>\n<\/div>\n<div>\n<p>_Sumar\u00e9 (SP) &#8211; 23 vagas<\/p>\n<\/div>\n<div>\n<p>_S\u00e3o Jos\u00e9 dos Campos (SP) &#8211; 01 vaga<\/p>\n<\/div>\n<div>\n<p>_Joinville (SC) &#8211; 20 vagas<\/p>\n<\/div>\n<div>\n<p>_Suape (PE) &#8211; 03 vagas<\/p>\n<\/div>\n<div>\n<p>_Ribeir\u00e3o das Neves (MG) &#8211; 03 vagas<\/p>\n<\/div>\n<div>_An\u00e1polis (GO) &#8211; 03 vagas<\/div>\n<p>&nbsp;<\/p>\n<p>Fonte: Amanco Wavin<\/p>\n","protected":false},"excerpt":{"rendered":"<p>Outubro de 2020 &#8211; A Amanco Wavin ( amancowavin.com.br\u00a0), marca comercial da Wavin (\u00a0wavin.com\u00a0), uma das maiores empresas mundiais em tubos e conex\u00f5es, est\u00e1 com inscri\u00e7\u00f5es abertas para o Programa de Est\u00e1gio Jovens Talentos &#8211; 2\u00ba semestre de 2020. As inscri\u00e7\u00f5es e requisitos necess\u00e1rios para concorrer a cada uma das vagas est\u00e3o detalhados no site:\u00a0http:\/\/jovenstalentosamancowavin.jobs.recrut.ai\/\u00a0. [&hellip;]<\/p>\n","protected":false},"author":1,"featured_media":14731,"comment_status":"open","ping_status":"open","sticky":false,"template":"","format":"standard","meta":{"_uag_custom_page_level_css":"","footnotes":""},"categories":[27],"tags":[],"class_list":["post-14730","post","type-post","status-publish","format-standard","has-post-thumbnail","hentry","category-acontece"],"blocksy_meta":[],"spectra_blocks_featured_image_url":{"thumbnail":{"url":"https:\/\/construcaocivil.siriusmarketingedesign.com.br\/wp-content\/uploads\/2020\/10\/AMANCO-150x150.jpg","width":150,"height":150},"medium":{"url":"https:\/\/construcaocivil.siriusmarketingedesign.com.br\/wp-content\/uploads\/2020\/10\/AMANCO-300x200.jpg","width":300,"height":200},"medium_large":{"url":"https:\/\/construcaocivil.siriusmarketingedesign.com.br\/wp-content\/uploads\/2020\/10\/AMANCO.jpg","width":661,"height":440},"large":{"url":"https:\/\/construcaocivil.siriusmarketingedesign.com.br\/wp-content\/uploads\/2020\/10\/AMANCO.jpg","width":661,"height":440},"full":{"url":"https:\/\/construcaocivil.siriusmarketingedesign.com.br\/wp-content\/uploads\/2020\/10\/AMANCO.jpg","width":661,"height":440}},"spectra_blocks_author_info":{"display_name":"Jornal da Constru\u00e7\u00e3o Civil","avatar_url":"https:\/\/secure.gravatar.com\/avatar\/973c9774fd44ddaceb026973c4962faa70fc512bc4c9da68e8ebb40fecee6540?s=96&d=mm&r=g","author_link":"https:\/\/construcaocivil.siriusmarketingedesign.com.br\/?author=1","description":"Desde de 2013, levando muitas informa\u00e7\u00f5es, lan\u00e7amentos e produtos de qualidade para toda cadeia produtiva da constru\u00e7\u00e3o. O Futuro da constru\u00e7\u00e3o passa por aqui,"},"uagb_featured_image_src":{"full":["https:\/\/construcaocivil.siriusmarketingedesign.com.br\/wp-content\/uploads\/2020\/10\/AMANCO.jpg",661,440,false],"thumbnail":["https:\/\/construcaocivil.siriusmarketingedesign.com.br\/wp-content\/uploads\/2020\/10\/AMANCO-150x150.jpg",150,150,true],"medium":["https:\/\/construcaocivil.siriusmarketingedesign.com.br\/wp-content\/uploads\/2020\/10\/AMANCO-300x200.jpg",300,200,true],"medium_large":["https:\/\/construcaocivil.siriusmarketingedesign.com.br\/wp-content\/uploads\/2020\/10\/AMANCO.jpg",661,440,false],"large":["https:\/\/construcaocivil.siriusmarketingedesign.com.br\/wp-content\/uploads\/2020\/10\/AMANCO.jpg",661,440,false],"1536x1536":["https:\/\/construcaocivil.siriusmarketingedesign.com.br\/wp-content\/uploads\/2020\/10\/AMANCO.jpg",661,440,false],"2048x2048":["https:\/\/construcaocivil.siriusmarketingedesign.com.br\/wp-content\/uploads\/2020\/10\/AMANCO.jpg",661,440,false]},"uagb_author_info":{"display_name":"Jornal da Constru\u00e7\u00e3o Civil","author_link":"https:\/\/construcaocivil.siriusmarketingedesign.com.br\/?author=1"},"uagb_comment_info":0,"uagb_excerpt":"Outubro de 2020 &#8211; A Amanco Wavin ( amancowavin.com.br\u00a0), marca comercial da Wavin (\u00a0wavin.com\u00a0), uma das maiores empresas mundiais em tubos e conex\u00f5es, est\u00e1 com inscri\u00e7\u00f5es abertas para o Programa de Est\u00e1gio Jovens Talentos &#8211; 2\u00ba semestre de 2020. As inscri\u00e7\u00f5es e requisitos necess\u00e1rios para concorrer a cada uma das vagas est\u00e3o detalhados no site:\u00a0http:\/\/jovenstalentosamancowavin.jobs.recrut.ai\/\u00a0.&hellip;","_links":{"self":[{"href":"https:\/\/construcaocivil.siriusmarketingedesign.com.br\/index.php?rest_route=\/wp\/v2\/posts\/14730","targetHints":{"allow":["GET"]}}],"collection":[{"href":"https:\/\/construcaocivil.siriusmarketingedesign.com.br\/index.php?rest_route=\/wp\/v2\/posts"}],"about":[{"href":"https:\/\/construcaocivil.siriusmarketingedesign.com.br\/index.php?rest_route=\/wp\/v2\/types\/post"}],"author":[{"embeddable":true,"href":"https:\/\/construcaocivil.siriusmarketingedesign.com.br\/index.php?rest_route=\/wp\/v2\/users\/1"}],"replies":[{"embeddable":true,"href":"https:\/\/construcaocivil.siriusmarketingedesign.com.br\/index.php?rest_route=%2Fwp%2Fv2%2Fcomments&post=14730"}],"version-history":[{"count":0,"href":"https:\/\/construcaocivil.siriusmarketingedesign.com.br\/index.php?rest_route=\/wp\/v2\/posts\/14730\/revisions"}],"wp:featuredmedia":[{"embeddable":true,"href":"https:\/\/construcaocivil.siriusmarketingedesign.com.br\/index.php?rest_route=\/wp\/v2\/media\/14731"}],"wp:attachment":[{"href":"https:\/\/construcaocivil.siriusmarketingedesign.com.br\/index.php?rest_route=%2Fwp%2Fv2%2Fmedia&parent=14730"}],"wp:term":[{"taxonomy":"category","embeddable":true,"href":"https:\/\/construcaocivil.siriusmarketingedesign.com.br\/index.php?rest_route=%2Fwp%2Fv2%2Fcategories&post=14730"},{"taxonomy":"post_tag","embeddable":true,"href":"https:\/\/construcaocivil.siriusmarketingedesign.com.br\/index.php?rest_route=%2Fwp%2Fv2%2Ftags&post=14730"}],"curies":[{"name":"wp","href":"https:\/\/api.w.org\/{rel}","templated":true}]}}