{"id":14741,"date":"2020-10-08T11:05:25","date_gmt":"2020-10-08T14:05:25","guid":{"rendered":"https:\/\/www.jornaldaconstrucaocivil.com.br\/?p=14741"},"modified":"2020-10-08T11:05:25","modified_gmt":"2020-10-08T14:05:25","slug":"bw-talks-investidores-estao-cada-vez-mais-atentos-a-questao-da-sustentabilidade-ambiental","status":"publish","type":"post","link":"https:\/\/construcaocivil.siriusmarketingedesign.com.br\/?p=14741","title":{"rendered":"BW TALKS: Investidores est\u00e3o cada vez mais atentos \u00e0 quest\u00e3o da sustentabilidade ambiental"},"content":{"rendered":"<p style=\"text-align: justify;\"><span style=\"color: #993300;\">Outubro, 2020<\/span> &#8211; A valoriza\u00e7\u00e3o do meio ambiente tem sido uma das prioridades da \u00e1rea de mercado de capitais. Cada vez mais, os investidores est\u00e3o compreendendo que os investimentos feitos tanto em empresas quanto em t\u00edtulos, que privilegiam uma postura sustent\u00e1vel, geram, ao final, ativos mais saud\u00e1veis e mais perenes.<\/p>\n<p style=\"text-align: justify;\">Essa avalia\u00e7\u00e3o do CEO da Mau\u00e1 Capital, Luiz Fernando Figueiredo, durante o Webinar BW TALKS, refor\u00e7a que a conduta ambiental, somada \u00e0s quest\u00f5es sociais e de governan\u00e7a, vem influenciando os investidores em suas escolhas no aporte de recursos n\u00e3o apenas no Brasil, mas tamb\u00e9m no exterior. \u201cPor isso, \u00e9 importante ter a vis\u00e3o de que ser ESG (environmental, social and governance, em ingl\u00eas) \u00e9 \u201clegal\u201d e excelente\u201d, disse.<\/p>\n<p style=\"text-align: justify;\">Nesse sentido, a s\u00f3cia \u00e0 frente de novos neg\u00f3cios, ESG e Impacto da Mau\u00e1 Capital, Carolina da Costa, ponderou que a maneira mais eficaz de trabalhar a agenda nas grandes empresas \u00e9 atrav\u00e9s do engajamento. \u201c\u00c9 preciso come\u00e7ar hoje um processo cont\u00ednuo de transforma\u00e7\u00e3o para que elas sejam materializadas no curto, m\u00e9dio e longo prazos, dependendo do tipo de segmento\u201d, disse. \u201cCertamente, as grandes empresas s\u00e3o as mais pressionadas pelos investimentos e, com isso, elas podem ser as protagonistas dessa importante transforma\u00e7\u00e3o\u201d, acrescentou.<\/p>\n<p style=\"text-align: justify;\">No caso do mercado financeiro, Carolina avaliou que sua responsabilidade \u00e9 prover solu\u00e7\u00f5es, ou seja, ser parceiro na constru\u00e7\u00e3o de solu\u00e7\u00f5es para aprimorar o fator ESG. \u201c\u00c9 importante que eles saibam quais os benef\u00edcios em seu neg\u00f3cio e na sua cadeia de valor na transforma\u00e7\u00e3o para esse modelo mais sustent\u00e1vel\u201d. A seu ver, a proposi\u00e7\u00e3o ESG deve vir do alto escal\u00e3o das empresas: CEO e diretoria, apontando o comprometimento da corpora\u00e7\u00e3o nos m\u00e9dio e longo prazos.<\/p>\n<p style=\"text-align: justify;\">Outro ponto abordado pelos participantes do Webinar BW TALKS: A Sustentabilidade e o Mercado de Capitais, no dia 7 de outubro, foram a respeito da velocidade de transforma\u00e7\u00e3o que as empresas est\u00e3o submetidas nos dias atuais. Figueiredo citou o caso das gigantes que atuam no mundo digital, que v\u00e3o crescendo com consist\u00eancia anualmente e evoluindo de forma constante tamb\u00e9m. \u201cAs empresas que n\u00e3o tiverem a capacidade de se modificar nessa velocidade podem acabar ficando pelo caminho. \u00c9 preciso evoluir cada vez mais, mas agredindo cada vez menos o meio ambiente. Os investidores cobrar\u00e3o todos os setores, por isso mesmos todos ter\u00e3o que realizar modifica\u00e7\u00f5es em seus processos para serem sustent\u00e1veis\u201d.<\/p>\n<p style=\"text-align: justify;\">Ele tamb\u00e9m comemorou o fato de a sociedade estar mais atenta \u00e0 quest\u00e3o ambiental. \u201cA pandemia trouxe um senso de urg\u00eancia para esse fator. Quando a sociedade come\u00e7a a ser contr\u00e1ria a uma atitude ou a\u00e7\u00e3o, cada vez mais torna-se inaceit\u00e1vel certos tipos de condutas ou comportamentos\u201d.<\/p>\n<p style=\"text-align: justify;\">Por fim, Vagner Barbosa, membro do Comit\u00ea Organizador do movimento BW, questionou sobre o impacto da nova gera\u00e7\u00e3o para a sustentabilidade ambiental. E, Carolina respondeu que eles cobram muito a quest\u00e3o da coer\u00eancia. \u201cIsso \u00e9 uma importante mudan\u00e7a. Assim, falar a verdade o tempo todo \u00e9 a melhor prote\u00e7\u00e3o das empresas contra qualquer repercuss\u00e3o nas m\u00eddias sociais. Todos n\u00f3s seremos compelidos a mostrar qual \u00e9 a nossa verdade\u201d.<\/p>\n<p>Para assistir ao evento na \u00edntegra, basta acessar o Canal do\u00a0<strong><span style=\"color: #0000ff;\"><a style=\"color: #0000ff;\" href=\"https:\/\/www.youtube.com\/watch?v=SinKSRLIP6U\" target=\"_blank\" rel=\"noopener noreferrer\">YouTube da Sobratema<\/a>.<\/span><\/strong><\/p>\n<p>Fonte: Imprensa\/BW 2020<\/p>\n","protected":false},"excerpt":{"rendered":"<p>Outubro, 2020 &#8211; A valoriza\u00e7\u00e3o do meio ambiente tem sido uma das prioridades da \u00e1rea de mercado de capitais. Cada vez mais, os investidores est\u00e3o compreendendo que os investimentos feitos tanto em empresas quanto em t\u00edtulos, que privilegiam uma postura sustent\u00e1vel, geram, ao final, ativos mais saud\u00e1veis e mais perenes. Essa avalia\u00e7\u00e3o do CEO da [&hellip;]<\/p>\n","protected":false},"author":1,"featured_media":14742,"comment_status":"open","ping_status":"open","sticky":false,"template":"","format":"standard","meta":{"_uag_custom_page_level_css":"","footnotes":""},"categories":[33],"tags":[19588,19587,19589,7438,19586],"class_list":["post-14741","post","type-post","status-publish","format-standard","has-post-thumbnail","hentry","category-mercado","tag-bw-2020","tag-impacto-negativos-para-o-brasil","tag-maua-capital","tag-meio-ambiente","tag-queimadas-coloca-em-risco-o-pais"],"blocksy_meta":[],"spectra_blocks_featured_image_url":{"thumbnail":{"url":"https:\/\/construcaocivil.siriusmarketingedesign.com.br\/wp-content\/uploads\/2020\/10\/florestas-urbanas-150x150.jpg","width":150,"height":150},"medium":{"url":"https:\/\/construcaocivil.siriusmarketingedesign.com.br\/wp-content\/uploads\/2020\/10\/florestas-urbanas-300x193.jpg","width":300,"height":193},"medium_large":{"url":"https:\/\/construcaocivil.siriusmarketingedesign.com.br\/wp-content\/uploads\/2020\/10\/florestas-urbanas.jpg","width":600,"height":386},"large":{"url":"https:\/\/construcaocivil.siriusmarketingedesign.com.br\/wp-content\/uploads\/2020\/10\/florestas-urbanas.jpg","width":600,"height":386},"full":{"url":"https:\/\/construcaocivil.siriusmarketingedesign.com.br\/wp-content\/uploads\/2020\/10\/florestas-urbanas.jpg","width":600,"height":386}},"spectra_blocks_author_info":{"display_name":"Jornal da Constru\u00e7\u00e3o Civil","avatar_url":"https:\/\/secure.gravatar.com\/avatar\/973c9774fd44ddaceb026973c4962faa70fc512bc4c9da68e8ebb40fecee6540?s=96&d=mm&r=g","author_link":"https:\/\/construcaocivil.siriusmarketingedesign.com.br\/?author=1","description":"Desde de 2013, levando muitas informa\u00e7\u00f5es, lan\u00e7amentos e produtos de qualidade para toda cadeia produtiva da constru\u00e7\u00e3o. O Futuro da constru\u00e7\u00e3o passa por aqui,"},"uagb_featured_image_src":{"full":["https:\/\/construcaocivil.siriusmarketingedesign.com.br\/wp-content\/uploads\/2020\/10\/florestas-urbanas.jpg",600,386,false],"thumbnail":["https:\/\/construcaocivil.siriusmarketingedesign.com.br\/wp-content\/uploads\/2020\/10\/florestas-urbanas-150x150.jpg",150,150,true],"medium":["https:\/\/construcaocivil.siriusmarketingedesign.com.br\/wp-content\/uploads\/2020\/10\/florestas-urbanas-300x193.jpg",300,193,true],"medium_large":["https:\/\/construcaocivil.siriusmarketingedesign.com.br\/wp-content\/uploads\/2020\/10\/florestas-urbanas.jpg",600,386,false],"large":["https:\/\/construcaocivil.siriusmarketingedesign.com.br\/wp-content\/uploads\/2020\/10\/florestas-urbanas.jpg",600,386,false],"1536x1536":["https:\/\/construcaocivil.siriusmarketingedesign.com.br\/wp-content\/uploads\/2020\/10\/florestas-urbanas.jpg",600,386,false],"2048x2048":["https:\/\/construcaocivil.siriusmarketingedesign.com.br\/wp-content\/uploads\/2020\/10\/florestas-urbanas.jpg",600,386,false]},"uagb_author_info":{"display_name":"Jornal da Constru\u00e7\u00e3o Civil","author_link":"https:\/\/construcaocivil.siriusmarketingedesign.com.br\/?author=1"},"uagb_comment_info":0,"uagb_excerpt":"Outubro, 2020 &#8211; A valoriza\u00e7\u00e3o do meio ambiente tem sido uma das prioridades da \u00e1rea de mercado de capitais. Cada vez mais, os investidores est\u00e3o compreendendo que os investimentos feitos tanto em empresas quanto em t\u00edtulos, que privilegiam uma postura sustent\u00e1vel, geram, ao final, ativos mais saud\u00e1veis e mais perenes. Essa avalia\u00e7\u00e3o do CEO da&hellip;","_links":{"self":[{"href":"https:\/\/construcaocivil.siriusmarketingedesign.com.br\/index.php?rest_route=\/wp\/v2\/posts\/14741","targetHints":{"allow":["GET"]}}],"collection":[{"href":"https:\/\/construcaocivil.siriusmarketingedesign.com.br\/index.php?rest_route=\/wp\/v2\/posts"}],"about":[{"href":"https:\/\/construcaocivil.siriusmarketingedesign.com.br\/index.php?rest_route=\/wp\/v2\/types\/post"}],"author":[{"embeddable":true,"href":"https:\/\/construcaocivil.siriusmarketingedesign.com.br\/index.php?rest_route=\/wp\/v2\/users\/1"}],"replies":[{"embeddable":true,"href":"https:\/\/construcaocivil.siriusmarketingedesign.com.br\/index.php?rest_route=%2Fwp%2Fv2%2Fcomments&post=14741"}],"version-history":[{"count":0,"href":"https:\/\/construcaocivil.siriusmarketingedesign.com.br\/index.php?rest_route=\/wp\/v2\/posts\/14741\/revisions"}],"wp:featuredmedia":[{"embeddable":true,"href":"https:\/\/construcaocivil.siriusmarketingedesign.com.br\/index.php?rest_route=\/wp\/v2\/media\/14742"}],"wp:attachment":[{"href":"https:\/\/construcaocivil.siriusmarketingedesign.com.br\/index.php?rest_route=%2Fwp%2Fv2%2Fmedia&parent=14741"}],"wp:term":[{"taxonomy":"category","embeddable":true,"href":"https:\/\/construcaocivil.siriusmarketingedesign.com.br\/index.php?rest_route=%2Fwp%2Fv2%2Fcategories&post=14741"},{"taxonomy":"post_tag","embeddable":true,"href":"https:\/\/construcaocivil.siriusmarketingedesign.com.br\/index.php?rest_route=%2Fwp%2Fv2%2Ftags&post=14741"}],"curies":[{"name":"wp","href":"https:\/\/api.w.org\/{rel}","templated":true}]}}