{"id":14766,"date":"2020-10-10T20:02:51","date_gmt":"2020-10-10T23:02:51","guid":{"rendered":"https:\/\/www.jornaldaconstrucaocivil.com.br\/?p=14766"},"modified":"2020-10-10T20:02:51","modified_gmt":"2020-10-10T23:02:51","slug":"cummins-brasil-promove-mes-da-diversidade-inclusao-e-debate-o-racismo","status":"publish","type":"post","link":"https:\/\/construcaocivil.siriusmarketingedesign.com.br\/?p=14766","title":{"rendered":"Cummins Brasil promove M\u00eas da Diversidade &#038; Inclus\u00e3o e debate o Racismo"},"content":{"rendered":"<p style=\"text-align: justify;\"><span class=\"v1s1\"><span style=\"color: #993300;\">Outubro, 2020<\/span><strong> &#8211; <\/strong><\/span>Comprometida em promover a diversidade dentro de suas instala\u00e7\u00f5es e fomentar o di\u00e1logo para a contribui\u00e7\u00e3o de uma sociedade mais justa e igualit\u00e1ria, a Cummins Brasil realizou pelo quarto ano consecutivo o M\u00eas da Diversidade &amp; Inclus\u00e3o, com ampla programa\u00e7\u00e3o voltada para o conhecimento, informa\u00e7\u00e3o e troca de experi\u00eancias entre os colaboradores e convidados especiais.<\/p>\n<p>As atividades do m\u00eas foram planejadas e executadas pelos Grupos de Recursos de Colaboradores (ERG&#8217;s), pelo Comit\u00ea de Diversidade da Cummins do Brasil e teve como tema central o Racismo e suas vertentes na nossa sociedade.<\/p>\n<p>De acordo com Marco Bologna, diretor de Compras para Am\u00e9rica Latina e l\u00edder do Comit\u00ea Brasil de Diversidade da Cummins, &#8220;a busca pela equidade e quebra de preconceitos est\u00e1 no nosso DNA. Nesta edi\u00e7\u00e3o, por conta do distanciamento social, realizamos quatro lives, uma por semana, e o engajamento foi surpreendente; contabilizamos a participa\u00e7\u00e3o de mais de 600 pessoas e ampliamos ainda mais as possibilidades ao envolvermos tamb\u00e9m os familiares dos nossos colaboradores na busca de conhecimento e informa\u00e7\u00e3o&#8221;.<\/p>\n<p>O primeiro encontro abordou a tem\u00e1tica &#8220;Vamos tirar o racismo do arm\u00e1rio?&#8221; e os representantes do ERG Pride, tamb\u00e9m colaboradores da Cummins Brasil, Andrew Labatut, Jo\u00e3o Carlos e Vanderlei Silva, contaram suas viv\u00eancias de racismo e homofobia ao mesmo tempo em que despertaram a consci\u00eancia do p\u00fablico presente de que as pessoas podem praticar o racismo mesmo sem a inten\u00e7\u00e3o. Al\u00e9m disso, orientaram sobre como podemos melhorar o nosso vi\u00e9s inconsciente.<\/p>\n<p>&#8220;Racismo e o tempo: o que mudou?&#8221; foi a live liderada pelo ERG Gera\u00e7\u00f5es da Cummins que trouxe para o debate tr\u00eas convidados de gera\u00e7\u00f5es distintas. Os colaboradores Jefferson Silva, Larissa Oliveira e Glaucio Soares dividiram momentos cr\u00edticos, como a busca pelo primeiro emprego, estudos e obst\u00e1culos j\u00e1 enfrentados por serem afrodescendentes no Brasil.<\/p>\n<p>Com a participa\u00e7\u00e3o e apresenta\u00e7\u00e3o de Flavia Martins, poeta e diretora de marketing da empresa TransUnion, em parceria com a colaboradora da Cummins Brasil, Valana Feliciano, o tema &#8220;Conhecimento e sororidade, duas grandes ferramentas do empoderamento feminino e aceita\u00e7\u00e3o&#8221;, foi debatido entre os participantes que aprenderam muito sobre o poder de fala da mulher negra e os desafios de ser mulher em uma sociedade que n\u00e3o reconhece e valoriza o g\u00eanero.<\/p>\n<p>Como questionamento para o \u00faltimo encontro que marcou o M\u00eas da Diversidade &amp; Inclus\u00e3o nas a\u00e7\u00f5es da Cummins Brasil, &#8220;o que \u00e9 capacitismo&#8221;? O ERG para Pessoas com Defici\u00eancia trouxe discuss\u00f5es important\u00edssimas sobre os conceitos, muitas vezes impostos pela sociedade, de que as pessoas s\u00e3o &#8216;perfeitas&#8217;. Os convidados internos e externos relataram como \u00e9 o dia a dia de uma pessoa com defici\u00eancia e como o capacitismo pode ser nocivo para o desenvolvimento desses indiv\u00edduos.<\/p>\n<p>De carona com as a\u00e7\u00f5es de Diversidade &amp; Inclus\u00e3o, a Cummins Brasil, com o suporte da \u00e1rea de Recrutamento &amp; Sele\u00e7\u00e3o, tem apoiado a atra\u00e7\u00e3o de talentos, divulgando como o interessado pode se inscrever para fazer parte do Banco de Talentos de Diversidade para futuras oportunidades.<br \/>\n<span style=\"color: #0000ff;\"><a style=\"color: #0000ff;\" href=\"https:\/\/cummins-brazil.jobs\/s%C3%A3o-paulo-bra\/banco-de-talentos-diversidade\/D79DC177541E410B899832E8FCCDDFA9\/job\/\" target=\"_blank\" rel=\"noopener noreferrer\">https:\/\/cummins-brazil.jobs\/s%C3%A3o-paulo-bra\/banco-de-talentos-diversidade\/D79DC177541E410B899832E8FCCDDFA9\/job\/<\/a><\/span><\/p>\n<p>Todas as lives do M\u00eas da Diversidade &amp; Inclus\u00e3o promovidas pela Cummins Brasil foram pensadas para trazer \u00e0 tona assuntos que influenciam diretamente nas rela\u00e7\u00f5es interpessoais da sociedade. Para assisti-las, basta acessar o canal:\u00a0<span style=\"color: #0000ff;\"><a style=\"color: #0000ff;\" href=\"https:\/\/www.youtube.com\/user\/CumminsBR\/videos\" target=\"_blank\" rel=\"noopener noreferrer\">https:\/\/www.youtube.com\/user\/CumminsBR\/videos<\/a><\/span><\/p>\n","protected":false},"excerpt":{"rendered":"<p>Outubro, 2020 &#8211; Comprometida em promover a diversidade dentro de suas instala\u00e7\u00f5es e fomentar o di\u00e1logo para a contribui\u00e7\u00e3o de uma sociedade mais justa e igualit\u00e1ria, a Cummins Brasil realizou pelo quarto ano consecutivo o M\u00eas da Diversidade &amp; Inclus\u00e3o, com ampla programa\u00e7\u00e3o voltada para o conhecimento, informa\u00e7\u00e3o e troca de experi\u00eancias entre os colaboradores [&hellip;]<\/p>\n","protected":false},"author":1,"featured_media":14767,"comment_status":"open","ping_status":"open","sticky":false,"template":"","format":"standard","meta":{"_uag_custom_page_level_css":"","footnotes":""},"categories":[27],"tags":[19612,13017,19608,19613,19609,19611,19610],"class_list":["post-14766","post","type-post","status-publish","format-standard","has-post-thumbnail","hentry","category-acontece","tag-automoveis-motores","tag-combate-ao-racismo","tag-cummins-brasil","tag-emprego-e-cidadania","tag-manutencao-de-motores","tag-mes-da-diversidade-inclusao","tag-tecnologia-para-motores"],"blocksy_meta":[],"spectra_blocks_featured_image_url":{"thumbnail":{"url":"https:\/\/construcaocivil.siriusmarketingedesign.com.br\/wp-content\/uploads\/2020\/10\/CCC-mes_da_diversidade-150x150.jpg","width":150,"height":150},"medium":{"url":"https:\/\/construcaocivil.siriusmarketingedesign.com.br\/wp-content\/uploads\/2020\/10\/CCC-mes_da_diversidade-300x300.jpg","width":300,"height":300},"medium_large":{"url":"https:\/\/construcaocivil.siriusmarketingedesign.com.br\/wp-content\/uploads\/2020\/10\/CCC-mes_da_diversidade.jpg","width":720,"height":720},"large":{"url":"https:\/\/construcaocivil.siriusmarketingedesign.com.br\/wp-content\/uploads\/2020\/10\/CCC-mes_da_diversidade.jpg","width":720,"height":720},"full":{"url":"https:\/\/construcaocivil.siriusmarketingedesign.com.br\/wp-content\/uploads\/2020\/10\/CCC-mes_da_diversidade.jpg","width":720,"height":720}},"spectra_blocks_author_info":{"display_name":"Jornal da Constru\u00e7\u00e3o Civil","avatar_url":"https:\/\/secure.gravatar.com\/avatar\/973c9774fd44ddaceb026973c4962faa70fc512bc4c9da68e8ebb40fecee6540?s=96&d=mm&r=g","author_link":"https:\/\/construcaocivil.siriusmarketingedesign.com.br\/?author=1","description":"Desde de 2013, levando muitas informa\u00e7\u00f5es, lan\u00e7amentos e produtos de qualidade para toda cadeia produtiva da constru\u00e7\u00e3o. O Futuro da constru\u00e7\u00e3o passa por aqui,"},"uagb_featured_image_src":{"full":["https:\/\/construcaocivil.siriusmarketingedesign.com.br\/wp-content\/uploads\/2020\/10\/CCC-mes_da_diversidade.jpg",720,720,false],"thumbnail":["https:\/\/construcaocivil.siriusmarketingedesign.com.br\/wp-content\/uploads\/2020\/10\/CCC-mes_da_diversidade-150x150.jpg",150,150,true],"medium":["https:\/\/construcaocivil.siriusmarketingedesign.com.br\/wp-content\/uploads\/2020\/10\/CCC-mes_da_diversidade-300x300.jpg",300,300,true],"medium_large":["https:\/\/construcaocivil.siriusmarketingedesign.com.br\/wp-content\/uploads\/2020\/10\/CCC-mes_da_diversidade.jpg",720,720,false],"large":["https:\/\/construcaocivil.siriusmarketingedesign.com.br\/wp-content\/uploads\/2020\/10\/CCC-mes_da_diversidade.jpg",720,720,false],"1536x1536":["https:\/\/construcaocivil.siriusmarketingedesign.com.br\/wp-content\/uploads\/2020\/10\/CCC-mes_da_diversidade.jpg",720,720,false],"2048x2048":["https:\/\/construcaocivil.siriusmarketingedesign.com.br\/wp-content\/uploads\/2020\/10\/CCC-mes_da_diversidade.jpg",720,720,false]},"uagb_author_info":{"display_name":"Jornal da Constru\u00e7\u00e3o Civil","author_link":"https:\/\/construcaocivil.siriusmarketingedesign.com.br\/?author=1"},"uagb_comment_info":0,"uagb_excerpt":"Outubro, 2020 &#8211; Comprometida em promover a diversidade dentro de suas instala\u00e7\u00f5es e fomentar o di\u00e1logo para a contribui\u00e7\u00e3o de uma sociedade mais justa e igualit\u00e1ria, a Cummins Brasil realizou pelo quarto ano consecutivo o M\u00eas da Diversidade &amp; Inclus\u00e3o, com ampla programa\u00e7\u00e3o voltada para o conhecimento, informa\u00e7\u00e3o e troca de experi\u00eancias entre os colaboradores&hellip;","_links":{"self":[{"href":"https:\/\/construcaocivil.siriusmarketingedesign.com.br\/index.php?rest_route=\/wp\/v2\/posts\/14766","targetHints":{"allow":["GET"]}}],"collection":[{"href":"https:\/\/construcaocivil.siriusmarketingedesign.com.br\/index.php?rest_route=\/wp\/v2\/posts"}],"about":[{"href":"https:\/\/construcaocivil.siriusmarketingedesign.com.br\/index.php?rest_route=\/wp\/v2\/types\/post"}],"author":[{"embeddable":true,"href":"https:\/\/construcaocivil.siriusmarketingedesign.com.br\/index.php?rest_route=\/wp\/v2\/users\/1"}],"replies":[{"embeddable":true,"href":"https:\/\/construcaocivil.siriusmarketingedesign.com.br\/index.php?rest_route=%2Fwp%2Fv2%2Fcomments&post=14766"}],"version-history":[{"count":0,"href":"https:\/\/construcaocivil.siriusmarketingedesign.com.br\/index.php?rest_route=\/wp\/v2\/posts\/14766\/revisions"}],"wp:featuredmedia":[{"embeddable":true,"href":"https:\/\/construcaocivil.siriusmarketingedesign.com.br\/index.php?rest_route=\/wp\/v2\/media\/14767"}],"wp:attachment":[{"href":"https:\/\/construcaocivil.siriusmarketingedesign.com.br\/index.php?rest_route=%2Fwp%2Fv2%2Fmedia&parent=14766"}],"wp:term":[{"taxonomy":"category","embeddable":true,"href":"https:\/\/construcaocivil.siriusmarketingedesign.com.br\/index.php?rest_route=%2Fwp%2Fv2%2Fcategories&post=14766"},{"taxonomy":"post_tag","embeddable":true,"href":"https:\/\/construcaocivil.siriusmarketingedesign.com.br\/index.php?rest_route=%2Fwp%2Fv2%2Ftags&post=14766"}],"curies":[{"name":"wp","href":"https:\/\/api.w.org\/{rel}","templated":true}]}}