{"id":14787,"date":"2020-10-13T21:34:53","date_gmt":"2020-10-14T00:34:53","guid":{"rendered":"https:\/\/www.jornaldaconstrucaocivil.com.br\/?p=14787"},"modified":"2020-10-13T21:34:53","modified_gmt":"2020-10-14T00:34:53","slug":"problemas-de-saude-mental-serao-uma-nova-pandemia","status":"publish","type":"post","link":"https:\/\/construcaocivil.siriusmarketingedesign.com.br\/?p=14787","title":{"rendered":"Problemas de Sa\u00fade Mental ser\u00e3o uma nova pandemia?"},"content":{"rendered":"<p><span style=\"color: #993300;\"><em>Por\u00a0Joyce Capelli, presidente do Instituto Melhores Dias<\/em><\/span><\/p>\n<p style=\"text-align: justify;\">\n<span style=\"color: #800000;\">Outubro, 2020<\/span> &#8211; A pergunta <b><span style=\"color: #0000ff;\">\u201ccomo lidar com a ansiedade?\u201d<\/span><\/b><span style=\"color: #0000ff;\">,<\/span> foi a mais repetida na \u00faltima d\u00e9cada. E em rela\u00e7\u00e3o a 2019, cresceu 33%. Entre as perguntas mais buscadas este ano com a express\u00e3o \u201ccomo lidar?\u201d, duas se referem a ansiedade e depress\u00e3o. Tamb\u00e9m aumentou exponencialmente o interesse dos brasileiros sobre o que \u00e9 a felicidade. Em junho, essa pergunta teve o maior volume de buscas dos \u00faltimos oito anos.<\/p>\n<p>N\u00e3o \u00e9 preciso bola de cristal para entender essa demanda toda ao or\u00e1culo virtual do Google: trata-se de reflexos do medo, solid\u00e3o e ang\u00fastias trazidas pela pandemia e pelo isolamento social.<\/p>\n<p>No<b>\u00a0<span style=\"color: #0000ff;\">Instituto Melhores Dias<\/span><\/b>, bem antes do v\u00edrus da Covid, j\u00e1 discut\u00edamos o crescente aumento de demanda por aten\u00e7\u00e3o \u00e0 sa\u00fade mental. A vida moderna, sem nenhum percal\u00e7o catastr\u00f3fico, j\u00e1 provocava altera\u00e7\u00f5es cada vez mais significativas no comportamento humano, gerando ansiedade, depress\u00e3o, preocupa\u00e7\u00f5es extremas e muitos outros malef\u00edcios que distanciam o ser humano da paz e felicidade.<\/p>\n<p>O que vir\u00e1 por a\u00ed, nos pr\u00f3ximos meses (e anos) ser\u00e1 um tipo de estresse p\u00f3s-traum\u00e1tico provocado por essa fase desafiadora por que passa a humanidade. Se antes era mister dar aten\u00e7\u00e3o \u00e0 sa\u00fade mental como novo foco de destaque da sa\u00fade p\u00fablica, agora se tornou primordial. As pesquisas do Google, muito bem observadas pela reportagem do Estad\u00e3o, atestam mais este \u201cmal do s\u00e9culo\u201d, para usar um jarg\u00e3o de efeito. E cabe destacar que o Google pode trazer refer\u00eancias, textos e informa\u00e7\u00f5es, mas n\u00e3o oferece o tratamento personalizado que esses problemas exigem.<\/p>\n<p>Em pesquisa realizada pelo IMD com mais de 1.400 domic\u00edlios, em v\u00e1rios Estados brasileiros, 87,8% das respostas demonstraram receios quanto ao futuro. Em nossa organiza\u00e7\u00e3o, j\u00e1 preparamos programas voltados para enfrentar essa demanda da sociedade. Principalmente por termos a percep\u00e7\u00e3o que o Poder P\u00fablico n\u00e3o est\u00e1 equipado com os recursos necess\u00e1rios para o enfrentamento dessa nova realidade.<\/p>\n<p>Quem estiver \u00e0 frente dos servi\u00e7os de atendimento \u00e0 popula\u00e7\u00e3o precisar\u00e1 de protocolo para identifica\u00e7\u00e3o dos agentes causadores dos transtornos na sa\u00fade mental, mobiliza\u00e7\u00e3o para enfrenta-los e profissionais capacitados a lidar com tratamento, terapia e medicamentos, quando necess\u00e1rio.<\/p>\n<p>Amea\u00e7a \u00e0 sa\u00fade, risco de vida, crise financeira, Fake News, falta de seguran\u00e7a, desequil\u00edbrio do meio ambiente, ang\u00fastias sociais, dificuldades profissionais, familiares, pessoais, n\u00e3o ir\u00e3o desaparecer t\u00e3o cedo. Tendem a aumentar no futuro pr\u00f3ximo. Precisamos nos precaver para evitar uma nova pandemia, n\u00e3o de v\u00edrus, mas de falta de controle emocional.<\/p>\n","protected":false},"excerpt":{"rendered":"<p>Por\u00a0Joyce Capelli, presidente do Instituto Melhores Dias Outubro, 2020 &#8211; A pergunta \u201ccomo lidar com a ansiedade?\u201d, foi a mais repetida na \u00faltima d\u00e9cada. E em rela\u00e7\u00e3o a 2019, cresceu 33%. Entre as perguntas mais buscadas este ano com a express\u00e3o \u201ccomo lidar?\u201d, duas se referem a ansiedade e depress\u00e3o. Tamb\u00e9m aumentou exponencialmente o interesse [&hellip;]<\/p>\n","protected":false},"author":1,"featured_media":14788,"comment_status":"open","ping_status":"open","sticky":false,"template":"","format":"standard","meta":{"_uag_custom_page_level_css":"","footnotes":""},"categories":[27],"tags":[19626,15721,10679,19627,19625],"class_list":["post-14787","post","type-post","status-publish","format-standard","has-post-thumbnail","hentry","category-acontece","tag-economia-x-saude-mental","tag-instituto-melhores-dias","tag-sao-paulo-sp","tag-saude-das-pessoas-em-tempos-de-covid-19","tag-saude-mental"],"blocksy_meta":[],"spectra_blocks_featured_image_url":{"thumbnail":{"url":"https:\/\/construcaocivil.siriusmarketingedesign.com.br\/wp-content\/uploads\/2020\/10\/unnamed-4-1-150x150.jpg","width":150,"height":150},"medium":{"url":"https:\/\/construcaocivil.siriusmarketingedesign.com.br\/wp-content\/uploads\/2020\/10\/unnamed-4-1-300x150.jpg","width":300,"height":150},"medium_large":{"url":"https:\/\/construcaocivil.siriusmarketingedesign.com.br\/wp-content\/uploads\/2020\/10\/unnamed-4-1-768x384.jpg","width":768,"height":384},"large":{"url":"https:\/\/construcaocivil.siriusmarketingedesign.com.br\/wp-content\/uploads\/2020\/10\/unnamed-4-1-1024x512.jpg","width":1024,"height":512},"full":{"url":"https:\/\/construcaocivil.siriusmarketingedesign.com.br\/wp-content\/uploads\/2020\/10\/unnamed-4-1.jpg","width":1200,"height":600}},"spectra_blocks_author_info":{"display_name":"Jornal da Constru\u00e7\u00e3o Civil","avatar_url":"https:\/\/secure.gravatar.com\/avatar\/973c9774fd44ddaceb026973c4962faa70fc512bc4c9da68e8ebb40fecee6540?s=96&d=mm&r=g","author_link":"https:\/\/construcaocivil.siriusmarketingedesign.com.br\/?author=1","description":"Desde de 2013, levando muitas informa\u00e7\u00f5es, lan\u00e7amentos e produtos de qualidade para toda cadeia produtiva da constru\u00e7\u00e3o. O Futuro da constru\u00e7\u00e3o passa por aqui,"},"uagb_featured_image_src":{"full":["https:\/\/construcaocivil.siriusmarketingedesign.com.br\/wp-content\/uploads\/2020\/10\/unnamed-4-1.jpg",1200,600,false],"thumbnail":["https:\/\/construcaocivil.siriusmarketingedesign.com.br\/wp-content\/uploads\/2020\/10\/unnamed-4-1-150x150.jpg",150,150,true],"medium":["https:\/\/construcaocivil.siriusmarketingedesign.com.br\/wp-content\/uploads\/2020\/10\/unnamed-4-1-300x150.jpg",300,150,true],"medium_large":["https:\/\/construcaocivil.siriusmarketingedesign.com.br\/wp-content\/uploads\/2020\/10\/unnamed-4-1-768x384.jpg",768,384,true],"large":["https:\/\/construcaocivil.siriusmarketingedesign.com.br\/wp-content\/uploads\/2020\/10\/unnamed-4-1-1024x512.jpg",1024,512,true],"1536x1536":["https:\/\/construcaocivil.siriusmarketingedesign.com.br\/wp-content\/uploads\/2020\/10\/unnamed-4-1.jpg",1200,600,false],"2048x2048":["https:\/\/construcaocivil.siriusmarketingedesign.com.br\/wp-content\/uploads\/2020\/10\/unnamed-4-1.jpg",1200,600,false]},"uagb_author_info":{"display_name":"Jornal da Constru\u00e7\u00e3o Civil","author_link":"https:\/\/construcaocivil.siriusmarketingedesign.com.br\/?author=1"},"uagb_comment_info":0,"uagb_excerpt":"Por\u00a0Joyce Capelli, presidente do Instituto Melhores Dias Outubro, 2020 &#8211; A pergunta \u201ccomo lidar com a ansiedade?\u201d, foi a mais repetida na \u00faltima d\u00e9cada. E em rela\u00e7\u00e3o a 2019, cresceu 33%. Entre as perguntas mais buscadas este ano com a express\u00e3o \u201ccomo lidar?\u201d, duas se referem a ansiedade e depress\u00e3o. Tamb\u00e9m aumentou exponencialmente o interesse&hellip;","_links":{"self":[{"href":"https:\/\/construcaocivil.siriusmarketingedesign.com.br\/index.php?rest_route=\/wp\/v2\/posts\/14787","targetHints":{"allow":["GET"]}}],"collection":[{"href":"https:\/\/construcaocivil.siriusmarketingedesign.com.br\/index.php?rest_route=\/wp\/v2\/posts"}],"about":[{"href":"https:\/\/construcaocivil.siriusmarketingedesign.com.br\/index.php?rest_route=\/wp\/v2\/types\/post"}],"author":[{"embeddable":true,"href":"https:\/\/construcaocivil.siriusmarketingedesign.com.br\/index.php?rest_route=\/wp\/v2\/users\/1"}],"replies":[{"embeddable":true,"href":"https:\/\/construcaocivil.siriusmarketingedesign.com.br\/index.php?rest_route=%2Fwp%2Fv2%2Fcomments&post=14787"}],"version-history":[{"count":0,"href":"https:\/\/construcaocivil.siriusmarketingedesign.com.br\/index.php?rest_route=\/wp\/v2\/posts\/14787\/revisions"}],"wp:featuredmedia":[{"embeddable":true,"href":"https:\/\/construcaocivil.siriusmarketingedesign.com.br\/index.php?rest_route=\/wp\/v2\/media\/14788"}],"wp:attachment":[{"href":"https:\/\/construcaocivil.siriusmarketingedesign.com.br\/index.php?rest_route=%2Fwp%2Fv2%2Fmedia&parent=14787"}],"wp:term":[{"taxonomy":"category","embeddable":true,"href":"https:\/\/construcaocivil.siriusmarketingedesign.com.br\/index.php?rest_route=%2Fwp%2Fv2%2Fcategories&post=14787"},{"taxonomy":"post_tag","embeddable":true,"href":"https:\/\/construcaocivil.siriusmarketingedesign.com.br\/index.php?rest_route=%2Fwp%2Fv2%2Ftags&post=14787"}],"curies":[{"name":"wp","href":"https:\/\/api.w.org\/{rel}","templated":true}]}}