{"id":14791,"date":"2020-10-24T18:19:44","date_gmt":"2020-10-24T21:19:44","guid":{"rendered":"https:\/\/www.jornaldaconstrucaocivil.com.br\/?p=14791"},"modified":"2020-10-24T18:19:44","modified_gmt":"2020-10-24T21:19:44","slug":"e-ai-seu-candidatoa-a-prefeito-e-vereadora-esta-preocupado-com-o-custo-de-vida-da-sua-cidade","status":"publish","type":"post","link":"https:\/\/construcaocivil.siriusmarketingedesign.com.br\/?p=14791","title":{"rendered":"E a\u00ed, seu candidato(a) a prefeito e vereador(a) est\u00e1 preocupado com o custo de vida da sua cidade?"},"content":{"rendered":"<p><em>Por Severian Rocha<\/em><\/p>\n<p style=\"text-align: justify;\"><span style=\"color: #000000;\"><span style=\"color: #993300;\">Outubro, 2020<\/span> &#8211; Sem projetos, sem propostas e sem debates nas TVs, este cen\u00e1rio das elei\u00e7\u00f5es 2020 que se mostra incerto nas grandes cidades brasileiras em rela\u00e7\u00e3o ao futuro dos munic\u00edpios.<\/span><\/p>\n<p style=\"text-align: justify;\"><span style=\"color: #000000;\"> Resolver dilemas importante como Habita\u00e7\u00e3o (15 milh\u00f5es sem casa), Transporte, Sa\u00fade, Educa\u00e7\u00e3o, Meio Ambiente, Saneamento (80% dos munic\u00edpios n\u00e3o tem tratamento de \u00e1gua e esgoto) e Seguran\u00e7a,\u00a0 n\u00e3o parece ser uma tarefa f\u00e1cil para milhares de candidatos, tanto para prefeito (a) quanto para vereador(a).\u00a0<\/span><\/p>\n<p style=\"text-align: justify;\"><span style=\"color: #000000;\">Problemas de viol\u00eancia \u00e9 end\u00eamica. Exemplo\u00a0 dessa situa\u00e7\u00e3o \u00e9 cidade brasileira no cidade do Rio de Janeiro. Jovens negros est\u00e3o morrendo em larga escala.\u00a0 <\/span><\/p>\n<p style=\"text-align: justify;\"><span style=\"color: #000000;\">O cen\u00e1rio brasileiro \u00e9\u00a0 cruel e desesperador, s\u00e3o 14 milh\u00f5es de desempregados e h\u00e1 28 milh\u00f5es de sub-utilizados. A parcela dos mais pobres \u00e9 a mais atingida. Lembrando que a Covid-19 afetou toda uma cadeia produtiva econ\u00f4mica no Brasil e no mundo e ainda deixa lastro de catarse social.<\/span><\/p>\n<p style=\"text-align: justify;\"><span style=\"color: #000000;\"> O FMI &#8211; Fundo Monet\u00e1rio Mundial -, pede \u00a0urg\u00eancia para os governos voltarem a gastarem recursos p\u00fablicos para enfrentar a crise e o Coronav\u00edrusm, mas o governo federal vai na dire\u00e7\u00e3o contr\u00e1ria\u00a0\u00a0<\/span><\/p>\n<p style=\"text-align: justify;\"><span style=\"color: #000000;\">es de gastos num momento inadequado. At\u00e9 FMI &#8211; Fundo Monet\u00e1rio Mundial -, pede urg\u00eancia para os governos voltarem a gastar recursos p\u00fablicos para enfrentar a crise e o Coronav\u00edrus.\u00a0<\/span><\/p>\n<p style=\"text-align: justify;\">No compromisso com a sociedade na \u00faltima segunda &#8211; feira(18), a ONU lan\u00e7ou os <span style=\"color: #008080;\"><em>ODS &#8211;\u00a0<\/em>Objetivos de Desenvolvimento Sustent\u00e1vel<\/span> que abre o tema da<em>\u00a0campanha\u00a0<\/em><strong><em>Mudar o Jogo<\/em><\/strong><em>, que durar\u00e1 at\u00e9 o dia 15 de novembro e tem como meta central encaminhar este\u00a0 ODS aos candidatos(Prefeito(s) e Vereadores) dessas elei\u00e7\u00f5es 2020 que pregam a redu\u00e7\u00e3o extrema da pobreza nas suas cidades.\u00a0<\/em><\/p>\n<p style=\"text-align: justify;\">Para a ONU-Brasil se os <a href=\"https:\/\/gateway.pr.comunique-se.com.br\/api\/Campaign\/AddCampaignEmailClick\/06bb435c-e14b-4cab-3fc8-08d876a38e11\/https%253a%252f%252fpt.wikipedia.org%252fwiki%252fObjetivos_de_Desenvolvimento_do_Mil%2525C3%2525AAnio\/b20bfdd4-a02b-41a4-eb6d-08d7c5ff26d1\/webobras@gmail.com\/True\" target=\"_blank\" rel=\"noopener noreferrer\" data-saferedirecturl=\"https:\/\/www.google.com\/url?q=https:\/\/gateway.pr.comunique-se.com.br\/api\/Campaign\/AddCampaignEmailClick\/06bb435c-e14b-4cab-3fc8-08d876a38e11\/https%25253a%25252f%25252fpt.wikipedia.org%25252fwiki%25252fObjetivos_de_Desenvolvimento_do_Mil%252525C3%252525AAnio\/b20bfdd4-a02b-41a4-eb6d-08d7c5ff26d1\/webobras@gmail.com\/True&amp;source=gmail&amp;ust=1603654317870000&amp;usg=AFQjCNFghO7W7y80zUEMB_bS_p2OreEfqQ\"><strong>Objetivos de Desenvolvimento do Mil\u00eanio<\/strong><\/a>\u00a0tiveram foco em redu\u00e7\u00e3o da extrema pobreza, os\u00a0<span style=\"color: #0000ff;\"><strong>17 Objetivos de Desenvolvimento Sustent\u00e1vel<\/strong>\u00a0<\/span>cobrem todas as \u00e1reas que garantam uma vida digna em um planeta cuidado e capaz de manter a vida humana em harmonia com uma natureza preservada. S\u00e3o eles: erradica\u00e7\u00e3o da pobreza, seguran\u00e7a alimentar, agricultura, sa\u00fade, educa\u00e7\u00e3o, igualdade de g\u00eanero, redu\u00e7\u00e3o das desigualdades, energia, \u00e1gua e saneamento, padr\u00f5es sustent\u00e1veis de produ\u00e7\u00e3o e de consumo, mudan\u00e7a do clima, cidades sustent\u00e1veis, prote\u00e7\u00e3o e uso sustent\u00e1vel dos oceanos e dos ecossistemas terrestres, crescimento econ\u00f4mico inclusivo, infraestrutura, industrializa\u00e7\u00e3o, entre outros.<\/p>\n<p style=\"text-align: justify;\">Eles oferecem orienta\u00e7\u00f5es claras e metas para todos os pa\u00edses adotarem em acordo com suas prioridades e desafios ambientais de todo o planeta. OS ODS s\u00e3o uma agenda inclusiva. Ele combatem as ra\u00edzes das causas da pobreza e nos unem para fazermos uma mudan\u00e7a positiva para as pessoas e para o planeta. \u201cErradica\u00e7\u00e3o da pobreza est\u00e1 no centro da Agenda 2030, assim como o comprometimento de n\u00e3o deixarmos ningu\u00e9m para tr\u00e1s\u201d, diz o administrador do PNUD, Achim Steiner. \u201cA Agenda oferece uma oportunidade \u00fanica de colocar o mundo em um caminho mais pr\u00f3spero e sustent\u00e1vel. Em diversas formas, reflete o objetivo do PNUD\u201d.<\/p>\n<p style=\"text-align: justify;\"><span style=\"color: #993300;\"><strong>Barcarena e as boas pr\u00e1ticas<\/strong><\/span><\/p>\n<p style=\"text-align: justify;\">Quando se apontam caminhos para a administra\u00e7\u00e3o p\u00fablica municipal incorporar os ODS em suas atividades, encontra-se pouca literatura dispon\u00edvel. Um dos munic\u00edpios que se destacam \u00e9 o de Barcarena, no Par\u00e1. Seus dados levaram a um questionamento sobre o porqu\u00ea um munic\u00edpio espec\u00edfico ter resultados mais contundentes de localiza\u00e7\u00e3o de ODS na administra\u00e7\u00e3o p\u00fablica. As respostas para tal pergunta podem apontar novos caminhos a outros munic\u00edpios.<\/p>\n<p style=\"text-align: justify;\">A prefeitura da cidade paraense alinhou seu\u00a0Plano Plurianual 2014-2017 aos Objetivos de Desenvolvimento do Mil\u00eanio (ODM)\u00a0e aos princ\u00edpios da Agenda P\u00f3s-2015 \u00e9 hoje refer\u00eancia nacional na implementa\u00e7\u00e3o dos ODS. L\u00e1 houve a utiliza\u00e7\u00e3o dos mecanismos de Lideran\u00e7a, Estrat\u00e9gia e Controle durante duas gest\u00f5es municipais e as metas atreladas aos ODS ajudaram a melhorar a efic\u00e1cia da gest\u00e3o municipal.<\/p>\n<p>Para os candidatos acessarem o documento acesse <span style=\"text-decoration: underline;\"><strong><span style=\"color: #0000ff; text-decoration: underline;\">https:\/\/gtagenda2030.org.br\/mudarojogo\/<\/span><\/strong><\/span><\/p>\n<p>Fonte: Imprensa\/Agenda 2030<\/p>\n","protected":false},"excerpt":{"rendered":"<p>Por Severian Rocha Outubro, 2020 &#8211; Sem projetos, sem propostas e sem debates nas TVs, este cen\u00e1rio das elei\u00e7\u00f5es 2020 que se mostra incerto nas grandes cidades brasileiras em rela\u00e7\u00e3o ao futuro dos munic\u00edpios. Resolver dilemas importante como Habita\u00e7\u00e3o (15 milh\u00f5es sem casa), Transporte, Sa\u00fade, Educa\u00e7\u00e3o, Meio Ambiente, Saneamento (80% dos munic\u00edpios n\u00e3o tem tratamento [&hellip;]<\/p>\n","protected":false},"author":1,"featured_media":14906,"comment_status":"open","ping_status":"open","sticky":false,"template":"","format":"standard","meta":{"_uag_custom_page_level_css":"","footnotes":""},"categories":[27],"tags":[19727,19730,1338,19729,19728,19724,19723,18617,19721,19725,19726,19722,10375,10668,12421],"class_list":["post-14791","post","type-post","status-publish","format-standard","has-post-thumbnail","hentry","category-acontece","tag-50-milhoes-de-desempregados","tag-auxilio-emergencial-rs-600","tag-belo-horizonte","tag-brasil-nao-tem-saneamento-para-todos","tag-cidades-caras-e-vazias","tag-cidades-para-cidadaos","tag-combater-pobreza","tag-covid-19","tag-eleicoes-2020","tag-habitacao-para-todos","tag-ods-objetivos-de-desenvolvimento-sustentavel","tag-odss-onu","tag-rio-de-janeiro","tag-sao-paulo","tag-violencia"],"blocksy_meta":[],"spectra_blocks_featured_image_url":{"thumbnail":{"url":"https:\/\/construcaocivil.siriusmarketingedesign.com.br\/wp-content\/uploads\/2020\/10\/ELEICOES-2020-150x150.jpg","width":150,"height":150},"medium":{"url":"https:\/\/construcaocivil.siriusmarketingedesign.com.br\/wp-content\/uploads\/2020\/10\/ELEICOES-2020-300x300.jpg","width":300,"height":300},"medium_large":{"url":"https:\/\/construcaocivil.siriusmarketingedesign.com.br\/wp-content\/uploads\/2020\/10\/ELEICOES-2020-768x768.jpg","width":768,"height":768},"large":{"url":"https:\/\/construcaocivil.siriusmarketingedesign.com.br\/wp-content\/uploads\/2020\/10\/ELEICOES-2020-1024x1024.jpg","width":1024,"height":1024},"full":{"url":"https:\/\/construcaocivil.siriusmarketingedesign.com.br\/wp-content\/uploads\/2020\/10\/ELEICOES-2020.jpg","width":1080,"height":1080}},"spectra_blocks_author_info":{"display_name":"Jornal da Constru\u00e7\u00e3o Civil","avatar_url":"https:\/\/secure.gravatar.com\/avatar\/973c9774fd44ddaceb026973c4962faa70fc512bc4c9da68e8ebb40fecee6540?s=96&d=mm&r=g","author_link":"https:\/\/construcaocivil.siriusmarketingedesign.com.br\/?author=1","description":"Desde de 2013, levando muitas informa\u00e7\u00f5es, lan\u00e7amentos e produtos de qualidade para toda cadeia produtiva da constru\u00e7\u00e3o. O Futuro da constru\u00e7\u00e3o passa por aqui,"},"uagb_featured_image_src":{"full":["https:\/\/construcaocivil.siriusmarketingedesign.com.br\/wp-content\/uploads\/2020\/10\/ELEICOES-2020.jpg",1080,1080,false],"thumbnail":["https:\/\/construcaocivil.siriusmarketingedesign.com.br\/wp-content\/uploads\/2020\/10\/ELEICOES-2020-150x150.jpg",150,150,true],"medium":["https:\/\/construcaocivil.siriusmarketingedesign.com.br\/wp-content\/uploads\/2020\/10\/ELEICOES-2020-300x300.jpg",300,300,true],"medium_large":["https:\/\/construcaocivil.siriusmarketingedesign.com.br\/wp-content\/uploads\/2020\/10\/ELEICOES-2020-768x768.jpg",768,768,true],"large":["https:\/\/construcaocivil.siriusmarketingedesign.com.br\/wp-content\/uploads\/2020\/10\/ELEICOES-2020-1024x1024.jpg",1024,1024,true],"1536x1536":["https:\/\/construcaocivil.siriusmarketingedesign.com.br\/wp-content\/uploads\/2020\/10\/ELEICOES-2020.jpg",1080,1080,false],"2048x2048":["https:\/\/construcaocivil.siriusmarketingedesign.com.br\/wp-content\/uploads\/2020\/10\/ELEICOES-2020.jpg",1080,1080,false]},"uagb_author_info":{"display_name":"Jornal da Constru\u00e7\u00e3o Civil","author_link":"https:\/\/construcaocivil.siriusmarketingedesign.com.br\/?author=1"},"uagb_comment_info":0,"uagb_excerpt":"Por Severian Rocha Outubro, 2020 &#8211; Sem projetos, sem propostas e sem debates nas TVs, este cen\u00e1rio das elei\u00e7\u00f5es 2020 que se mostra incerto nas grandes cidades brasileiras em rela\u00e7\u00e3o ao futuro dos munic\u00edpios. Resolver dilemas importante como Habita\u00e7\u00e3o (15 milh\u00f5es sem casa), Transporte, Sa\u00fade, Educa\u00e7\u00e3o, Meio Ambiente, Saneamento (80% dos munic\u00edpios n\u00e3o tem tratamento&hellip;","_links":{"self":[{"href":"https:\/\/construcaocivil.siriusmarketingedesign.com.br\/index.php?rest_route=\/wp\/v2\/posts\/14791","targetHints":{"allow":["GET"]}}],"collection":[{"href":"https:\/\/construcaocivil.siriusmarketingedesign.com.br\/index.php?rest_route=\/wp\/v2\/posts"}],"about":[{"href":"https:\/\/construcaocivil.siriusmarketingedesign.com.br\/index.php?rest_route=\/wp\/v2\/types\/post"}],"author":[{"embeddable":true,"href":"https:\/\/construcaocivil.siriusmarketingedesign.com.br\/index.php?rest_route=\/wp\/v2\/users\/1"}],"replies":[{"embeddable":true,"href":"https:\/\/construcaocivil.siriusmarketingedesign.com.br\/index.php?rest_route=%2Fwp%2Fv2%2Fcomments&post=14791"}],"version-history":[{"count":0,"href":"https:\/\/construcaocivil.siriusmarketingedesign.com.br\/index.php?rest_route=\/wp\/v2\/posts\/14791\/revisions"}],"wp:featuredmedia":[{"embeddable":true,"href":"https:\/\/construcaocivil.siriusmarketingedesign.com.br\/index.php?rest_route=\/wp\/v2\/media\/14906"}],"wp:attachment":[{"href":"https:\/\/construcaocivil.siriusmarketingedesign.com.br\/index.php?rest_route=%2Fwp%2Fv2%2Fmedia&parent=14791"}],"wp:term":[{"taxonomy":"category","embeddable":true,"href":"https:\/\/construcaocivil.siriusmarketingedesign.com.br\/index.php?rest_route=%2Fwp%2Fv2%2Fcategories&post=14791"},{"taxonomy":"post_tag","embeddable":true,"href":"https:\/\/construcaocivil.siriusmarketingedesign.com.br\/index.php?rest_route=%2Fwp%2Fv2%2Ftags&post=14791"}],"curies":[{"name":"wp","href":"https:\/\/api.w.org\/{rel}","templated":true}]}}