{"id":14802,"date":"2020-10-15T16:25:15","date_gmt":"2020-10-15T19:25:15","guid":{"rendered":"https:\/\/www.jornaldaconstrucaocivil.com.br\/?p=14802"},"modified":"2020-10-15T16:35:04","modified_gmt":"2020-10-15T19:35:04","slug":"cresce-brasil-engenharia-desenvolvimento-federacao-nacional-dos-engenheiros-defende-retomada-de-obras-publicas-paralisadas","status":"publish","type":"post","link":"https:\/\/construcaocivil.siriusmarketingedesign.com.br\/?p=14802","title":{"rendered":"Cresce Brasil + Engenharia + Desenvolvimento: Federa\u00e7\u00e3o Nacional dos Engenheiros defende retomada de obras p\u00fablicas paralisadas"},"content":{"rendered":"<p style=\"text-align: justify;\">A\u00a0<span style=\"text-decoration: underline;\"><strong><span style=\"color: #666699; text-decoration: underline;\"><a style=\"color: #666699; text-decoration: underline;\" href=\"http:\/\/www.fne.org.br\/\" target=\"_blank\" rel=\"noopener noreferrer\" data-saferedirecturl=\"https:\/\/www.google.com\/url?q=http:\/\/www.fne.org.br\/&amp;source=gmail&amp;ust=1602875033024000&amp;usg=AFQjCNEzLmdhZ0oWwk9okbGVrhYxRPzDIA\">Federa\u00e7\u00e3o Nacional dos Engenheiros (FNE<\/a><\/span><\/strong><\/span>), entidade que representa cerca de 500 mil profissionais em todo o Pa\u00eds, lan\u00e7a na pr\u00f3xima quarta-feira (21\/10), \u00e0s 16 horas, mais uma edi\u00e7\u00e3o do seu projeto <span style=\"text-decoration: underline;\"><strong><span style=\"color: #0000ff; text-decoration: underline;\">\u201c<a style=\"color: #0000ff; text-decoration: underline;\" href=\"http:\/\/www.crescebrasil.org.br\/\" target=\"_blank\" rel=\"noopener noreferrer\" data-saferedirecturl=\"https:\/\/www.google.com\/url?q=http:\/\/www.crescebrasil.org.br\/&amp;source=gmail&amp;ust=1602875033024000&amp;usg=AFQjCNFDBDzHI3L-GuVHLNqzHyI82CUXiQ\">Cresce Brasil + Engenharia + Desenvolvimento<\/a>\u201d.<\/span> <\/strong><\/span>O evento online ser\u00e1 transmitido pelos canais da entidade no\u00a0<span style=\"color: #0000ff;\"><a style=\"color: #0000ff;\" href=\"https:\/\/www.facebook.com\/FNEngenheiros\" target=\"_blank\" rel=\"noopener noreferrer\" data-saferedirecturl=\"https:\/\/www.google.com\/url?q=https:\/\/www.facebook.com\/FNEngenheiros&amp;source=gmail&amp;ust=1602875033024000&amp;usg=AFQjCNFSTjYC7ZayQQulHQ1q7BK4hUSuIw\">Facebook<\/a>\u00a0<\/span>e no\u00a0<span style=\"color: #0000ff;\"><a style=\"color: #0000ff;\" href=\"https:\/\/www.youtube.com\/watch?v=ExK3LQBAg-c\" target=\"_blank\" rel=\"noopener noreferrer\" data-saferedirecturl=\"https:\/\/www.google.com\/url?q=https:\/\/www.youtube.com\/watch?v%3DExK3LQBAg-c&amp;source=gmail&amp;ust=1602875033024000&amp;usg=AFQjCNGdPgNjW66yctd0PJZFOF6QUORqmw\">Youtube<\/a>.<\/span><\/p>\n<p style=\"text-align: justify;\">A nova publica\u00e7\u00e3o, intitulada \u201cRecupera\u00e7\u00e3o p\u00f3s-pandemia\u201d, defende a retomada das obras p\u00fablicas paralisadas como forma de gerar empregos n\u00e3o s\u00f3 \u00e0 categoria, mas tamb\u00e9m aos demais trabalhadores do setor, al\u00e9m de fomentar toda a cadeia produtiva da constru\u00e7\u00e3o. Ainda, garantiria a entrega da infraestrutura urbana e de produ\u00e7\u00e3o que falta aos cidad\u00e3os e aos empreendimentos. O trabalho que contou com a participa\u00e7\u00e3o de consultores especialistas em cada \u00e1rea elegeu habita\u00e7\u00e3o, saneamento e log\u00edstica como os pontos centrais para um programa de retomada consistente.<\/p>\n<p style=\"text-align: justify;\">\u201cA tarefa de verificar o que \u00e9 importante que tenha continuidade, reunir as condi\u00e7\u00f5es para tanto e realizar o necess\u00e1rio certamente \u00e9 enorme e complexa, mas tamb\u00e9m inadi\u00e1vel. Isso envolve planejamento, destina\u00e7\u00e3o de recursos adequados, acompanhamento e fiscaliza\u00e7\u00e3o\u201d, aponta o presidente da FNE, Murilo Pinheiro.\u00a0 Ele ressalta que, para que isso seja poss\u00edvel, \u201c\u00e9 preciso que governo e Parlamento abandonem a vis\u00e3o fiscalista que engessa qualquer tentativa de avan\u00e7o nacional e pensem de forma estrat\u00e9gica\u201d.<\/p>\n<p style=\"text-align: justify;\">Murilo ainda lembra que <em><strong><span style=\"color: #993300;\">\u201ccrescimento e aumento do poder aquisitivo representam tamb\u00e9m maior arrecada\u00e7\u00e3o p\u00fablica e podem gerar um c\u00edrculo virtuoso\u201d.\u00a0<\/span><\/strong><\/em><\/p>\n<p style=\"text-align: justify;\">A publica\u00e7\u00e3o digital ser\u00e1 enviada aos candidatos \u00e0 Prefeitura nas elei\u00e7\u00f5es 2020 como proposta aos seus respectivos programas de governo. Tamb\u00e9m, ap\u00f3s o lan\u00e7amento, ficar\u00e1 dispon\u00edvel para download a todos os interessados no site do projeto:<strong><span style=\"color: #0000ff;\">\u00a0<a style=\"color: #0000ff;\" href=\"http:\/\/www.crescebrasil.org.br\/\" target=\"_blank\" rel=\"noopener noreferrer\" data-saferedirecturl=\"https:\/\/www.google.com\/url?q=http:\/\/www.crescebrasil.org.br&amp;source=gmail&amp;ust=1602875033024000&amp;usg=AFQjCNGi42OAePNKwp8kiwaiFto8xO-Vfw\">www.crescebrasil.org.br<\/a>\u00a0.<\/span><\/strong><\/p>\n","protected":false},"excerpt":{"rendered":"<p>A\u00a0Federa\u00e7\u00e3o Nacional dos Engenheiros (FNE), entidade que representa cerca de 500 mil profissionais em todo o Pa\u00eds, lan\u00e7a na pr\u00f3xima quarta-feira (21\/10), \u00e0s 16 horas, mais uma edi\u00e7\u00e3o do seu projeto \u201cCresce Brasil + Engenharia + Desenvolvimento\u201d. O evento online ser\u00e1 transmitido pelos canais da entidade no\u00a0Facebook\u00a0e no\u00a0Youtube. A nova publica\u00e7\u00e3o, intitulada \u201cRecupera\u00e7\u00e3o p\u00f3s-pandemia\u201d, defende [&hellip;]<\/p>\n","protected":false},"author":1,"featured_media":14803,"comment_status":"open","ping_status":"open","sticky":false,"template":"","format":"standard","meta":{"_uag_custom_page_level_css":"","footnotes":""},"categories":[27],"tags":[16398,19151,19633,19634,19632,19429],"class_list":["post-14802","post","type-post","status-publish","format-standard","has-post-thumbnail","hentry","category-acontece","tag-cresce-brasil-engenharia-desenvolvimento","tag-fim-da-pec-95-teto-de-gastos","tag-fne-cresce-brasil","tag-lancamento-cresce-brasil-recuperacao-pos-pandemia","tag-obras-publicas-paradas","tag-pib-negativo"],"blocksy_meta":[],"spectra_blocks_featured_image_url":{"thumbnail":{"url":"https:\/\/construcaocivil.siriusmarketingedesign.com.br\/wp-content\/uploads\/2020\/10\/unnamed-5-150x150.jpg","width":150,"height":150},"medium":{"url":"https:\/\/construcaocivil.siriusmarketingedesign.com.br\/wp-content\/uploads\/2020\/10\/unnamed-5-188x300.jpg","width":188,"height":300},"medium_large":{"url":"https:\/\/construcaocivil.siriusmarketingedesign.com.br\/wp-content\/uploads\/2020\/10\/unnamed-5-768x1229.jpg","width":768,"height":1229},"large":{"url":"https:\/\/construcaocivil.siriusmarketingedesign.com.br\/wp-content\/uploads\/2020\/10\/unnamed-5-640x1024.jpg","width":640,"height":1024},"full":{"url":"https:\/\/construcaocivil.siriusmarketingedesign.com.br\/wp-content\/uploads\/2020\/10\/unnamed-5.jpg","width":800,"height":1280}},"spectra_blocks_author_info":{"display_name":"Jornal da Constru\u00e7\u00e3o Civil","avatar_url":"https:\/\/secure.gravatar.com\/avatar\/973c9774fd44ddaceb026973c4962faa70fc512bc4c9da68e8ebb40fecee6540?s=96&d=mm&r=g","author_link":"https:\/\/construcaocivil.siriusmarketingedesign.com.br\/?author=1","description":"Desde de 2013, levando muitas informa\u00e7\u00f5es, lan\u00e7amentos e produtos de qualidade para toda cadeia produtiva da constru\u00e7\u00e3o. O Futuro da constru\u00e7\u00e3o passa por aqui,"},"uagb_featured_image_src":{"full":["https:\/\/construcaocivil.siriusmarketingedesign.com.br\/wp-content\/uploads\/2020\/10\/unnamed-5.jpg",800,1280,false],"thumbnail":["https:\/\/construcaocivil.siriusmarketingedesign.com.br\/wp-content\/uploads\/2020\/10\/unnamed-5-150x150.jpg",150,150,true],"medium":["https:\/\/construcaocivil.siriusmarketingedesign.com.br\/wp-content\/uploads\/2020\/10\/unnamed-5-188x300.jpg",188,300,true],"medium_large":["https:\/\/construcaocivil.siriusmarketingedesign.com.br\/wp-content\/uploads\/2020\/10\/unnamed-5-768x1229.jpg",768,1229,true],"large":["https:\/\/construcaocivil.siriusmarketingedesign.com.br\/wp-content\/uploads\/2020\/10\/unnamed-5-640x1024.jpg",640,1024,true],"1536x1536":["https:\/\/construcaocivil.siriusmarketingedesign.com.br\/wp-content\/uploads\/2020\/10\/unnamed-5.jpg",800,1280,false],"2048x2048":["https:\/\/construcaocivil.siriusmarketingedesign.com.br\/wp-content\/uploads\/2020\/10\/unnamed-5.jpg",800,1280,false]},"uagb_author_info":{"display_name":"Jornal da Constru\u00e7\u00e3o Civil","author_link":"https:\/\/construcaocivil.siriusmarketingedesign.com.br\/?author=1"},"uagb_comment_info":0,"uagb_excerpt":"A\u00a0Federa\u00e7\u00e3o Nacional dos Engenheiros (FNE), entidade que representa cerca de 500 mil profissionais em todo o Pa\u00eds, lan\u00e7a na pr\u00f3xima quarta-feira (21\/10), \u00e0s 16 horas, mais uma edi\u00e7\u00e3o do seu projeto \u201cCresce Brasil + Engenharia + Desenvolvimento\u201d. O evento online ser\u00e1 transmitido pelos canais da entidade no\u00a0Facebook\u00a0e no\u00a0Youtube. A nova publica\u00e7\u00e3o, intitulada \u201cRecupera\u00e7\u00e3o p\u00f3s-pandemia\u201d, defende&hellip;","_links":{"self":[{"href":"https:\/\/construcaocivil.siriusmarketingedesign.com.br\/index.php?rest_route=\/wp\/v2\/posts\/14802","targetHints":{"allow":["GET"]}}],"collection":[{"href":"https:\/\/construcaocivil.siriusmarketingedesign.com.br\/index.php?rest_route=\/wp\/v2\/posts"}],"about":[{"href":"https:\/\/construcaocivil.siriusmarketingedesign.com.br\/index.php?rest_route=\/wp\/v2\/types\/post"}],"author":[{"embeddable":true,"href":"https:\/\/construcaocivil.siriusmarketingedesign.com.br\/index.php?rest_route=\/wp\/v2\/users\/1"}],"replies":[{"embeddable":true,"href":"https:\/\/construcaocivil.siriusmarketingedesign.com.br\/index.php?rest_route=%2Fwp%2Fv2%2Fcomments&post=14802"}],"version-history":[{"count":0,"href":"https:\/\/construcaocivil.siriusmarketingedesign.com.br\/index.php?rest_route=\/wp\/v2\/posts\/14802\/revisions"}],"wp:featuredmedia":[{"embeddable":true,"href":"https:\/\/construcaocivil.siriusmarketingedesign.com.br\/index.php?rest_route=\/wp\/v2\/media\/14803"}],"wp:attachment":[{"href":"https:\/\/construcaocivil.siriusmarketingedesign.com.br\/index.php?rest_route=%2Fwp%2Fv2%2Fmedia&parent=14802"}],"wp:term":[{"taxonomy":"category","embeddable":true,"href":"https:\/\/construcaocivil.siriusmarketingedesign.com.br\/index.php?rest_route=%2Fwp%2Fv2%2Fcategories&post=14802"},{"taxonomy":"post_tag","embeddable":true,"href":"https:\/\/construcaocivil.siriusmarketingedesign.com.br\/index.php?rest_route=%2Fwp%2Fv2%2Ftags&post=14802"}],"curies":[{"name":"wp","href":"https:\/\/api.w.org\/{rel}","templated":true}]}}