{"id":14815,"date":"2020-10-16T21:06:41","date_gmt":"2020-10-17T00:06:41","guid":{"rendered":"https:\/\/www.jornaldaconstrucaocivil.com.br\/?p=14815"},"modified":"2020-10-16T21:06:41","modified_gmt":"2020-10-17T00:06:41","slug":"preco-medio-do-aluguel-no-rio-de-janeiro-cai-06-em-setembro","status":"publish","type":"post","link":"https:\/\/construcaocivil.siriusmarketingedesign.com.br\/?p=14815","title":{"rendered":"Pre\u00e7o m\u00e9dio do aluguel no Rio de Janeiro cai 0,6% em setembro"},"content":{"rendered":"<div style=\"text-align: justify;\"><span style=\"color: #993300;\">Outubro de 2020<\/span> &#8211; Um relat\u00f3rio elaborado pelo Imovelweb, um dos maiores portais imobili\u00e1rios do Pa\u00eds, mostrou que o pre\u00e7o m\u00e9dio para alugar um im\u00f3vel padr\u00e3o (65m\u00b2, 2 dormit\u00f3rios e 1 vaga de garagem) no Rio de Janeiro foi de R\ufe69 1,797\/m\u00eas em setembro. O valor apresentou uma leve queda (0,6%) se comparado ao m\u00eas anterior, quando o pre\u00e7o da loca\u00e7\u00e3o mensal era de R\ufe69 1.807,00. A varia\u00e7\u00e3o acumulada em 2020, no entanto, \u00e9 positiva, com alta de 3,8%. Se comparado os \u00faltimos 12 meses, o aumento foi de 3,3% .<\/p>\n<\/div>\n<div style=\"text-align: justify;\">De acordo com os dados da Imovelweb, nos \u00faltimos 12 meses os bairros que mais se valorizaram foram\u00a0Pechincha\u00a0(R\ufe69 1.311\/m\u00eas),\u00a0Graja\u00fa\u00a0(R\ufe69 1.420) e\u00a0Quintino Bocai\u00fava\u00a0(R\ufe69 1.137\/m\u00eas), com crescimento no valor m\u00e9dio de loca\u00e7\u00e3o de 16,6%, 16,4% e 16,1%.<\/p>\n<\/div>\n<div style=\"text-align: justify;\">J\u00e1 os bairros com maiores desvaloriza\u00e7\u00f5es foram\u00a0Todos os Santos\u00a0(R\ufe69 1.184\/m\u00eas), cujo pre\u00e7o caiu 18,8%;\u00a0Lapa\u00a0(R\ufe69 2.219\/m\u00eas), com -15,8%; e\u00a0Senador Vasconcelos\u00a0(R\ufe69 786,00), com diminui\u00e7\u00e3o de 15,6% no valor do aluguel.<\/p>\n<\/div>\n<div style=\"text-align: justify;\">Analisando o m\u00eas de setembro, dos 66 bairros analisados, metade registrou varia\u00e7\u00e3o negativa no pre\u00e7o da loca\u00e7\u00e3o. As maiores quedas aconteceram em S\u00e3o Francisco Xavier (-8%), Cascadura (-6,1%) e Lins de Vasconcelos (-3,8%).<\/p>\n<\/div>\n<div><span style=\"color: #800000;\"><strong>A tabela abaixo mostra os bairros com os alugu\u00e9is mais altos e mais baixos no m\u00eas de setembro:<\/strong><\/span><\/p>\n<\/div>\n<div><a><img decoding=\"async\" class=\"CToWUd a6T\" tabindex=\"0\" src=\"https:\/\/ci4.googleusercontent.com\/proxy\/Y-omWPJoAEQqeGVboekhVLqXryQXAVEjhzfHEaYuN6RNvH1ZDgLC_MgSM0lt39iVAXSPEeL4nTFhz5SCUxMRQaFWDCxwpPb2Gid6hMiiavgiU0lHssaHQ1fTdU1Ta4dB9iC2o1303nnHmrtscGQy02kk1qB1DJlbj1PTzLHD4rrq4F810JTdVjJgfmumbzmJ_WqaR3WA8t_IrNJIgzwI8yGDznFsIdccH1Lel_hah82b0h0M8AfWed32rHVxMXiclJjP7MGJcd0z8fvExzdrLJhnxcNDZ4Z1in2jG4bChGJZywk=s0-d-e1-ft#https:\/\/yvegeenenislale.i-mpr.com\/7=QDNmRzY2oTbvNmLslWYtdGQzFmci9mYldnO2ETNxATNwgTNzozZlBnauc3bsZGM4ADMmRGM3kTO4cTYzQjMiRDNmRGZwUGN2EDOkJjZGJTJkJjZGJTJzgDO1YkMlcTOwMTMf1SNx0yXt92YuIHct1SaGJTJGJTJBNTJwRHdopDO\" width=\"616\" \/><\/a><\/div>\n<div style=\"text-align: justify;\">\n<span style=\"color: #0000ff;\"><strong>Valor do metro quadrado cresce pelo terceiro m\u00eas consecutivo<\/strong><\/span><\/div>\n<div style=\"text-align: justify;\">Ao longo do m\u00eas de setembro, o pre\u00e7o m\u00e9dio do metro quadrado no Rio de Janeiro foi de\u00a0R\ufe69 7.661, o que corresponde a\u00a00,9% a mais do que o registrado em agosto. Isso significa que a compra de um im\u00f3vel padr\u00e3o (65m\u00b2, 2 dormit\u00f3rios e 1 vaga de garagem) fica em torno de\u00a0R\ufe69 497.900 na capital fluminense. Apesar do aumento, o valor acumula queda de 0,6% em 2020.<\/p>\n<\/div>\n<div style=\"text-align: justify;\">Nos \u00faltimos 12 meses, os locais onde houve maior desvaloriza\u00e7\u00e3o no metro quadrado foram os bairros\u00a0Vig\u00e1rio Geral\u00a0(R\ufe69 2.887\/m\u00b2, queda de 17,7%),\u00a0Cidade de Deus\u00a0(R\ufe69 2.781, diminui\u00e7\u00e3o de 12,6%) e\u00a0Itanhang\u00e1\u00a0(R\ufe69 6.885, decr\u00e9scimo de 11,9%).<\/p>\n<\/div>\n<div style=\"text-align: justify;\">As maiores valoriza\u00e7\u00f5es do valor de venda ocorreram em\u00a0\u00c1gua Santa\u00a0(15,6%),\u00a0Braz de Pina\u00a0(15,2%) e\u00a0Catumbi\u00a0(14,8%), locais onde o metro quadrado custa R\ufe69 4.615, R\ufe69 4.374 e 4.768, respectivamente.<\/p>\n<\/div>\n<div><span style=\"color: #800000;\"><strong>Confira os valores onde o metro quadrado custa mais barato e mais caro no Rio de Janeiro:<\/strong><\/span><\/p>\n<\/div>\n<div><a><img decoding=\"async\" class=\"CToWUd a6T\" tabindex=\"0\" src=\"https:\/\/ci6.googleusercontent.com\/proxy\/NEMfPgyu79pgg0VKLDfZ6t9gsTJQGqnTYpbZwfQDka4hbemGmENpX9URmQq6sBky9RrB05JPJV7HEsZSEBaK49wdmxNUFysSeswXhSveSR2NfIgHEw7l7K_3V7L8FmsfXnLcgPdI6P8vQLaTn9Swj4T1KwiyQQIQHCETStYhD-B7sIuoBwGQuZVQA3TwhSx9AgSMzWNmIlXNSWo6ewRVqz1gloU9f8GcF_h7n56rFIOkA-Ssz2HE5uc5oTJD_PyFrNgMDd-e4U6AcbqspnJ4RW-uNQ5GgrpwgQ35ElnRKVSlZ_k=s0-d-e1-ft#https:\/\/yvegeenenislale.i-mpr.com\/2=MjNkVWY5oTbvNmLslWYtdGQzFmci9mYldnO2ETNxATNwgTNzozZlBnauc3bsdDZ4cjZkJDZmJTOxAzN5YWYjV2Y2UmZ2UmNzYTYlRmMGJTJlRmMGJTJzgDO1YkMlcTOwMTMf1SNx0yXt92YuIHct1SaGJTJGJTJBNTJwRHdopDM\" width=\"600\" \/><\/a><\/div>\n<div>\n<span style=\"color: #0000ff;\"><strong>Rentabilidade<\/strong><\/span><\/div>\n<div>O \u00edndice de rentabilidade imobili\u00e1ria do Imovelweb relaciona o pre\u00e7o de venda e valor de loca\u00e7\u00e3o do im\u00f3vel para verificar o tempo necess\u00e1rio para recuperar o dinheiro utilizado na aquisi\u00e7\u00e3o do im\u00f3vel. No relat\u00f3rio de setembro, o \u00edndice subiu para 4,5%. Isso significa que s\u00e3o necess\u00e1rios 22,3 anos para recuperar o valor investido na compra de um im\u00f3vel, tempo 5,3% menor que h\u00e1 um ano.<\/p>\n<\/div>\n<div>De acordo com o \u00edndice, os melhores bairros do Rio de Janeiro para investidores que buscam renda s\u00e3o Senador Vasconcelos (6,4%), S\u00e3o Francisco Xavier (6%) e Madureira (5,9%). Por outro lado, os menos rent\u00e1veis s\u00e3o Lagoa (3%), G\u00e1vea (3,1%) e Jardim Bot\u00e2nico (3,4%).<\/div>\n<p>&nbsp;<\/p>\n<p>Para Mais informa\u00e7\u00f5es em\u00a0<strong><span style=\"color: #0000ff;\"><a style=\"color: #0000ff;\" href=\"http:\/\/www.imovelweb.com.br\/\" target=\"_blank\" rel=\"noopener noreferrer\" data-saferedirecturl=\"https:\/\/www.google.com\/url?q=http:\/\/www.imovelweb.com.br&amp;source=gmail&amp;ust=1602976145356000&amp;usg=AFQjCNFFOEvjbLyB3rBS_iU_Smut7lFejQ\">http:\/\/www.imovelweb.com.br<\/a>.\u00a0<\/span><\/strong><\/p>\n","protected":false},"excerpt":{"rendered":"<p>Outubro de 2020 &#8211; Um relat\u00f3rio elaborado pelo Imovelweb, um dos maiores portais imobili\u00e1rios do Pa\u00eds, mostrou que o pre\u00e7o m\u00e9dio para alugar um im\u00f3vel padr\u00e3o (65m\u00b2, 2 dormit\u00f3rios e 1 vaga de garagem) no Rio de Janeiro foi de R\ufe69 1,797\/m\u00eas em setembro. O valor apresentou uma leve queda (0,6%) se comparado ao m\u00eas [&hellip;]<\/p>\n","protected":false},"author":1,"featured_media":14816,"comment_status":"open","ping_status":"open","sticky":false,"template":"","format":"standard","meta":{"_uag_custom_page_level_css":"","footnotes":""},"categories":[30],"tags":[19646,2077,19645,5921,19648,18907,19644,19647],"class_list":["post-14815","post","type-post","status-publish","format-standard","has-post-thumbnail","hentry","category-imoveis","tag-bairroz-da-zona-norte","tag-centro","tag-economia-em-ritmo-lento","tag-imoveis","tag-imoveis-na-zona-sul","tag-pandemia-covid-19","tag-preco-do-aluguel-no-rio-de-janeiro","tag-precos-de-imoveis"],"blocksy_meta":[],"spectra_blocks_featured_image_url":{"thumbnail":{"url":"https:\/\/construcaocivil.siriusmarketingedesign.com.br\/wp-content\/uploads\/2020\/10\/SALA-AGUEL-150x150.jpg","width":150,"height":150},"medium":{"url":"https:\/\/construcaocivil.siriusmarketingedesign.com.br\/wp-content\/uploads\/2020\/10\/SALA-AGUEL-300x177.jpg","width":300,"height":177},"medium_large":{"url":"https:\/\/construcaocivil.siriusmarketingedesign.com.br\/wp-content\/uploads\/2020\/10\/SALA-AGUEL-768x454.jpg","width":768,"height":454},"large":{"url":"https:\/\/construcaocivil.siriusmarketingedesign.com.br\/wp-content\/uploads\/2020\/10\/SALA-AGUEL-1024x606.jpg","width":1024,"height":606},"full":{"url":"https:\/\/construcaocivil.siriusmarketingedesign.com.br\/wp-content\/uploads\/2020\/10\/SALA-AGUEL.jpg","width":1970,"height":1165}},"spectra_blocks_author_info":{"display_name":"Jornal da Constru\u00e7\u00e3o Civil","avatar_url":"https:\/\/secure.gravatar.com\/avatar\/973c9774fd44ddaceb026973c4962faa70fc512bc4c9da68e8ebb40fecee6540?s=96&d=mm&r=g","author_link":"https:\/\/construcaocivil.siriusmarketingedesign.com.br\/?author=1","description":"Desde de 2013, levando muitas informa\u00e7\u00f5es, lan\u00e7amentos e produtos de qualidade para toda cadeia produtiva da constru\u00e7\u00e3o. O Futuro da constru\u00e7\u00e3o passa por aqui,"},"uagb_featured_image_src":{"full":["https:\/\/construcaocivil.siriusmarketingedesign.com.br\/wp-content\/uploads\/2020\/10\/SALA-AGUEL.jpg",1970,1165,false],"thumbnail":["https:\/\/construcaocivil.siriusmarketingedesign.com.br\/wp-content\/uploads\/2020\/10\/SALA-AGUEL-150x150.jpg",150,150,true],"medium":["https:\/\/construcaocivil.siriusmarketingedesign.com.br\/wp-content\/uploads\/2020\/10\/SALA-AGUEL-300x177.jpg",300,177,true],"medium_large":["https:\/\/construcaocivil.siriusmarketingedesign.com.br\/wp-content\/uploads\/2020\/10\/SALA-AGUEL-768x454.jpg",768,454,true],"large":["https:\/\/construcaocivil.siriusmarketingedesign.com.br\/wp-content\/uploads\/2020\/10\/SALA-AGUEL-1024x606.jpg",1024,606,true],"1536x1536":["https:\/\/construcaocivil.siriusmarketingedesign.com.br\/wp-content\/uploads\/2020\/10\/SALA-AGUEL-1536x908.jpg",1536,908,true],"2048x2048":["https:\/\/construcaocivil.siriusmarketingedesign.com.br\/wp-content\/uploads\/2020\/10\/SALA-AGUEL.jpg",1970,1165,false]},"uagb_author_info":{"display_name":"Jornal da Constru\u00e7\u00e3o Civil","author_link":"https:\/\/construcaocivil.siriusmarketingedesign.com.br\/?author=1"},"uagb_comment_info":0,"uagb_excerpt":"Outubro de 2020 &#8211; Um relat\u00f3rio elaborado pelo Imovelweb, um dos maiores portais imobili\u00e1rios do Pa\u00eds, mostrou que o pre\u00e7o m\u00e9dio para alugar um im\u00f3vel padr\u00e3o (65m\u00b2, 2 dormit\u00f3rios e 1 vaga de garagem) no Rio de Janeiro foi de R\ufe69 1,797\/m\u00eas em setembro. O valor apresentou uma leve queda (0,6%) se comparado ao m\u00eas&hellip;","_links":{"self":[{"href":"https:\/\/construcaocivil.siriusmarketingedesign.com.br\/index.php?rest_route=\/wp\/v2\/posts\/14815","targetHints":{"allow":["GET"]}}],"collection":[{"href":"https:\/\/construcaocivil.siriusmarketingedesign.com.br\/index.php?rest_route=\/wp\/v2\/posts"}],"about":[{"href":"https:\/\/construcaocivil.siriusmarketingedesign.com.br\/index.php?rest_route=\/wp\/v2\/types\/post"}],"author":[{"embeddable":true,"href":"https:\/\/construcaocivil.siriusmarketingedesign.com.br\/index.php?rest_route=\/wp\/v2\/users\/1"}],"replies":[{"embeddable":true,"href":"https:\/\/construcaocivil.siriusmarketingedesign.com.br\/index.php?rest_route=%2Fwp%2Fv2%2Fcomments&post=14815"}],"version-history":[{"count":0,"href":"https:\/\/construcaocivil.siriusmarketingedesign.com.br\/index.php?rest_route=\/wp\/v2\/posts\/14815\/revisions"}],"wp:featuredmedia":[{"embeddable":true,"href":"https:\/\/construcaocivil.siriusmarketingedesign.com.br\/index.php?rest_route=\/wp\/v2\/media\/14816"}],"wp:attachment":[{"href":"https:\/\/construcaocivil.siriusmarketingedesign.com.br\/index.php?rest_route=%2Fwp%2Fv2%2Fmedia&parent=14815"}],"wp:term":[{"taxonomy":"category","embeddable":true,"href":"https:\/\/construcaocivil.siriusmarketingedesign.com.br\/index.php?rest_route=%2Fwp%2Fv2%2Fcategories&post=14815"},{"taxonomy":"post_tag","embeddable":true,"href":"https:\/\/construcaocivil.siriusmarketingedesign.com.br\/index.php?rest_route=%2Fwp%2Fv2%2Ftags&post=14815"}],"curies":[{"name":"wp","href":"https:\/\/api.w.org\/{rel}","templated":true}]}}