{"id":1484,"date":"2016-04-25T17:48:27","date_gmt":"2016-04-25T17:48:27","guid":{"rendered":"http:\/\/www.jornaldaconstrucaocivil.com.br\/?p=1484"},"modified":"2016-04-25T17:48:27","modified_gmt":"2016-04-25T17:48:27","slug":"danfoss-promove-roadshow-sobre-solucoes-de-eficiencia-energetica-em-sistemas-de-hvac-no-rio-de-janeiro","status":"publish","type":"post","link":"https:\/\/construcaocivil.siriusmarketingedesign.com.br\/?p=1484","title":{"rendered":"Danfoss promove roadshow sobre solu\u00e7\u00f5es de efici\u00eancia energ\u00e9tica em sistemas de HVAC no Rio de Janeiro"},"content":{"rendered":"<p><strong><span style=\"color: #000000;\">L\u00edder global no fornecimento de tecnologias que atendem \u00e0 crescente demanda da cadeia produtiva de alimentos, efici\u00eancia energ\u00e9tica, solu\u00e7\u00f5es favor\u00e1veis ao clima e infraestrutura moderna, a Danfoss realiza mais uma edi\u00e7\u00e3o do roadshow voltado aos instaladores de sistema de ar condicionado no dia 11 de maio, das 8h30 \u00e0s 12h30, no Centro de Conven\u00e7\u00f5es Sulam\u00e9rica, no Rio de Janeiro (RJ).<\/span><\/strong><\/p>\n<p><span style=\"color: #000000;\">Durante o workshop os palestrantes da Danfoss apresentar\u00e3o solu\u00e7\u00f5es inovadoras que t\u00eam o objetivo de aumentar a efici\u00eancia energ\u00e9tica em sistemas de Ar Condicionado e de Refrigera\u00e7\u00e3o. Os produtos e solu\u00e7\u00f5es da Danfoss focam tamb\u00e9m na sustentabilidade ambiental de edif\u00edcios e empreendimentos comerciais.<\/span><\/p>\n<p><span style=\"color: #000000;\">Leonardo Prado, engenheiro de vendas, ministrar\u00e1 a palestra \u201c<strong>A aplica\u00e7\u00e3o de tecnologias de velocidade vari\u00e1vel no circuito de refrigera\u00e7\u00e3o<\/strong>\u201d. Katuaki Junior, engenheiro de vendas, falar\u00e1 sobre \u201c<strong>O balanceamento e controle de sistemas de \u00e1gua gelada<\/strong>\u201d. Emerson Vier, coordenador de vendas, far\u00e1 a palestra \u201c<strong>Solu\u00e7\u00f5es para aumentar a efici\u00eancia em sistemas de HVAC-R<\/strong>\u201d.<\/span><\/p>\n<p><span style=\"color: #000000;\">As vagas s\u00e3o limitadas. As solicita\u00e7\u00f5es de inscri\u00e7\u00e3o devem ser encaminhadas para o e-mail<\/span> <span style=\"color: #0000ff;\"><a style=\"color: #0000ff;\" href=\"mailto:xx@danfoss.com\">natalia.paula@danfoss.com<\/a><\/span> <span style=\"color: #000000;\">at\u00e9 o dia 6 de maio.<\/span><\/p>\n<p><span style=\"color: #000000;\"><strong><u>Servi\u00e7o<\/u><\/strong><\/span><\/p>\n<p><span style=\"color: #000000;\"><strong><em>Roadshow \u201cSolu\u00e7\u00f5es para Sistemas de Refrigera\u00e7\u00e3o e Ar Condicionado\u201d<\/em><\/strong><\/span><\/p>\n<p><span style=\"color: #000000;\">Dia 11 de maio, das 8h30 \u00e0s 12h30<\/span><\/p>\n<p><span style=\"color: #000000;\">Centro de Conven\u00e7\u00f5es Sulam\u00e9rica<\/span><\/p>\n<p><span style=\"color: #000000;\">Avenida Paulo de Frontin, 1, Cidade Nova, Rio de Janeiro (RJ)<\/span><\/p>\n<p><span style=\"color: #000000;\">Mais informa\u00e7\u00f5es e inscri\u00e7\u00f5es:<span style=\"color: #0000ff;\"> <a style=\"color: #0000ff;\" href=\"mailto:natalia.paula@danfoss.com\">natalia.paula@danfoss.com<\/a><\/span><\/span><\/p>\n","protected":false},"excerpt":{"rendered":"<p>L\u00edder global no fornecimento de tecnologias que atendem \u00e0 crescente demanda da cadeia produtiva de alimentos, efici\u00eancia energ\u00e9tica, solu\u00e7\u00f5es favor\u00e1veis ao clima e infraestrutura moderna, a Danfoss realiza mais uma edi\u00e7\u00e3o do roadshow voltado aos instaladores de sistema de ar condicionado no dia 11 de maio, das 8h30 \u00e0s 12h30, no Centro de Conven\u00e7\u00f5es Sulam\u00e9rica, [&hellip;]<\/p>\n","protected":false},"author":1,"featured_media":0,"comment_status":"open","ping_status":"open","sticky":false,"template":"","format":"quote","meta":{"_uag_custom_page_level_css":"","footnotes":""},"categories":[29],"tags":[2095,3350,10375,10439,11344],"class_list":["post-1484","post","type-post","status-publish","format-quote","hentry","category-energia","tag-centro-de-convencoes-sulamerica","tag-danfoss","tag-rio-de-janeiro","tag-roadshow-2016","tag-solucoes-para-sistemas-de-refrigeracao-e-ar-condicionado","post_format-post-format-quote"],"blocksy_meta":[],"spectra_blocks_featured_image_url":null,"spectra_blocks_author_info":{"display_name":"Jornal da Constru\u00e7\u00e3o Civil","avatar_url":"https:\/\/secure.gravatar.com\/avatar\/973c9774fd44ddaceb026973c4962faa70fc512bc4c9da68e8ebb40fecee6540?s=96&d=mm&r=g","author_link":"https:\/\/construcaocivil.siriusmarketingedesign.com.br\/?author=1","description":"Desde de 2013, levando muitas informa\u00e7\u00f5es, lan\u00e7amentos e produtos de qualidade para toda cadeia produtiva da constru\u00e7\u00e3o. O Futuro da constru\u00e7\u00e3o passa por aqui,"},"uagb_featured_image_src":{"full":false,"thumbnail":false,"medium":false,"medium_large":false,"large":false,"1536x1536":false,"2048x2048":false},"uagb_author_info":{"display_name":"Jornal da Constru\u00e7\u00e3o Civil","author_link":"https:\/\/construcaocivil.siriusmarketingedesign.com.br\/?author=1"},"uagb_comment_info":0,"uagb_excerpt":"L\u00edder global no fornecimento de tecnologias que atendem \u00e0 crescente demanda da cadeia produtiva de alimentos, efici\u00eancia energ\u00e9tica, solu\u00e7\u00f5es favor\u00e1veis ao clima e infraestrutura moderna, a Danfoss realiza mais uma edi\u00e7\u00e3o do roadshow voltado aos instaladores de sistema de ar condicionado no dia 11 de maio, das 8h30 \u00e0s 12h30, no Centro de Conven\u00e7\u00f5es Sulam\u00e9rica,&hellip;","_links":{"self":[{"href":"https:\/\/construcaocivil.siriusmarketingedesign.com.br\/index.php?rest_route=\/wp\/v2\/posts\/1484","targetHints":{"allow":["GET"]}}],"collection":[{"href":"https:\/\/construcaocivil.siriusmarketingedesign.com.br\/index.php?rest_route=\/wp\/v2\/posts"}],"about":[{"href":"https:\/\/construcaocivil.siriusmarketingedesign.com.br\/index.php?rest_route=\/wp\/v2\/types\/post"}],"author":[{"embeddable":true,"href":"https:\/\/construcaocivil.siriusmarketingedesign.com.br\/index.php?rest_route=\/wp\/v2\/users\/1"}],"replies":[{"embeddable":true,"href":"https:\/\/construcaocivil.siriusmarketingedesign.com.br\/index.php?rest_route=%2Fwp%2Fv2%2Fcomments&post=1484"}],"version-history":[{"count":0,"href":"https:\/\/construcaocivil.siriusmarketingedesign.com.br\/index.php?rest_route=\/wp\/v2\/posts\/1484\/revisions"}],"wp:attachment":[{"href":"https:\/\/construcaocivil.siriusmarketingedesign.com.br\/index.php?rest_route=%2Fwp%2Fv2%2Fmedia&parent=1484"}],"wp:term":[{"taxonomy":"category","embeddable":true,"href":"https:\/\/construcaocivil.siriusmarketingedesign.com.br\/index.php?rest_route=%2Fwp%2Fv2%2Fcategories&post=1484"},{"taxonomy":"post_tag","embeddable":true,"href":"https:\/\/construcaocivil.siriusmarketingedesign.com.br\/index.php?rest_route=%2Fwp%2Fv2%2Ftags&post=1484"}],"curies":[{"name":"wp","href":"https:\/\/api.w.org\/{rel}","templated":true}]}}