{"id":14848,"date":"2020-10-20T20:59:28","date_gmt":"2020-10-20T23:59:28","guid":{"rendered":"https:\/\/www.jornaldaconstrucaocivil.com.br\/?p=14848"},"modified":"2020-10-20T21:02:27","modified_gmt":"2020-10-21T00:02:27","slug":"10-milhoes-na-pobreza-auxilio-emergencial-e-disputa-pelo-orcamento-adiam-votacoes-da-camara","status":"publish","type":"post","link":"https:\/\/construcaocivil.siriusmarketingedesign.com.br\/?p=14848","title":{"rendered":"10 milh\u00f5es na pobreza: Aux\u00edlio emergencial e disputa pelo Or\u00e7amento adiam vota\u00e7\u00f5es da C\u00e2mara"},"content":{"rendered":"<p style=\"text-align: justify;\"><span style=\"color: #993300;\">Outubro, 2020<\/span> &#8211; Com apenas 207 deputados com presen\u00e7a registrada no painel eletr\u00f4nico, o Plen\u00e1rio da C\u00e2mara dos Deputados teve de encerrar a <span id=\"4065\" class=\"termoGlossario\" title=\"\" contenteditable=\"false\" data-toggle=\"tooltip\" data-placement=\"top\" data-original-title=\"Fase da sess\u00e3o plen\u00e1ria destinada \u00e0 discuss\u00e3o e vota\u00e7\u00e3o de projetos.\">Ordem do Dia<\/span> e adiar a vota\u00e7\u00e3o de projetos marcados para esta ter\u00e7a-feira. A pr\u00f3xima sess\u00e3o deliberativa foi marcada para a pr\u00f3xima ter\u00e7a-feira (27).<\/p>\n<p style=\"text-align: justify;\">Registraram sua presen\u00e7a no painel eletr\u00f4nico apenas 207 deputados at\u00e9 as 14h25, quando o deputado <span style=\"color: #0000ff;\"><a style=\"color: #0000ff;\" href=\"https:\/\/www.camara.leg.br\/deputados\/204381\">Luis Miranda (DEM-DF)<\/a>,<\/span> na presid\u00eancia dos trabalhos, declarou o cancelamento das vota\u00e7\u00f5es.<\/p>\n<p style=\"text-align: justify;\">A vota\u00e7\u00e3o est\u00e1 sendo <span id=\"4067\" class=\"termoGlossario\" title=\"\" contenteditable=\"false\" data-toggle=\"tooltip\" data-placement=\"top\" data-original-title=\"Recurso utilizado por parlamentares em determinadas ocasi\u00f5es para impedir o prosseguimento dos trabalhos e ganhar tempo. Em geral, os mecanismos utilizados s\u00e3o pronunciamentos, pedidos de adiamento da discuss\u00e3o e da vota\u00e7\u00e3o, formula\u00e7\u00e3o de quest\u00f5es de ordem, sa\u00edda do plen\u00e1rio para evitar qu\u00f3rum ou a simples manifesta\u00e7\u00e3o de obstru\u00e7\u00e3o, pelo l\u00edder, o que faz com que a presen\u00e7a dos seus liderados deixe de ser computada para efeito de qu\u00f3rum.\">obstru\u00edda<\/span> por partidos de oposi\u00e7\u00e3o e da base aliada. PT, PDT, PSB, PCdoB, Psol e Rede anunciaram obstru\u00e7\u00e3o at\u00e9 que seja pautada a Medida Provis\u00f3ria <a class=\"linkProposicao\" href=\"https:\/\/www.camara.leg.br\/noticias\/689876-governo-edita-medida-provisoria-com-auxilio-emergencial-de-r-300-ate-dezembro\">1000\/20<\/a>, com o objetivo de aumentar o valor das \u00faltimas parcelas do aux\u00edlio emergencial de R$ 300 para R$ 600.<\/p>\n<p style=\"text-align: justify;\">J\u00e1 Avante, PL, PP e PSD est\u00e3o em obstru\u00e7\u00e3o por causa de disputas na instala\u00e7\u00e3o da <span id=\"4053\" class=\"termoGlossario\" title=\"\" contenteditable=\"false\" data-toggle=\"tooltip\" data-placement=\"top\" data-original-title=\"Comiss\u00e3o de deputados e senadores respons\u00e1vel pela an\u00e1lise das propostas or\u00e7ament\u00e1rias elaboradas pelo Executivo: Lei de Diretrizes Or\u00e7ament\u00e1rias (LDO), Lei Or\u00e7ament\u00e1ria Anual (LOA) e Plano Plurianual (PPA).\">Comiss\u00e3o Mista de Or\u00e7amento<\/span> e da sucess\u00e3o da Presid\u00eancia da C\u00e2mara, que ocorrer\u00e1 em fevereiro do ano que vem.<\/p>\n<p style=\"text-align: justify;\">No fim de semana, o presidente da C\u00e2mara, Rodrigo Maia, apelou aos l\u00edderes partid\u00e1rios para que deixem de lado as disputas e retomem a agenda de vota\u00e7\u00f5es. Durante a sess\u00e3o, o deputado <span style=\"color: #0000ff;\"><a style=\"color: #0000ff;\" href=\"https:\/\/www.camara.leg.br\/deputados\/204473\">General Gir\u00e3o (PSL-RN)<\/a><\/span> lamentou a obstru\u00e7\u00e3o e disse ter vergonha pelo fato de a C\u00e2mara estar h\u00e1 quase um m\u00eas sem votar propostas. &#8220;N\u00e3o \u00e9 poss\u00edvel que a Casa fique paralisada em fun\u00e7\u00e3o de interesses individuais e partid\u00e1rios, que n\u00e3o podem chegar a um consenso&#8221;, reclamou. &#8220;Vamos completar quase um m\u00eas sem nenhuma sess\u00e3o plen\u00e1ria, sem nenhuma vota\u00e7\u00e3o.&#8221;<\/p>\n<p style=\"text-align: justify;\"><strong>Aux\u00edlio emergencial<\/strong><br \/>\n&#8220;Enquanto n\u00e3o se pautar a MP 1000, seguiremos em obstru\u00e7\u00e3o&#8221;, explicou a l\u00edder do Psol, deputada <a href=\"https:\/\/www.camara.leg.br\/deputados\/204535\"><span style=\"color: #0000ff;\">S\u00e2mia Bomfim (Psol-SP<\/span>)<\/a>. &#8220;N\u00e3o h\u00e1 nada mais importante neste momento do que corrigir esta injusti\u00e7a. As fam\u00edlias brasileiras n\u00e3o conseguem colocar comida na mesa e pagar as contas. O &#8216;Or\u00e7amento de Guerra&#8217; foi aprovado pela C\u00e2mara at\u00e9 o fim do ano.&#8221;<\/p>\n<p style=\"text-align: justify;\">A vice-l\u00edder da <span id=\"4279\" class=\"termoGlossario\" title=\"\" contenteditable=\"false\" data-toggle=\"tooltip\" data-placement=\"top\" data-original-title=\"Bancada partid\u00e1ria cujo n\u00famero de integrantes seja imediatamente inferior \u00e0 maioria e que expresse posi\u00e7\u00e3o diferente desta em rela\u00e7\u00e3o ao governo.\">Minoria<\/span> <a href=\"https:\/\/www.camara.leg.br\/deputados\/74848\"><span style=\"color: #0000ff;\">Jandira Feghali (PCdoB-RJ<\/span>)<\/a>, cobrou dos partidos da base do governo explica\u00e7\u00f5es sobre os motivos de entrarem em obstru\u00e7\u00e3o. &#8220;Que fique claro quais s\u00e3o os acordos n\u00e3o resolvidos. Certamente n\u00e3o \u00e9 por conta da MP 1000.&#8221;<\/p>\n<p style=\"text-align: justify;\">Jandira Feghali tamb\u00e9m lamentou a falta de debate sobre o Or\u00e7amento de 2021. &#8220;Est\u00e1 retirando dinheiro do SUS, da educa\u00e7\u00e3o, da ci\u00eancia e tecnologia. O teto de gastos impede que o recurso v\u00e1 aonde precisa.&#8221;<\/p>\n<figure id=\"attachment_14850\" aria-describedby=\"caption-attachment-14850\" style=\"width: 300px\" class=\"wp-caption alignleft\"><img loading=\"lazy\" decoding=\"async\" class=\"size-medium wp-image-14850\" src=\"https:\/\/www.jornaldaconstrucaocivil.com.br\/wp-content\/uploads\/2020\/10\/COMERCIO-750x430-1-300x172.jpg\" alt=\"\" width=\"300\" height=\"172\" srcset=\"https:\/\/construcaocivil.siriusmarketingedesign.com.br\/wp-content\/uploads\/2020\/10\/COMERCIO-750x430-1-300x172.jpg 300w, https:\/\/construcaocivil.siriusmarketingedesign.com.br\/wp-content\/uploads\/2020\/10\/COMERCIO-750x430-1.jpg 750w\" sizes=\"auto, (max-width: 300px) 100vw, 300px\" \/><figcaption id=\"caption-attachment-14850\" class=\"wp-caption-text\">3 mil lojas fechadas no Rio de Janeiro. Foto: Arquivo &#8211; JCC<\/figcaption><\/figure>\n<p style=\"text-align: justify;\"><span style=\"color: #0000ff;\"><strong>Controle de gastos<\/strong><\/span><br \/>\nO vice-l\u00edder do bloco PL-PP-PSD-Solidariedade-Avante <a href=\"https:\/\/www.camara.leg.br\/deputados\/204556\"><span style=\"color: #0000ff;\">Marcelo Ramos (PL-AM<\/span>)<\/a> alertou para o aumento da d\u00edvida p\u00fablica caso seja elevado o valor do aux\u00edlio emergencial, com &#8220;graves consequ\u00eancias no m\u00e9dio e longo prazo&#8221;. &#8220;A retomada de investimento p\u00fablico deve estar limitada pela responsabilidade fiscal&#8221;, apontou.<\/p>\n<p style=\"text-align: justify;\">&#8220;O Brasil j\u00e1 assistiu isso num passado recente. Todo populismo fiscal tem consequ\u00eancias graves. D\u00e1 um suspiro de crescimento e de diminui\u00e7\u00e3o de desigualdades, mas depois leva o povo para um sofrimento ainda maior, para uma crise ainda maior e para uma desigualdade ainda maior&#8221;, disse o deputado.<\/p>\n<p style=\"text-align: justify;\">Marcelo Ramos tamb\u00e9m lamentou a obstru\u00e7\u00e3o de deputados da base aliada. &#8220;Eu espero que os l\u00edderes tenham capacidade de di\u00e1logo, superem esta crise decorrente da falta de defini\u00e7\u00e3o da Comiss\u00e3o Mista de Or\u00e7amento e cheguem a um acordo. O Brasil n\u00e3o pode ficar paralisado porque os l\u00edderes da C\u00e2mara resolveram disputar esse espa\u00e7o.&#8221;<\/p>\n<p style=\"text-align: justify;\"><span style=\"color: #0000ff;\"><strong>Microempresas<\/strong><\/span><br \/>\nNa pauta estavam duas medidas provis\u00f3rias que perdem a validade a partir de 11 de novembro. A primeira delas \u00e9 a MP<span style=\"color: #0000ff;\"> <a style=\"color: #0000ff;\" href=\"https:\/\/www.camara.leg.br\/noticias\/677161-governo-edita-mp-com-nova-linha-de-credito-para-pequenas-e-medias-empresas\">992\/20<\/a>,<\/span> que cria um incentivo cont\u00e1bil para estimular bancos a emprestarem dinheiro para capital de giro a micro, pequenas e m\u00e9dias empresas cuja receita bruta tenha sido de at\u00e9 R$ 300 milh\u00f5es em 2019.<\/p>\n<p style=\"text-align: justify;\">O incentivo dado aos bancos ser\u00e1 na forma de um <span id=\"4105\" class=\"termoGlossario\" title=\"\" contenteditable=\"false\" data-toggle=\"tooltip\" data-placement=\"top\" data-original-title=\"\u00c9 um benef\u00edcio fiscal que a legisla\u00e7\u00e3o concede a setores da economia. Por meio dele, a empresa recebe um desconto sobre os impostos que deve pagar. A forma de calcular a redu\u00e7\u00e3o varia conforme o produto ou servi\u00e7o. O mais comum \u00e9 que seja um percentual da al\u00edquota do imposto. O cr\u00e9dito presumido s\u00f3 \u00e9 concedido em opera\u00e7\u00f5es que envolvam os chamados tributos n\u00e3o cumulativos: ICMS (estadual), e IPI, PIS e Cofins (federais).\">cr\u00e9dito presumido<\/span> a ser apurado de 2021 a 2025 em igual valor ao total emprestado \u00e0s empresas. Entretanto, os empr\u00e9stimos dever\u00e3o ser contratados at\u00e9 31 de dezembro de 2020.<\/p>\n<p style=\"text-align: justify;\">De acordo com o <span id=\"4094\" class=\"termoGlossario\" title=\"\" contenteditable=\"false\" data-toggle=\"tooltip\" data-placement=\"top\" data-original-title=\"Esp\u00e9cie de proposi\u00e7\u00e3o legislativa, acess\u00f3ria, na qual o relator expressa uma opini\u00e3o favor\u00e1vel ou contr\u00e1ria \u00e0 proposta \u00e0 qual se refere. \">parecer<\/span> preliminar do deputado <span style=\"color: #0000ff;\"><a style=\"color: #0000ff;\" href=\"https:\/\/www.camara.leg.br\/deputados\/204419\">Glaustin da Fokus (PSC-GO)<\/a>,<\/span> os empr\u00e9stimos poder\u00e3o ser feitos tamb\u00e9m para microempreendedores individuais (MEI), produtores rurais, profissionais liberais, empresas individuais de responsabilidade limitada (Ltda), sociedades empres\u00e1rias e sociedades simples, inclu\u00eddas as sociedades cooperativas, exceto as de cr\u00e9dito.<\/p>\n<p style=\"text-align: justify;\">A segunda MP em pauta \u00e9 a <span style=\"color: #0000ff;\"><a style=\"color: #0000ff;\" href=\"https:\/\/www.camara.leg.br\/noticias\/679996-medida-provisoria-prorroga-vigencia-de-contratos-de-pessoal-no-incra-ate-2023\">993\/20<\/a>,<\/span> que autoriza o Instituto Nacional de Coloniza\u00e7\u00e3o e Reforma Agr\u00e1ria (Incra) a prorrogar, at\u00e9 28 de julho de 2023, 27 contratos de pessoal por tempo determinado para atender as necessidades do \u00f3rg\u00e3o. A extens\u00e3o de prazo \u00e9 aplic\u00e1vel aos contratos firmados a partir de 2 de julho de 2014 e vigentes at\u00e9 agora.<\/p>\n<p style=\"text-align: justify;\"><span style=\"color: #0000ff;\"><strong>Navega\u00e7\u00e3o de cabotagem<\/strong><\/span><br \/>\nTamb\u00e9m em pauta o Projeto de Lei <span style=\"color: #0000ff;\"><a style=\"color: #0000ff;\" href=\"https:\/\/www.camara.leg.br\/noticias\/684558-camara-analisa-projeto-do-governo-que-cria-a-br-do-mar\">4199\/20<\/a>,<\/span> do Poder Executivo, que libera progressivamente o uso de navios estrangeiros na navega\u00e7\u00e3o de cabotagem (entre portos nacionais) sem a obriga\u00e7\u00e3o de contratar a constru\u00e7\u00e3o de embarca\u00e7\u00f5es em estaleiros brasileiros.<\/p>\n<p style=\"text-align: justify;\">De acordo com o texto, a partir de 2021 as empresas poder\u00e3o afretar duas embarca\u00e7\u00f5es a casco nu, ou seja, alugar um navio vazio para uso. Em 2022, poder\u00e3o ser tr\u00eas navios e, a partir de 2023, a quantidade ser\u00e1 livre, observadas condi\u00e7\u00f5es de seguran\u00e7a definidas em regulamento.<\/p>\n<p style=\"text-align: justify;\">Ainda na sess\u00e3o da pr\u00f3xima ter\u00e7a-feira, poder\u00e3o ser eleitos, a partir de indica\u00e7\u00f5es da C\u00e2mara dos Deputados, um membro do Conselho Nacional de Justi\u00e7a (CNJ) e um membro do Conselho Nacional do Minist\u00e9rio P\u00fablico (CNMP). A sess\u00e3o est\u00e1 marcada para as 13h55.<\/p>\n<p><span style=\"color: #993300;\">Fonte: Ag\u00eancia C\u00e2mara de Not\u00edcias<\/span><\/p>\n","protected":false},"excerpt":{"rendered":"<p>Outubro, 2020 &#8211; Com apenas 207 deputados com presen\u00e7a registrada no painel eletr\u00f4nico, o Plen\u00e1rio da C\u00e2mara dos Deputados teve de encerrar a Ordem do Dia e adiar a vota\u00e7\u00e3o de projetos marcados para esta ter\u00e7a-feira. A pr\u00f3xima sess\u00e3o deliberativa foi marcada para a pr\u00f3xima ter\u00e7a-feira (27). Registraram sua presen\u00e7a no painel eletr\u00f4nico apenas 207 [&hellip;]<\/p>\n","protected":false},"author":1,"featured_media":14849,"comment_status":"open","ping_status":"open","sticky":false,"template":"","format":"standard","meta":{"_uag_custom_page_level_css":"","footnotes":""},"categories":[27],"tags":[53,19680,19678,19679,19328,1569,16700,19681,8893],"class_list":["post-14848","post","type-post","status-publish","format-standard","has-post-thumbnail","hentry","category-acontece","tag-53","tag-10-milhoes-na-pobreza","tag-14-milhoes-de-desempregados","tag-arroz-30","tag-auxilio-emergencial-de-r-600","tag-brasilia","tag-camara-dos-deputados-federais","tag-leite-5","tag-pib-fraco"],"blocksy_meta":[],"spectra_blocks_featured_image_url":{"thumbnail":{"url":"https:\/\/construcaocivil.siriusmarketingedesign.com.br\/wp-content\/uploads\/2020\/10\/Desemprego-150x150.jpg","width":150,"height":150},"medium":{"url":"https:\/\/construcaocivil.siriusmarketingedesign.com.br\/wp-content\/uploads\/2020\/10\/Desemprego-300x172.jpg","width":300,"height":172},"medium_large":{"url":"https:\/\/construcaocivil.siriusmarketingedesign.com.br\/wp-content\/uploads\/2020\/10\/Desemprego.jpg","width":750,"height":430},"large":{"url":"https:\/\/construcaocivil.siriusmarketingedesign.com.br\/wp-content\/uploads\/2020\/10\/Desemprego.jpg","width":750,"height":430},"full":{"url":"https:\/\/construcaocivil.siriusmarketingedesign.com.br\/wp-content\/uploads\/2020\/10\/Desemprego.jpg","width":750,"height":430}},"spectra_blocks_author_info":{"display_name":"Jornal da Constru\u00e7\u00e3o Civil","avatar_url":"https:\/\/secure.gravatar.com\/avatar\/973c9774fd44ddaceb026973c4962faa70fc512bc4c9da68e8ebb40fecee6540?s=96&d=mm&r=g","author_link":"https:\/\/construcaocivil.siriusmarketingedesign.com.br\/?author=1","description":"Desde de 2013, levando muitas informa\u00e7\u00f5es, lan\u00e7amentos e produtos de qualidade para toda cadeia produtiva da constru\u00e7\u00e3o. O Futuro da constru\u00e7\u00e3o passa por aqui,"},"uagb_featured_image_src":{"full":["https:\/\/construcaocivil.siriusmarketingedesign.com.br\/wp-content\/uploads\/2020\/10\/Desemprego.jpg",750,430,false],"thumbnail":["https:\/\/construcaocivil.siriusmarketingedesign.com.br\/wp-content\/uploads\/2020\/10\/Desemprego-150x150.jpg",150,150,true],"medium":["https:\/\/construcaocivil.siriusmarketingedesign.com.br\/wp-content\/uploads\/2020\/10\/Desemprego-300x172.jpg",300,172,true],"medium_large":["https:\/\/construcaocivil.siriusmarketingedesign.com.br\/wp-content\/uploads\/2020\/10\/Desemprego.jpg",750,430,false],"large":["https:\/\/construcaocivil.siriusmarketingedesign.com.br\/wp-content\/uploads\/2020\/10\/Desemprego.jpg",750,430,false],"1536x1536":["https:\/\/construcaocivil.siriusmarketingedesign.com.br\/wp-content\/uploads\/2020\/10\/Desemprego.jpg",750,430,false],"2048x2048":["https:\/\/construcaocivil.siriusmarketingedesign.com.br\/wp-content\/uploads\/2020\/10\/Desemprego.jpg",750,430,false]},"uagb_author_info":{"display_name":"Jornal da Constru\u00e7\u00e3o Civil","author_link":"https:\/\/construcaocivil.siriusmarketingedesign.com.br\/?author=1"},"uagb_comment_info":0,"uagb_excerpt":"Outubro, 2020 &#8211; Com apenas 207 deputados com presen\u00e7a registrada no painel eletr\u00f4nico, o Plen\u00e1rio da C\u00e2mara dos Deputados teve de encerrar a Ordem do Dia e adiar a vota\u00e7\u00e3o de projetos marcados para esta ter\u00e7a-feira. A pr\u00f3xima sess\u00e3o deliberativa foi marcada para a pr\u00f3xima ter\u00e7a-feira (27). Registraram sua presen\u00e7a no painel eletr\u00f4nico apenas 207&hellip;","_links":{"self":[{"href":"https:\/\/construcaocivil.siriusmarketingedesign.com.br\/index.php?rest_route=\/wp\/v2\/posts\/14848","targetHints":{"allow":["GET"]}}],"collection":[{"href":"https:\/\/construcaocivil.siriusmarketingedesign.com.br\/index.php?rest_route=\/wp\/v2\/posts"}],"about":[{"href":"https:\/\/construcaocivil.siriusmarketingedesign.com.br\/index.php?rest_route=\/wp\/v2\/types\/post"}],"author":[{"embeddable":true,"href":"https:\/\/construcaocivil.siriusmarketingedesign.com.br\/index.php?rest_route=\/wp\/v2\/users\/1"}],"replies":[{"embeddable":true,"href":"https:\/\/construcaocivil.siriusmarketingedesign.com.br\/index.php?rest_route=%2Fwp%2Fv2%2Fcomments&post=14848"}],"version-history":[{"count":0,"href":"https:\/\/construcaocivil.siriusmarketingedesign.com.br\/index.php?rest_route=\/wp\/v2\/posts\/14848\/revisions"}],"wp:featuredmedia":[{"embeddable":true,"href":"https:\/\/construcaocivil.siriusmarketingedesign.com.br\/index.php?rest_route=\/wp\/v2\/media\/14849"}],"wp:attachment":[{"href":"https:\/\/construcaocivil.siriusmarketingedesign.com.br\/index.php?rest_route=%2Fwp%2Fv2%2Fmedia&parent=14848"}],"wp:term":[{"taxonomy":"category","embeddable":true,"href":"https:\/\/construcaocivil.siriusmarketingedesign.com.br\/index.php?rest_route=%2Fwp%2Fv2%2Fcategories&post=14848"},{"taxonomy":"post_tag","embeddable":true,"href":"https:\/\/construcaocivil.siriusmarketingedesign.com.br\/index.php?rest_route=%2Fwp%2Fv2%2Ftags&post=14848"}],"curies":[{"name":"wp","href":"https:\/\/api.w.org\/{rel}","templated":true}]}}