{"id":14911,"date":"2020-10-26T14:03:15","date_gmt":"2020-10-26T17:03:15","guid":{"rendered":"https:\/\/www.jornaldaconstrucaocivil.com.br\/?p=14911"},"modified":"2020-10-26T14:03:15","modified_gmt":"2020-10-26T17:03:15","slug":"mrv-abre-vagas-em-diversos-estados-para-atuacao-no-setor-de-seguranca-do-trabalho","status":"publish","type":"post","link":"https:\/\/construcaocivil.siriusmarketingedesign.com.br\/?p=14911","title":{"rendered":"MRV abre vagas em diversos estados para atua\u00e7\u00e3o no setor de seguran\u00e7a do trabalho"},"content":{"rendered":"<div style=\"text-align: justify;\"><span style=\"color: #993300;\">Outubro, 2020<\/span> &#8211; N\u00e3o h\u00e1 d\u00favidas que a equa\u00e7\u00e3o: condi\u00e7\u00f5es comerciais e demanda em crescimento, est\u00e1 possibilitando bons resultados para o mercado. \u00c9 isso que vem ocorrendo com o segmento da constru\u00e7\u00e3o civil que vive um \u00f3timo momento, consequ\u00eancia dos juros mais baixos, facilidades de financiamento e valoriza\u00e7\u00e3o da casa. Como resultado de todos esses fatores, a gera\u00e7\u00e3o de emprego segue essa onda de crescimento. A MRV, plataforma de solu\u00e7\u00f5es habitacionais, est\u00e1 em busca de engenheiros com especializa\u00e7\u00e3o em seguran\u00e7a do trabalho.<\/p>\n<\/div>\n<div style=\"text-align: justify;\">As vagas, de engenharia e coordena\u00e7\u00e3o da seguran\u00e7a do trabalho, s\u00e3o para atuar nos estados do Cear\u00e1, Amazonas, Pernambuco, Rio Grande do Sul, Santa Catarina, S\u00e3o Paulo, Minas Gerais, Mato Grosso, Rio Grande do Norte, Rio de Janeiro, Curitiba e Paran\u00e1. Os candidatos devem ter forma\u00e7\u00e3o completa em Engenharia, especializa\u00e7\u00e3o em Seguran\u00e7a do Trabalho e viv\u00eancia s\u00f3lida na \u00e1rea no segmento da constru\u00e7\u00e3o civil. Ainda, para os interessados no cargo de coordena\u00e7\u00e3o \u00e9 importante ter conhecimento intermedi\u00e1rio em MS Office e sistema de gest\u00e3o ISO 45000 e ISO 14000. J\u00e1 para o cargo de engenharia o profissional deve ter habilita\u00e7\u00e3o de acordo com a Lei n\u00ba 7.410, de 27 de novembro de 1985.<\/p>\n<\/div>\n<div style=\"text-align: justify;\">Ente os benef\u00edcios oferecidos pela MRV, est\u00e3o sal\u00e1rio compat\u00edvel com o mercado, plano m\u00e9dico e odontol\u00f3gico, vale refei\u00e7\u00e3o\/alimenta\u00e7\u00e3o, participa\u00e7\u00e3o nos lucros e resultados, previd\u00eancia privada e Gympass.<\/p>\n<\/div>\n<div style=\"text-align: justify;\"><strong>Gera\u00e7\u00e3o de emprego no pa\u00eds<\/strong><\/p>\n<\/div>\n<div style=\"text-align: justify;\">Das 249.388 novas vagas de emprego com carteira assinada abertas em agosto, segundo o Caged (Cadastro Geral de Empregados e Desempregados), 50.489 s\u00e3o referentes ao setor da constru\u00e7\u00e3o civil. De janeiro a setembro deste ano, a MRV realizou mais de 9 mil contrata\u00e7\u00f5es.<\/p>\n<\/div>\n<div style=\"text-align: justify;\"><strong>Para saber mais informa\u00e7\u00f5es sobre as vagas e cadastrar curr\u00edculo, acesse:<\/strong><\/p>\n<\/div>\n<div style=\"text-align: justify;\"><strong>\u2022 Vaga Engenheiro &#8211; Seguran\u00e7a do Trabalho<\/strong><\/p>\n<\/div>\n<div style=\"text-align: justify;\"><span style=\"text-decoration: underline;\"><span style=\"color: #0000ff; text-decoration: underline;\">http:\/\/www.vagas.com\/v2120236<\/span><\/span><\/p>\n<\/div>\n<div style=\"text-align: justify;\"><strong>\u2022 Vaga Coordenador &#8211; Seguran\u00e7a do Trabalho<\/strong><\/p>\n<\/div>\n<div style=\"text-align: justify;\"><span style=\"text-decoration: underline;\"><span style=\"color: #0000ff; text-decoration: underline;\">http:\/\/www.vagas.com\/v2120251<\/span><\/span><\/div>\n<p>&nbsp;<\/p>\n<p>Fonte: Imprensa\/MRV<\/p>\n","protected":false},"excerpt":{"rendered":"<p>Outubro, 2020 &#8211; N\u00e3o h\u00e1 d\u00favidas que a equa\u00e7\u00e3o: condi\u00e7\u00f5es comerciais e demanda em crescimento, est\u00e1 possibilitando bons resultados para o mercado. \u00c9 isso que vem ocorrendo com o segmento da constru\u00e7\u00e3o civil que vive um \u00f3timo momento, consequ\u00eancia dos juros mais baixos, facilidades de financiamento e valoriza\u00e7\u00e3o da casa. Como resultado de todos esses [&hellip;]<\/p>\n","protected":false},"author":1,"featured_media":14912,"comment_status":"open","ping_status":"open","sticky":false,"template":"","format":"standard","meta":{"_uag_custom_page_level_css":"","footnotes":""},"categories":[27],"tags":[651,17561,19020,15114,4341,7376,7672,19736,19735,8828,10375,10383,10384,10778],"class_list":["post-14911","post","type-post","status-publish","format-standard","has-post-thumbnail","hentry","category-acontece","tag-amazonas","tag-construcao-civil-contrata","tag-diversas-vagas","tag-empregos-na-construcao","tag-engenharia-civil","tag-mato-grosso","tag-minas-gerais","tag-mrv-solucoes-habitacionais","tag-mrv-abre-vagas-de-empregos","tag-pernambuco","tag-rio-de-janeiro","tag-rio-grande-do-norte","tag-rio-grande-do-sul","tag-seguranca-do-trabalho"],"blocksy_meta":[],"spectra_blocks_featured_image_url":{"thumbnail":{"url":"https:\/\/construcaocivil.siriusmarketingedesign.com.br\/wp-content\/uploads\/2020\/10\/Seguranca-do-Trabalho-150x150.jpg","width":150,"height":150},"medium":{"url":"https:\/\/construcaocivil.siriusmarketingedesign.com.br\/wp-content\/uploads\/2020\/10\/Seguranca-do-Trabalho.jpg","width":284,"height":177},"medium_large":{"url":"https:\/\/construcaocivil.siriusmarketingedesign.com.br\/wp-content\/uploads\/2020\/10\/Seguranca-do-Trabalho.jpg","width":284,"height":177},"large":{"url":"https:\/\/construcaocivil.siriusmarketingedesign.com.br\/wp-content\/uploads\/2020\/10\/Seguranca-do-Trabalho.jpg","width":284,"height":177},"full":{"url":"https:\/\/construcaocivil.siriusmarketingedesign.com.br\/wp-content\/uploads\/2020\/10\/Seguranca-do-Trabalho.jpg","width":284,"height":177}},"spectra_blocks_author_info":{"display_name":"Jornal da Constru\u00e7\u00e3o Civil","avatar_url":"https:\/\/secure.gravatar.com\/avatar\/973c9774fd44ddaceb026973c4962faa70fc512bc4c9da68e8ebb40fecee6540?s=96&d=mm&r=g","author_link":"https:\/\/construcaocivil.siriusmarketingedesign.com.br\/?author=1","description":"Desde de 2013, levando muitas informa\u00e7\u00f5es, lan\u00e7amentos e produtos de qualidade para toda cadeia produtiva da constru\u00e7\u00e3o. O Futuro da constru\u00e7\u00e3o passa por aqui,"},"uagb_featured_image_src":{"full":["https:\/\/construcaocivil.siriusmarketingedesign.com.br\/wp-content\/uploads\/2020\/10\/Seguranca-do-Trabalho.jpg",284,177,false],"thumbnail":["https:\/\/construcaocivil.siriusmarketingedesign.com.br\/wp-content\/uploads\/2020\/10\/Seguranca-do-Trabalho-150x150.jpg",150,150,true],"medium":["https:\/\/construcaocivil.siriusmarketingedesign.com.br\/wp-content\/uploads\/2020\/10\/Seguranca-do-Trabalho.jpg",284,177,false],"medium_large":["https:\/\/construcaocivil.siriusmarketingedesign.com.br\/wp-content\/uploads\/2020\/10\/Seguranca-do-Trabalho.jpg",284,177,false],"large":["https:\/\/construcaocivil.siriusmarketingedesign.com.br\/wp-content\/uploads\/2020\/10\/Seguranca-do-Trabalho.jpg",284,177,false],"1536x1536":["https:\/\/construcaocivil.siriusmarketingedesign.com.br\/wp-content\/uploads\/2020\/10\/Seguranca-do-Trabalho.jpg",284,177,false],"2048x2048":["https:\/\/construcaocivil.siriusmarketingedesign.com.br\/wp-content\/uploads\/2020\/10\/Seguranca-do-Trabalho.jpg",284,177,false]},"uagb_author_info":{"display_name":"Jornal da Constru\u00e7\u00e3o Civil","author_link":"https:\/\/construcaocivil.siriusmarketingedesign.com.br\/?author=1"},"uagb_comment_info":0,"uagb_excerpt":"Outubro, 2020 &#8211; N\u00e3o h\u00e1 d\u00favidas que a equa\u00e7\u00e3o: condi\u00e7\u00f5es comerciais e demanda em crescimento, est\u00e1 possibilitando bons resultados para o mercado. \u00c9 isso que vem ocorrendo com o segmento da constru\u00e7\u00e3o civil que vive um \u00f3timo momento, consequ\u00eancia dos juros mais baixos, facilidades de financiamento e valoriza\u00e7\u00e3o da casa. Como resultado de todos esses&hellip;","_links":{"self":[{"href":"https:\/\/construcaocivil.siriusmarketingedesign.com.br\/index.php?rest_route=\/wp\/v2\/posts\/14911","targetHints":{"allow":["GET"]}}],"collection":[{"href":"https:\/\/construcaocivil.siriusmarketingedesign.com.br\/index.php?rest_route=\/wp\/v2\/posts"}],"about":[{"href":"https:\/\/construcaocivil.siriusmarketingedesign.com.br\/index.php?rest_route=\/wp\/v2\/types\/post"}],"author":[{"embeddable":true,"href":"https:\/\/construcaocivil.siriusmarketingedesign.com.br\/index.php?rest_route=\/wp\/v2\/users\/1"}],"replies":[{"embeddable":true,"href":"https:\/\/construcaocivil.siriusmarketingedesign.com.br\/index.php?rest_route=%2Fwp%2Fv2%2Fcomments&post=14911"}],"version-history":[{"count":0,"href":"https:\/\/construcaocivil.siriusmarketingedesign.com.br\/index.php?rest_route=\/wp\/v2\/posts\/14911\/revisions"}],"wp:featuredmedia":[{"embeddable":true,"href":"https:\/\/construcaocivil.siriusmarketingedesign.com.br\/index.php?rest_route=\/wp\/v2\/media\/14912"}],"wp:attachment":[{"href":"https:\/\/construcaocivil.siriusmarketingedesign.com.br\/index.php?rest_route=%2Fwp%2Fv2%2Fmedia&parent=14911"}],"wp:term":[{"taxonomy":"category","embeddable":true,"href":"https:\/\/construcaocivil.siriusmarketingedesign.com.br\/index.php?rest_route=%2Fwp%2Fv2%2Fcategories&post=14911"},{"taxonomy":"post_tag","embeddable":true,"href":"https:\/\/construcaocivil.siriusmarketingedesign.com.br\/index.php?rest_route=%2Fwp%2Fv2%2Ftags&post=14911"}],"curies":[{"name":"wp","href":"https:\/\/api.w.org\/{rel}","templated":true}]}}