{"id":14966,"date":"2020-10-31T01:20:37","date_gmt":"2020-10-31T04:20:37","guid":{"rendered":"https:\/\/www.jornaldaconstrucaocivil.com.br\/?p=14966"},"modified":"2020-10-31T01:20:37","modified_gmt":"2020-10-31T04:20:37","slug":"mercado-desconfiado-sem-vacina-economia-seguira-ameacada-e-vulneravel-avalia-paulo-guedes","status":"publish","type":"post","link":"https:\/\/construcaocivil.siriusmarketingedesign.com.br\/?p=14966","title":{"rendered":"Mercado desconfiado: Sem vacina, economia seguir\u00e1 amea\u00e7ada e vulner\u00e1vel, avalia Paulo Guedes"},"content":{"rendered":"<p style=\"text-align: justify;\">Outubro, 2020 &#8211; O ministro da Economia, Paulo Guedes, avaliou que os efeitos econ\u00f4micos da Covid-19 perderam for\u00e7a no Pa\u00eds, mas a recupera\u00e7\u00e3o ampla ocorrer\u00e1 mais tarde. \u201cS\u00f3 estaremos livres quando a vacina surgir, enquanto isso continuaremos vulner\u00e1veis e amea\u00e7ados.\u201d<\/p>\n<p style=\"text-align: justify;\">Guedes participou nesta quinta-feira (29) de videoconfer\u00eancia na comiss\u00e3o mista criada pelo Congresso Nacional ao reconhecer estado de calamidade p\u00fablica na pandemia. Os<span style=\"color: #0000ff;\"> <a style=\"color: #0000ff;\" href=\"https:\/\/www25.senado.leg.br\/web\/atividade\/notas-taquigraficas\/-\/notas\/r\/9852\">debates com o ministro<\/a><\/span> ocorrem a cada dois meses, e o \u00faltimo ser\u00e1 em 14 de dezembro.<\/p>\n<p style=\"text-align: justify;\">Segundo ele, os dados indicam uma retomada em \u201cV\u201d \u2013 ap\u00f3s queda abrupta, a atividade avan\u00e7ou acima do que seria esperado. \u201cPerdemos vagas, em abril foi realmente o fundo do po\u00e7o, mas depois criamos r\u00e1pido\u201d, disse, citando saldos no emprego formal.<\/p>\n<p style=\"text-align: justify;\"><strong>Reformas<\/strong><br \/>\nQuestionado pelo deputado <span style=\"color: #0000ff;\"><a style=\"color: #0000ff;\" href=\"https:\/\/www.camara.leg.br\/deputados\/204392\">Francisco Jr. (PSD-GO)<\/a><\/span>, relator da comiss\u00e3o mista, e outros parlamentares sobre a eventual manuten\u00e7\u00e3o de medidas emergenciais em uma \u201csegunda onda\u201d da Covid-19, o ministro aproveitou para cobrar apoio do Congresso \u00e0s reformas.<\/p>\n<p><img decoding=\"async\" class=\"aligncenter\" src=\"https:\/\/www.camara.leg.br\/internet\/agencia\/infograficos-html5\/evolucao_emprego_formal\/images\/desktop.jpg\" \/><\/p>\n<p style=\"text-align: justify;\">\u201cTemos f\u00f4lego para seguir at\u00e9 o fim do ano, da\u00ed para frente \u00e9 um ponto de interroga\u00e7\u00e3o\u201d, afirmou Guedes. \u201cSe n\u00e3o trabalharmos as reformas, teremos de novo um enorme desafio, e n\u00e3o podemos usar desculpas para estender tudo como se n\u00e3o houvesse amanh\u00e3\u201d, disse.<\/p>\n<p style=\"text-align: justify;\"><strong>Atua\u00e7\u00e3o do Congresso<\/strong><br \/>\nO ministro da Economia destacou como sucesso, entre as a\u00e7\u00f5es na pandemia, o aux\u00edlio emergencial de R$ 600 (depois R$ 300) para pessoas em situa\u00e7\u00e3o de vulnerabilidade e o benef\u00edcio emergencial dado a trabalhadores em troca da redu\u00e7\u00e3o de sal\u00e1rio e jornada.<\/p>\n<p style=\"text-align: justify;\">Para o futuro, Paulo Guedes exortou a participa\u00e7\u00e3o dos deputados e dos senadores nas decis\u00f5es sobre os recursos or\u00e7ament\u00e1rios. \u201cA ess\u00eancia da pol\u00edtica \u00e9 a decis\u00e3o de alocar as verbas p\u00fablicas, de onde vem e para onde vai o dinheiro\u201d, disse.<\/p>\n<p style=\"text-align: justify;\">O ministro defendeu mudan\u00e7as para \u201cdesobrigar, desonerar e desindexar\u201d o Or\u00e7amento. Segundo ele, desde a campanha o presidente Jair Bolsonaro recomenda \u201cdinheiro na ponta, onde o povo est\u00e1\u201d \u2013 da\u00ed a necessidade de pol\u00edticas p\u00fablicas descentralizadas.<\/p>\n<p style=\"text-align: justify;\">Guedes criticou alguns colegas. \u201cQuando h\u00e1 um minist\u00e9rio gastador, h\u00e1 um minist\u00e9rio v\u00edtima do outro lado. Ent\u00e3o, toda vez que um ministro sai batendo no peito falando \u2018vou fazer isso e aquilo\u2019, promete uma por\u00e7\u00e3o de coisas, est\u00e1 tirando dinheiro de outro.\u201d<\/p>\n<p style=\"text-align: justify;\"><strong>Outras propostas<\/strong><br \/>\nAl\u00e9m das reformas encaminhadas ao Congresso, como a tribut\u00e1ria e a administrativa, o ministro da Economia pediu a aprova\u00e7\u00e3o das mudan\u00e7as no pacto federativo e nas despesas obrigat\u00f3rias do setor p\u00fablico \u2013 eventualmente unificadas na chamada<span style=\"color: #0000ff;\"> <a style=\"color: #0000ff;\" href=\"https:\/\/www25.senado.leg.br\/web\/atividade\/materias\/-\/materia\/139702\">PEC Emergencial<\/a><\/span>.<\/p>\n<p style=\"text-align: justify;\">Ao Senado, ele recomendou a aprova\u00e7\u00e3o da autonomia do Banco Central (PLP 19\/19), inclu\u00edda na pauta do Plen\u00e1rio, e das mudan\u00e7as na Lei de Fal\u00eancias (PL 6229\/05) e no marco regulat\u00f3rio do g\u00e1s natural (PL 6407\/13), j\u00e1 enviadas pela C\u00e2mara dos Deputados.<\/p>\n<p style=\"text-align: justify;\">Guedes ainda repetiu no debate que \u00e9 favor\u00e1vel \u00e0 desonera\u00e7\u00e3o da folha de pagamentos no \u00e2mbito da reforma tribut\u00e1ria. J\u00e1 o senador Esperidi\u00e3o Amin (PP-SC) reiterou que o Congresso derrubar\u00e1 veto \u00e0 desonera\u00e7\u00e3o que beneficia apenas 17 setores da economia.<\/p>\n<p style=\"text-align: justify;\"><strong>Reuni\u00f5es peri\u00f3dicas<\/strong><br \/>\nA comiss\u00e3o mista \u00e9 presidida pelo senador Conf\u00facio Moura (MDB-RO). As reuni\u00f5es com a equipe econ\u00f4mica s\u00e3o peri\u00f3dicas e decorrem do decreto que reconheceu calamidade p\u00fablica no Pa\u00eds.<\/p>\n<p style=\"text-align: justify;\">Participaram do debate nesta quinta os deputados Cac\u00e1 Le\u00e3o (PP-BA), Fel\u00edcio Later\u00e7a (PSL-RJ), General Peternelli (PSL-SP), Luiz Carlos Motta (PL-SP), Mauro Benevides Filho (PSB-CE), Paula Belmonte (Cidadania-DF) e Reginaldo Lopes (PT-MG).<\/p>\n<p style=\"text-align: justify;\">Al\u00e9m de Esperidi\u00e3o Amin, a videoconfer\u00eancia na comiss\u00e3o mista contou com a presen\u00e7a dos senadores Eliziane Gama (Cidadania-MA), Izalci Lucas (PSDB-DF), Tasso Jereissati (PSDB-CE), Wellington Fagundes (PL-MT) e Zenaide Maia (Pros-RN).<\/p>\n<p>Fonte: Ag\u00eancia C\u00e2mara de Not\u00edcias<\/p>\n","protected":false},"excerpt":{"rendered":"<p>Outubro, 2020 &#8211; O ministro da Economia, Paulo Guedes, avaliou que os efeitos econ\u00f4micos da Covid-19 perderam for\u00e7a no Pa\u00eds, mas a recupera\u00e7\u00e3o ampla ocorrer\u00e1 mais tarde. \u201cS\u00f3 estaremos livres quando a vacina surgir, enquanto isso continuaremos vulner\u00e1veis e amea\u00e7ados.\u201d Guedes participou nesta quinta-feira (29) de videoconfer\u00eancia na comiss\u00e3o mista criada pelo Congresso Nacional ao [&hellip;]<\/p>\n","protected":false},"author":1,"featured_media":14081,"comment_status":"open","ping_status":"open","sticky":false,"template":"","format":"standard","meta":{"_uag_custom_page_level_css":"","footnotes":""},"categories":[33],"tags":[19678,18809,1569,17916,2758,19151,19783,19782,8893],"class_list":["post-14966","post","type-post","status-publish","format-standard","has-post-thumbnail","hentry","category-mercado","tag-14-milhoes-de-desempregados","tag-auxilio-emergencial","tag-brasilia","tag-camara-dos-deputaods","tag-congresso-nacional","tag-fim-da-pec-95-teto-de-gastos","tag-icongresso-paralisado","tag-paulo-guedes-x-covid-19","tag-pib-fraco"],"blocksy_meta":[],"spectra_blocks_featured_image_url":{"thumbnail":{"url":"https:\/\/construcaocivil.siriusmarketingedesign.com.br\/wp-content\/uploads\/2020\/07\/COMERCIO-150x150.jpg","width":150,"height":150},"medium":{"url":"https:\/\/construcaocivil.siriusmarketingedesign.com.br\/wp-content\/uploads\/2020\/07\/COMERCIO-300x175.jpg","width":300,"height":175},"medium_large":{"url":"https:\/\/construcaocivil.siriusmarketingedesign.com.br\/wp-content\/uploads\/2020\/07\/COMERCIO-768x448.jpg","width":768,"height":448},"large":{"url":"https:\/\/construcaocivil.siriusmarketingedesign.com.br\/wp-content\/uploads\/2020\/07\/COMERCIO-1024x597.jpg","width":1024,"height":597},"full":{"url":"https:\/\/construcaocivil.siriusmarketingedesign.com.br\/wp-content\/uploads\/2020\/07\/COMERCIO.jpg","width":2048,"height":1194}},"spectra_blocks_author_info":{"display_name":"Jornal da Constru\u00e7\u00e3o Civil","avatar_url":"https:\/\/secure.gravatar.com\/avatar\/973c9774fd44ddaceb026973c4962faa70fc512bc4c9da68e8ebb40fecee6540?s=96&d=mm&r=g","author_link":"https:\/\/construcaocivil.siriusmarketingedesign.com.br\/?author=1","description":"Desde de 2013, levando muitas informa\u00e7\u00f5es, lan\u00e7amentos e produtos de qualidade para toda cadeia produtiva da constru\u00e7\u00e3o. O Futuro da constru\u00e7\u00e3o passa por aqui,"},"uagb_featured_image_src":{"full":["https:\/\/construcaocivil.siriusmarketingedesign.com.br\/wp-content\/uploads\/2020\/07\/COMERCIO.jpg",2048,1194,false],"thumbnail":["https:\/\/construcaocivil.siriusmarketingedesign.com.br\/wp-content\/uploads\/2020\/07\/COMERCIO-150x150.jpg",150,150,true],"medium":["https:\/\/construcaocivil.siriusmarketingedesign.com.br\/wp-content\/uploads\/2020\/07\/COMERCIO-300x175.jpg",300,175,true],"medium_large":["https:\/\/construcaocivil.siriusmarketingedesign.com.br\/wp-content\/uploads\/2020\/07\/COMERCIO-768x448.jpg",768,448,true],"large":["https:\/\/construcaocivil.siriusmarketingedesign.com.br\/wp-content\/uploads\/2020\/07\/COMERCIO-1024x597.jpg",1024,597,true],"1536x1536":["https:\/\/construcaocivil.siriusmarketingedesign.com.br\/wp-content\/uploads\/2020\/07\/COMERCIO-1536x896.jpg",1536,896,true],"2048x2048":["https:\/\/construcaocivil.siriusmarketingedesign.com.br\/wp-content\/uploads\/2020\/07\/COMERCIO.jpg",2048,1194,false]},"uagb_author_info":{"display_name":"Jornal da Constru\u00e7\u00e3o Civil","author_link":"https:\/\/construcaocivil.siriusmarketingedesign.com.br\/?author=1"},"uagb_comment_info":0,"uagb_excerpt":"Outubro, 2020 &#8211; O ministro da Economia, Paulo Guedes, avaliou que os efeitos econ\u00f4micos da Covid-19 perderam for\u00e7a no Pa\u00eds, mas a recupera\u00e7\u00e3o ampla ocorrer\u00e1 mais tarde. \u201cS\u00f3 estaremos livres quando a vacina surgir, enquanto isso continuaremos vulner\u00e1veis e amea\u00e7ados.\u201d Guedes participou nesta quinta-feira (29) de videoconfer\u00eancia na comiss\u00e3o mista criada pelo Congresso Nacional ao&hellip;","_links":{"self":[{"href":"https:\/\/construcaocivil.siriusmarketingedesign.com.br\/index.php?rest_route=\/wp\/v2\/posts\/14966","targetHints":{"allow":["GET"]}}],"collection":[{"href":"https:\/\/construcaocivil.siriusmarketingedesign.com.br\/index.php?rest_route=\/wp\/v2\/posts"}],"about":[{"href":"https:\/\/construcaocivil.siriusmarketingedesign.com.br\/index.php?rest_route=\/wp\/v2\/types\/post"}],"author":[{"embeddable":true,"href":"https:\/\/construcaocivil.siriusmarketingedesign.com.br\/index.php?rest_route=\/wp\/v2\/users\/1"}],"replies":[{"embeddable":true,"href":"https:\/\/construcaocivil.siriusmarketingedesign.com.br\/index.php?rest_route=%2Fwp%2Fv2%2Fcomments&post=14966"}],"version-history":[{"count":0,"href":"https:\/\/construcaocivil.siriusmarketingedesign.com.br\/index.php?rest_route=\/wp\/v2\/posts\/14966\/revisions"}],"wp:featuredmedia":[{"embeddable":true,"href":"https:\/\/construcaocivil.siriusmarketingedesign.com.br\/index.php?rest_route=\/wp\/v2\/media\/14081"}],"wp:attachment":[{"href":"https:\/\/construcaocivil.siriusmarketingedesign.com.br\/index.php?rest_route=%2Fwp%2Fv2%2Fmedia&parent=14966"}],"wp:term":[{"taxonomy":"category","embeddable":true,"href":"https:\/\/construcaocivil.siriusmarketingedesign.com.br\/index.php?rest_route=%2Fwp%2Fv2%2Fcategories&post=14966"},{"taxonomy":"post_tag","embeddable":true,"href":"https:\/\/construcaocivil.siriusmarketingedesign.com.br\/index.php?rest_route=%2Fwp%2Fv2%2Ftags&post=14966"}],"curies":[{"name":"wp","href":"https:\/\/api.w.org\/{rel}","templated":true}]}}