{"id":14992,"date":"2020-11-03T10:28:41","date_gmt":"2020-11-03T13:28:41","guid":{"rendered":"https:\/\/www.jornaldaconstrucaocivil.com.br\/?p=14992"},"modified":"2020-11-03T10:28:41","modified_gmt":"2020-11-03T13:28:41","slug":"linha-amarela-sobratema-divulga-no-dia-26-de-novembro-dados-ineditos-do-estudo-do-mercado-de-equipamentos-para-construcao","status":"publish","type":"post","link":"https:\/\/construcaocivil.siriusmarketingedesign.com.br\/?p=14992","title":{"rendered":"Linha Amarela: Sobratema divulga no dia 26 de novembro dados in\u00e9ditos do estudo do mercado de equipamentos para constru\u00e7\u00e3o"},"content":{"rendered":"<p style=\"text-align: justify;\"><span style=\"color: #993300;\">Novembro, 2020<\/span> &#8211; A Associa\u00e7\u00e3o Brasileira de Tecnologia para Constru\u00e7\u00e3o e Minera\u00e7\u00e3o (Sobratema) apresenta a nova edi\u00e7\u00e3o do <strong>Estudo Sobratema do Mercado Brasileiro de Equipamentos para Constru\u00e7\u00e3o<\/strong>, no dia 26 de novembro, durante o evento estrat\u00e9gico\u00a0<strong>Tend\u00eancias no Mercado da Constru\u00e7\u00e3o<\/strong>. Para realizar sua inscri\u00e7\u00e3o, basta clicar neste\u00a0<a href=\"http:\/\/sobratematendencias.com.br\/Inscricao\" target=\"_blank\" rel=\"noopener noreferrer\">link<\/a>.<\/p>\n<p style=\"text-align: justify;\">A palestra sobre os dados in\u00e9ditos do Estudo ser\u00e1 feita pelo engenheiro e administrador Mario Miranda, consultor da Sobratema. Em sua primeira participa\u00e7\u00e3o como coordenador do relat\u00f3rio, Miranda trar\u00e1 um panorama do mercado de equipamentos, com as proje\u00e7\u00f5es econom\u00e9tricas sobre a comercializa\u00e7\u00e3o dos principais equipamentos da chamada linha amarela (terraplenagem e compacta\u00e7\u00e3o), al\u00e9m de guindastes, compressores port\u00e1teis, plataformas a\u00e9reas, manipuladores telesc\u00f3picos, equipamentos para concretagem, tratores de pneus e caminh\u00f5es rodovi\u00e1rios utilizados pelo setor.<\/p>\n<p style=\"text-align: justify;\">Editado desde 2007, o\u00a0<strong>Estudo<\/strong>\u00a0retrata a import\u00e2ncia econ\u00f4mica do segmento de m\u00e1quinas para constru\u00e7\u00e3o, auxilia na formula\u00e7\u00e3o das pol\u00edticas que facilitam a aquisi\u00e7\u00e3o de equipamentos modernos e eficientes, e \u00e9 tamb\u00e9m um instrumento de planejamento muito \u00fatil para as empresas do setor.<\/p>\n<p style=\"text-align: justify;\">A programa\u00e7\u00e3o do evento estrat\u00e9gico Tend\u00eancias no Mercado da Constru\u00e7\u00e3o contar\u00e1 tamb\u00e9m com palestras, comentaristas convidados e depoimentos de 10 especialistas e personalidades dos setores que permeiam o mercado de equipamentos: constru\u00e7\u00e3o, minera\u00e7\u00e3o, infraestrutura e agroneg\u00f3cio, e de usu\u00e1rios de m\u00e1quinas: construtoras e locadoras.<\/p>\n<p style=\"text-align: justify;\">Promovido pela Revista M&amp;T, com o apoio da Associa\u00e7\u00e3o Brasileira de Tecnologia para Constru\u00e7\u00e3o e Minera\u00e7\u00e3o (Sobratema), o evento espera a participa\u00e7\u00e3o do Ministro da Infraestrutura, Tarc\u00edsio Gomes de Freitas, ou de seu representante, para uma apresenta\u00e7\u00e3o especial sobre a avalia\u00e7\u00e3o desse setor no Brasil, al\u00e9m das palestras de Yoshio Kawakami, consultor da Raiz Consultoria e colunista da Revista M&amp;T, e do economista Luis Artur Nogueira. \u00a0Por fim, o N\u00facleo Jovem da Sobratema revelar\u00e1 as marcas de equipamentos mais bem avaliadas na Pesquisa Destaque P\u00f3s-Venda Sobratema 2020<strong>.<\/strong><\/p>\n<p><strong>Servi\u00e7o:<br \/>\n<\/strong><strong>Tend\u00eancias no Mercado da Constru\u00e7\u00e3o<br \/>\n<\/strong><strong>Data<\/strong>: 26 de novembro<br \/>\n<strong>Hor\u00e1rio<\/strong>: a partir das 16h00<br \/>\n<strong>Inscri\u00e7\u00f5es e transmiss\u00e3o:\u00a0<\/strong><span style=\"color: #0000ff;\"><a style=\"color: #0000ff;\" href=\"http:\/\/sobratematendencias.com.br\/\" target=\"_blank\" rel=\"noopener noreferrer\">http:\/\/sobratematendencias.com.br\/<\/a><\/span><\/p>\n","protected":false},"excerpt":{"rendered":"<p>Novembro, 2020 &#8211; A Associa\u00e7\u00e3o Brasileira de Tecnologia para Constru\u00e7\u00e3o e Minera\u00e7\u00e3o (Sobratema) apresenta a nova edi\u00e7\u00e3o do Estudo Sobratema do Mercado Brasileiro de Equipamentos para Constru\u00e7\u00e3o, no dia 26 de novembro, durante o evento estrat\u00e9gico\u00a0Tend\u00eancias no Mercado da Constru\u00e7\u00e3o. Para realizar sua inscri\u00e7\u00e3o, basta clicar neste\u00a0link. A palestra sobre os dados in\u00e9ditos do Estudo [&hellip;]<\/p>\n","protected":false},"author":1,"featured_media":14993,"comment_status":"open","ping_status":"open","sticky":false,"template":"","format":"standard","meta":{"_uag_custom_page_level_css":"","footnotes":""},"categories":[32],"tags":[19807,15950,10300,10679,12623,13902,14518],"class_list":["post-14992","post","type-post","status-publish","format-standard","has-post-thumbnail","hentry","category-maquinas-e-equipamentos","tag-terraplenagem-e-compactacao","tag-pecas-e-pos-vendas","tag-retroescavadeiras","tag-sao-paulo-sp","tag-sobratema","tag-tendencias-no-mercado-da-construcao","tag-vendas-de-produtos-da-linha-amarela"],"blocksy_meta":[],"spectra_blocks_featured_image_url":{"thumbnail":{"url":"https:\/\/construcaocivil.siriusmarketingedesign.com.br\/wp-content\/uploads\/2020\/11\/CASE-LINHA-AMARELA-150x150.jpg","width":150,"height":150},"medium":{"url":"https:\/\/construcaocivil.siriusmarketingedesign.com.br\/wp-content\/uploads\/2020\/11\/CASE-LINHA-AMARELA-300x169.jpg","width":300,"height":169},"medium_large":{"url":"https:\/\/construcaocivil.siriusmarketingedesign.com.br\/wp-content\/uploads\/2020\/11\/CASE-LINHA-AMARELA-768x432.jpg","width":768,"height":432},"large":{"url":"https:\/\/construcaocivil.siriusmarketingedesign.com.br\/wp-content\/uploads\/2020\/11\/CASE-LINHA-AMARELA-1024x576.jpg","width":1024,"height":576},"full":{"url":"https:\/\/construcaocivil.siriusmarketingedesign.com.br\/wp-content\/uploads\/2020\/11\/CASE-LINHA-AMARELA-scaled.jpg","width":2560,"height":1440}},"spectra_blocks_author_info":{"display_name":"Jornal da Constru\u00e7\u00e3o Civil","avatar_url":"https:\/\/secure.gravatar.com\/avatar\/973c9774fd44ddaceb026973c4962faa70fc512bc4c9da68e8ebb40fecee6540?s=96&d=mm&r=g","author_link":"https:\/\/construcaocivil.siriusmarketingedesign.com.br\/?author=1","description":"Desde de 2013, levando muitas informa\u00e7\u00f5es, lan\u00e7amentos e produtos de qualidade para toda cadeia produtiva da constru\u00e7\u00e3o. O Futuro da constru\u00e7\u00e3o passa por aqui,"},"uagb_featured_image_src":{"full":["https:\/\/construcaocivil.siriusmarketingedesign.com.br\/wp-content\/uploads\/2020\/11\/CASE-LINHA-AMARELA-scaled.jpg",2560,1440,false],"thumbnail":["https:\/\/construcaocivil.siriusmarketingedesign.com.br\/wp-content\/uploads\/2020\/11\/CASE-LINHA-AMARELA-150x150.jpg",150,150,true],"medium":["https:\/\/construcaocivil.siriusmarketingedesign.com.br\/wp-content\/uploads\/2020\/11\/CASE-LINHA-AMARELA-300x169.jpg",300,169,true],"medium_large":["https:\/\/construcaocivil.siriusmarketingedesign.com.br\/wp-content\/uploads\/2020\/11\/CASE-LINHA-AMARELA-768x432.jpg",768,432,true],"large":["https:\/\/construcaocivil.siriusmarketingedesign.com.br\/wp-content\/uploads\/2020\/11\/CASE-LINHA-AMARELA-1024x576.jpg",1024,576,true],"1536x1536":["https:\/\/construcaocivil.siriusmarketingedesign.com.br\/wp-content\/uploads\/2020\/11\/CASE-LINHA-AMARELA-1536x864.jpg",1536,864,true],"2048x2048":["https:\/\/construcaocivil.siriusmarketingedesign.com.br\/wp-content\/uploads\/2020\/11\/CASE-LINHA-AMARELA-2048x1152.jpg",2048,1152,true]},"uagb_author_info":{"display_name":"Jornal da Constru\u00e7\u00e3o Civil","author_link":"https:\/\/construcaocivil.siriusmarketingedesign.com.br\/?author=1"},"uagb_comment_info":0,"uagb_excerpt":"Novembro, 2020 &#8211; A Associa\u00e7\u00e3o Brasileira de Tecnologia para Constru\u00e7\u00e3o e Minera\u00e7\u00e3o (Sobratema) apresenta a nova edi\u00e7\u00e3o do Estudo Sobratema do Mercado Brasileiro de Equipamentos para Constru\u00e7\u00e3o, no dia 26 de novembro, durante o evento estrat\u00e9gico\u00a0Tend\u00eancias no Mercado da Constru\u00e7\u00e3o. Para realizar sua inscri\u00e7\u00e3o, basta clicar neste\u00a0link. A palestra sobre os dados in\u00e9ditos do Estudo&hellip;","_links":{"self":[{"href":"https:\/\/construcaocivil.siriusmarketingedesign.com.br\/index.php?rest_route=\/wp\/v2\/posts\/14992","targetHints":{"allow":["GET"]}}],"collection":[{"href":"https:\/\/construcaocivil.siriusmarketingedesign.com.br\/index.php?rest_route=\/wp\/v2\/posts"}],"about":[{"href":"https:\/\/construcaocivil.siriusmarketingedesign.com.br\/index.php?rest_route=\/wp\/v2\/types\/post"}],"author":[{"embeddable":true,"href":"https:\/\/construcaocivil.siriusmarketingedesign.com.br\/index.php?rest_route=\/wp\/v2\/users\/1"}],"replies":[{"embeddable":true,"href":"https:\/\/construcaocivil.siriusmarketingedesign.com.br\/index.php?rest_route=%2Fwp%2Fv2%2Fcomments&post=14992"}],"version-history":[{"count":0,"href":"https:\/\/construcaocivil.siriusmarketingedesign.com.br\/index.php?rest_route=\/wp\/v2\/posts\/14992\/revisions"}],"wp:featuredmedia":[{"embeddable":true,"href":"https:\/\/construcaocivil.siriusmarketingedesign.com.br\/index.php?rest_route=\/wp\/v2\/media\/14993"}],"wp:attachment":[{"href":"https:\/\/construcaocivil.siriusmarketingedesign.com.br\/index.php?rest_route=%2Fwp%2Fv2%2Fmedia&parent=14992"}],"wp:term":[{"taxonomy":"category","embeddable":true,"href":"https:\/\/construcaocivil.siriusmarketingedesign.com.br\/index.php?rest_route=%2Fwp%2Fv2%2Fcategories&post=14992"},{"taxonomy":"post_tag","embeddable":true,"href":"https:\/\/construcaocivil.siriusmarketingedesign.com.br\/index.php?rest_route=%2Fwp%2Fv2%2Ftags&post=14992"}],"curies":[{"name":"wp","href":"https:\/\/api.w.org\/{rel}","templated":true}]}}