{"id":15007,"date":"2020-11-04T12:07:16","date_gmt":"2020-11-04T15:07:16","guid":{"rendered":"https:\/\/www.jornaldaconstrucaocivil.com.br\/?p=15007"},"modified":"2020-11-05T23:19:51","modified_gmt":"2020-11-06T02:19:51","slug":"quem-vai-comandar-o-banco-central-senado-aprova-projeto-da-autonomia-do-banco-central","status":"publish","type":"post","link":"https:\/\/construcaocivil.siriusmarketingedesign.com.br\/?p=15007","title":{"rendered":"Quem vai comandar R$ 1,6 trilh\u00e3o do Banco Central? Senado aprova projeto da autonomia do Banco Central"},"content":{"rendered":"<p dir=\"ltr\" style=\"text-align: justify;\">Novembro, 2020 &#8211; O Plen\u00e1rio do Senado aprovou nesta ter\u00e7a-feira (3) o substitutivo do senador Telm\u00e1rio Mota (Pros-RR) ao Projeto de Lei Complementar (PLP) <span style=\"color: #0000ff;\"><a style=\"color: #0000ff;\" href=\"https:\/\/www25.senado.leg.br\/web\/atividade\/materias\/-\/materia\/135147\">19\/2019<\/a><\/span>, que estabelece mandatos est\u00e1veis e requisitos para nomea\u00e7\u00e3o e demiss\u00e3o do presidente e dos diretores do Banco Central, bem como veda\u00e7\u00f5es aos ocupantes dos cargos. Foram 56 votos a favor e 12 contr\u00e1rios.<\/p>\n<p dir=\"ltr\" style=\"text-align: justify;\">\u2014 H\u00e1 quase 30 anos esta Casa vem tentando votar essa mat\u00e9ria, a ponto que ela chegou agora, eu entendo, extremamente amadurecida. \u00c9 no poder-dever de assegurar a estabilidade de pre\u00e7os que o Banco Central encontra sua miss\u00e3o institucional por excel\u00eancia. Mas o Banco Central deve atuar n\u00e3o apenas em busca da estabilidade e efici\u00eancia do sistema financeiro e da suaviza\u00e7\u00e3o das flutua\u00e7\u00f5es do n\u00edvel de atividade econ\u00f4mica, mas tamb\u00e9m, na medida de suas possibilidades, para fomentar o pleno emprego \u2014 disse Telm\u00e1rio.<\/p>\n<p dir=\"ltr\" style=\"text-align: justify;\">O projeto \u00e9 de autoria do senador Pl\u00ednio Val\u00e9rio (PSDB-AM). O texto tamb\u00e9m confere autonomia formal ao BC, para que execute suas atividades essenciais ao pa\u00eds sem sofrer press\u00f5es pol\u00edtico-partid\u00e1rias. O projeto segue agora para an\u00e1lise da C\u00e2mara dos Deputados e pode voltar ao Senado caso os deputados fa\u00e7am altera\u00e7\u00f5es no texto.<\/p>\n<p dir=\"ltr\" style=\"text-align: justify;\">De acordo com o relator, Telm\u00e1rio Mota, \u201ctrata-se de uma quest\u00e3o importante, particularmente em anos eleitorais e quando h\u00e1, no poder, governos com vi\u00e9s populista, seja ele de direita ou de esquerda. A simples disposi\u00e7\u00e3o legal de que h\u00e1 autonomia formal, com a n\u00e3o coincid\u00eancia de mandatos com o Presidente da Rep\u00fablica, evita at\u00e9 mesmo interpreta\u00e7\u00f5es muitas vezes equivocadas de que o Banco Central do Brasil deixou de aumentar a taxa b\u00e1sica de juros para conter a infla\u00e7\u00e3o por causa de press\u00f5es pol\u00edtico-partid\u00e1rias ou eleitorais.\u201d<\/p>\n<p dir=\"ltr\" style=\"text-align: justify;\">Ele afirma que, h\u00e1 pelo menos um s\u00e9culo, a fun\u00e7\u00e3o primordial de qualquer banco central \u00e9 garantir estabilidade monet\u00e1ria. A confian\u00e7a dos agentes da economia e, sobretudo, da popula\u00e7\u00e3o de que a moeda soberana manter\u00e1 seu poder de compra ao longo do tempo \u00e9 fundamental para o desenvolvimento econ\u00f4mico e social do pa\u00eds. \u201cNesse sentido, \u00e9 n\u00e3o apenas desej\u00e1vel, mas necess\u00e1ria a reafirma\u00e7\u00e3o de que o combate \u00e0 infla\u00e7\u00e3o por meio da busca pela estabilidade de pre\u00e7os \u00e9 parte essencial do mandato legal do BC\u201d.<\/p>\n<p dir=\"ltr\" style=\"text-align: justify;\">Pelo projeto, o objetivo fundamental do BC \u00e9 assegurar a estabilidade de pre\u00e7os. No substitutivo, tamb\u00e9m consta emenda do senador Eduardo Braga j\u00e1 aprovada na Comiss\u00e3o de Assuntos Econ\u00f4micos que estabelece como objetivo secund\u00e1rio \u201csuavizar as flutua\u00e7\u00f5es do n\u00edvel de atividade econ\u00f4mica e zelar pela solidez e efici\u00eancia do Sistema Financeiro Nacional\u201d. Mota ainda acrescentou o fomento ao pleno emprego entre os objetivos.<\/p>\n<p dir=\"ltr\" style=\"text-align: justify;\">\u201cA inser\u00e7\u00e3o desses objetivos em lei tem o m\u00e9rito n\u00e3o somente de formalizar a sua relev\u00e2ncia para o cumprimento da miss\u00e3o primordial do Banco Central, como tamb\u00e9m de garantir seguran\u00e7a jur\u00eddica \u00e0 atua\u00e7\u00e3o multifacetada da autoridade monet\u00e1ria\u201d, afirmou Telm\u00e1rio em seu relat\u00f3rio.<\/p>\n<p dir=\"ltr\" style=\"text-align: justify;\">O l\u00edder do PT, senador Rog\u00e9rio Carvalho (SE), manifestou a posi\u00e7\u00e3o de seu partido contra a aprova\u00e7\u00e3o do substitutivo. Segundo ele, o tema deve ser de iniciativa do Poder Executivo, pois altera a estrutura do governo federal. O senador disse que j\u00e1 h\u00e1 na C\u00e2mara projeto de autoria do Executivo que disp\u00f5e sobre a autonomia operacional do BC (<a href=\"https:\/\/www.camara.leg.br\/proposicoesWeb\/fichadetramitacao?idProposicao=2198617\">PLP 112\/2019<\/a>). Para ele, essa proposta deveria ter prefer\u00eancia.<\/p>\n<p dir=\"ltr\" style=\"text-align: justify;\">\u2014 Na C\u00e2mara, existe um projeto de iniciativa do Executivo que est\u00e1 tramitando. Esse projeto, inclusive, coloca que o mandato do presidente inicia no segundo ano do mandato do presidente da Rep\u00fablica, ou seja, a proposta que vem do governo \u00e9 um pouco mais atrelada \u00e0 quest\u00e3o eleitoral, \u00e0 quest\u00e3o da vontade popular, que \u00e9 quem elege o presidente, que \u00e9 quem tem a prerrogativa de estabelecer a pol\u00edtica fiscal e de coordenar, junto com o Banco Central, a pol\u00edtica monet\u00e1ria \u2014 afirmou Rog\u00e9rio Carvalho.<\/p>\n<p>Fonte: Ag\u00eancia Senado<\/p>\n","protected":false},"excerpt":{"rendered":"<p>Novembro, 2020 &#8211; O Plen\u00e1rio do Senado aprovou nesta ter\u00e7a-feira (3) o substitutivo do senador Telm\u00e1rio Mota (Pros-RR) ao Projeto de Lei Complementar (PLP) 19\/2019, que estabelece mandatos est\u00e1veis e requisitos para nomea\u00e7\u00e3o e demiss\u00e3o do presidente e dos diretores do Banco Central, bem como veda\u00e7\u00f5es aos ocupantes dos cargos. Foram 56 votos a favor [&hellip;]<\/p>\n","protected":false},"author":1,"featured_media":15008,"comment_status":"open","ping_status":"open","sticky":false,"template":"","format":"standard","meta":{"_uag_custom_page_level_css":"","footnotes":""},"categories":[33],"tags":[19822,53,19823,19826,7557,19824,19825],"class_list":["post-15007","post","type-post","status-publish","format-standard","has-post-thumbnail","hentry","category-mercado","tag-fimpec95","tag-53","tag-banco-central-sem-autonomia","tag-dolar-7","tag-mercado-financeiro","tag-senado-feral","tag-taxa-de-cambio"],"blocksy_meta":[],"spectra_blocks_featured_image_url":{"thumbnail":{"url":"https:\/\/construcaocivil.siriusmarketingedesign.com.br\/wp-content\/uploads\/2020\/11\/BC-150x150.png","width":150,"height":150},"medium":{"url":"https:\/\/construcaocivil.siriusmarketingedesign.com.br\/wp-content\/uploads\/2020\/11\/BC-300x168.png","width":300,"height":168},"medium_large":{"url":"https:\/\/construcaocivil.siriusmarketingedesign.com.br\/wp-content\/uploads\/2020\/11\/BC-768x431.png","width":768,"height":431},"large":{"url":"https:\/\/construcaocivil.siriusmarketingedesign.com.br\/wp-content\/uploads\/2020\/11\/BC.png","width":990,"height":556},"full":{"url":"https:\/\/construcaocivil.siriusmarketingedesign.com.br\/wp-content\/uploads\/2020\/11\/BC.png","width":990,"height":556}},"spectra_blocks_author_info":{"display_name":"Jornal da Constru\u00e7\u00e3o Civil","avatar_url":"https:\/\/secure.gravatar.com\/avatar\/973c9774fd44ddaceb026973c4962faa70fc512bc4c9da68e8ebb40fecee6540?s=96&d=mm&r=g","author_link":"https:\/\/construcaocivil.siriusmarketingedesign.com.br\/?author=1","description":"Desde de 2013, levando muitas informa\u00e7\u00f5es, lan\u00e7amentos e produtos de qualidade para toda cadeia produtiva da constru\u00e7\u00e3o. O Futuro da constru\u00e7\u00e3o passa por aqui,"},"uagb_featured_image_src":{"full":["https:\/\/construcaocivil.siriusmarketingedesign.com.br\/wp-content\/uploads\/2020\/11\/BC.png",990,556,false],"thumbnail":["https:\/\/construcaocivil.siriusmarketingedesign.com.br\/wp-content\/uploads\/2020\/11\/BC-150x150.png",150,150,true],"medium":["https:\/\/construcaocivil.siriusmarketingedesign.com.br\/wp-content\/uploads\/2020\/11\/BC-300x168.png",300,168,true],"medium_large":["https:\/\/construcaocivil.siriusmarketingedesign.com.br\/wp-content\/uploads\/2020\/11\/BC-768x431.png",768,431,true],"large":["https:\/\/construcaocivil.siriusmarketingedesign.com.br\/wp-content\/uploads\/2020\/11\/BC.png",990,556,false],"1536x1536":["https:\/\/construcaocivil.siriusmarketingedesign.com.br\/wp-content\/uploads\/2020\/11\/BC.png",990,556,false],"2048x2048":["https:\/\/construcaocivil.siriusmarketingedesign.com.br\/wp-content\/uploads\/2020\/11\/BC.png",990,556,false]},"uagb_author_info":{"display_name":"Jornal da Constru\u00e7\u00e3o Civil","author_link":"https:\/\/construcaocivil.siriusmarketingedesign.com.br\/?author=1"},"uagb_comment_info":0,"uagb_excerpt":"Novembro, 2020 &#8211; O Plen\u00e1rio do Senado aprovou nesta ter\u00e7a-feira (3) o substitutivo do senador Telm\u00e1rio Mota (Pros-RR) ao Projeto de Lei Complementar (PLP) 19\/2019, que estabelece mandatos est\u00e1veis e requisitos para nomea\u00e7\u00e3o e demiss\u00e3o do presidente e dos diretores do Banco Central, bem como veda\u00e7\u00f5es aos ocupantes dos cargos. Foram 56 votos a favor&hellip;","_links":{"self":[{"href":"https:\/\/construcaocivil.siriusmarketingedesign.com.br\/index.php?rest_route=\/wp\/v2\/posts\/15007","targetHints":{"allow":["GET"]}}],"collection":[{"href":"https:\/\/construcaocivil.siriusmarketingedesign.com.br\/index.php?rest_route=\/wp\/v2\/posts"}],"about":[{"href":"https:\/\/construcaocivil.siriusmarketingedesign.com.br\/index.php?rest_route=\/wp\/v2\/types\/post"}],"author":[{"embeddable":true,"href":"https:\/\/construcaocivil.siriusmarketingedesign.com.br\/index.php?rest_route=\/wp\/v2\/users\/1"}],"replies":[{"embeddable":true,"href":"https:\/\/construcaocivil.siriusmarketingedesign.com.br\/index.php?rest_route=%2Fwp%2Fv2%2Fcomments&post=15007"}],"version-history":[{"count":0,"href":"https:\/\/construcaocivil.siriusmarketingedesign.com.br\/index.php?rest_route=\/wp\/v2\/posts\/15007\/revisions"}],"wp:featuredmedia":[{"embeddable":true,"href":"https:\/\/construcaocivil.siriusmarketingedesign.com.br\/index.php?rest_route=\/wp\/v2\/media\/15008"}],"wp:attachment":[{"href":"https:\/\/construcaocivil.siriusmarketingedesign.com.br\/index.php?rest_route=%2Fwp%2Fv2%2Fmedia&parent=15007"}],"wp:term":[{"taxonomy":"category","embeddable":true,"href":"https:\/\/construcaocivil.siriusmarketingedesign.com.br\/index.php?rest_route=%2Fwp%2Fv2%2Fcategories&post=15007"},{"taxonomy":"post_tag","embeddable":true,"href":"https:\/\/construcaocivil.siriusmarketingedesign.com.br\/index.php?rest_route=%2Fwp%2Fv2%2Ftags&post=15007"}],"curies":[{"name":"wp","href":"https:\/\/api.w.org\/{rel}","templated":true}]}}