{"id":15025,"date":"2020-11-05T22:51:15","date_gmt":"2020-11-06T01:51:15","guid":{"rendered":"https:\/\/www.jornaldaconstrucaocivil.com.br\/?p=15025"},"modified":"2020-11-05T22:51:15","modified_gmt":"2020-11-06T01:51:15","slug":"petrobrasficanabaciadecampos-sem-investimentos-da-petrobras-mais-de-1-000-lojas-fecharam-as-portas-em-campos-nos-ultimos-dois-anos","status":"publish","type":"post","link":"https:\/\/construcaocivil.siriusmarketingedesign.com.br\/?p=15025","title":{"rendered":"#PetrobrasFicanaBaciadeCampos: Sem investimentos da Petrobras mais de 1.000 lojas fecharam as portas em Campos nos \u00faltimos dois anos"},"content":{"rendered":"<p class=\"v1ql-align-justify\" style=\"text-align: justify;\"><span style=\"color: #993300;\">Rio de Janeiro, 5 de novembro de 2020<\/span><strong> \u2013\u00a0<\/strong>&#8220;Quando a Petrobras come\u00e7a a desinvestir e o mercado do petr\u00f3leo come\u00e7a a desempregar, esse fluxo econ\u00f4mico \u00e9 impactante. Foi o que senti no meu neg\u00f3cio em Maca\u00e9 e tamb\u00e9m em Campos, pois temos uma influ\u00eancia muito grande dos petroleiros&#8221;. Desta forma, o presidente da Associa\u00e7\u00e3o Comercial e Industrial de Campos (ACIC), Leonardo Castro de Abreu, sintetizou o impacto da pol\u00edtica de desinvestimentos da Petrobras no com\u00e9rcio da regi\u00e3o, em participa\u00e7\u00e3o na\u00a0<em>live<\/em>\u00a0do Sindicato dos Petroleiros do Norte Fluminense (SindipetroNF), na \u00faltima quarta-feira (4).<\/p>\n<p class=\"v1ql-align-justify\" style=\"text-align: justify;\">De acordo com ele, a estimativa \u00e9 que cerca de 1.000 lojas no com\u00e9rcio de Campos fecharam suas portas nos \u00faltimos dois anos, antes da pandemia de Covid-19, a maioria na \u00e1rea central da cidade. As principais causas, explicou o presidente da ACIC, s\u00e3o as demiss\u00f5es de profissionais da Petrobras, somadas ao per\u00edodo em que o Estado e Prefeitura ficaram sem pagar o funcionalismo. Em apenas quatro anos (entre 2015 e 2019), segundo dados do CAGED, do Minist\u00e9rio do Trabalho, quase 41.500 pessoas perderam seus empregos em Campos (29.868) e Maca\u00e9 (11.598). Os setores de com\u00e9rcio e servi\u00e7os foram fortemente afetados: neste per\u00edodo, Campos e Maca\u00e9 perderam 21.143 postos de trabalho formais nestes setores, sendo 5.156 no com\u00e9rcio e 15.987 nos servi\u00e7os.<\/p>\n<figure id=\"attachment_15027\" aria-describedby=\"caption-attachment-15027\" style=\"width: 300px\" class=\"wp-caption alignleft\"><img loading=\"lazy\" decoding=\"async\" class=\"size-medium wp-image-15027\" src=\"https:\/\/www.jornaldaconstrucaocivil.com.br\/wp-content\/uploads\/2020\/11\/LOJAS-CAMPOS-300x225.jpeg\" alt=\"\" width=\"300\" height=\"225\" srcset=\"https:\/\/construcaocivil.siriusmarketingedesign.com.br\/wp-content\/uploads\/2020\/11\/LOJAS-CAMPOS-300x225.jpeg 300w, https:\/\/construcaocivil.siriusmarketingedesign.com.br\/wp-content\/uploads\/2020\/11\/LOJAS-CAMPOS-1024x768.jpeg 1024w, https:\/\/construcaocivil.siriusmarketingedesign.com.br\/wp-content\/uploads\/2020\/11\/LOJAS-CAMPOS-768x576.jpeg 768w, https:\/\/construcaocivil.siriusmarketingedesign.com.br\/wp-content\/uploads\/2020\/11\/LOJAS-CAMPOS-86x64.jpeg 86w, https:\/\/construcaocivil.siriusmarketingedesign.com.br\/wp-content\/uploads\/2020\/11\/LOJAS-CAMPOS.jpeg 1152w\" sizes=\"auto, (max-width: 300px) 100vw, 300px\" \/><figcaption id=\"caption-attachment-15027\" class=\"wp-caption-text\">Sem Investimentos da Petrobras, cidade de Campos-RJ sofre grave crise financeira. Foto: Blog Plan\u00edcie<\/figcaption><\/figure>\n<p class=\"v1ql-align-justify\" style=\"text-align: justify;\">Para ele, \u00e9 essencial um maior engajamento e mobiliza\u00e7\u00e3o da classe pol\u00edtica da regi\u00e3o nesta pauta. &#8220;Vejo que os pol\u00edticos est\u00e3o muito inertes a toda essa situa\u00e7\u00e3o, se eles percebessem a import\u00e2ncia que nossos recursos e a Petrobras t\u00eam, teriam outro comportamento. N\u00e3o vejo vontade dos pol\u00edticos da nossa regi\u00e3o e do Estado em brigar para que isso n\u00e3o mais aconte\u00e7a&#8221;, afirmou Abreu, que j\u00e1 trabalhou na Petrobras por 22 anos na \u00e1rea de produ\u00e7\u00e3o.<\/p>\n<p class=\"v1ql-align-justify\" style=\"text-align: justify;\">Agora, como empres\u00e1rio, ele sente na pele a pol\u00edtica de desinvestimento da Petrobras na Bacia de Campos. &#8220;Eu tinha uma loja de alimentos h\u00e1 sete anos, em um pr\u00e9dio de escrit\u00f3rios da Petrobr\u00e1s, em Maca\u00e9. Tinha um movimento de varejo muito bom, justamente de funcion\u00e1rios da Petrobras, que estavam no edif\u00edcio e na redondeza. Quando a empresa deu in\u00edcio aos desinvestimentos em Maca\u00e9, os escrit\u00f3rios fecharam e o ponto de venda ficou insustent\u00e1vel&#8221;, lembrou o presidente da ACIC.<\/p>\n<p class=\"v1ql-align-justify\" style=\"text-align: justify;\">Com o desemprego acentuado, disse Abreu, toda a economia sente o reflexo, j\u00e1 que a renda tamb\u00e9m cai. &#8220;\u00c9 uma bola de neve. Primeiro vem o corte nos bens de consumo; em seguida, moradia, escola&#8230; Isso desencadeia um problema de giro de capital na cidade muito grande, pois quando voc\u00ea diminui seu giro financeiro, tamb\u00e9m interfere na arrecada\u00e7\u00e3o da Prefeitura&#8221;, observou ele, mirando um futuro desafiador para Campos e Maca\u00e9. &#8220;E o que vai ser de 2021? Uma coisa \u00e9 o que esperamos em termos de giro financeiro, outra \u00e9 a incerteza pol\u00edtica. Aqui, em Campos, temos 11 candidatos a prefeito. S\u00f3 espero que a gente eleja um prefeito consciente. Precisamos tirar essa instabilidade pol\u00edtica, pois isso tamb\u00e9m interfere na quest\u00e3o econ\u00f4mica&#8221;, comentou a lideran\u00e7a empresarial.<\/p>\n<p class=\"v1ql-align-justify\" style=\"text-align: justify;\">Na vis\u00e3o dele, a Petrobras tem um papel social muito importante, pois gera riqueza e emprego, o que ajuda a circular a economia. &#8220;Se a Petrobras vender seus po\u00e7os e suas plataformas e se tornar uma empresa privada, n\u00e3o vai manter os empregos na mesma propor\u00e7\u00e3o. A empresa privada que est\u00e1 entrando quer ver o resultado imediato. O tempo da empresa privada \u00e9 muito mais curto que o da Petrobras. Ela precisa ver um resultado em um tempo reduzido com o menor custo poss\u00edvel. E quando o po\u00e7o parar de produzir, ela vai fechar, pois n\u00e3o vai valer o investimento&#8221;, finalizou.<\/p>\n<p class=\"v1ql-align-justify\" style=\"text-align: justify;\">O convidado para a pr\u00f3xima\u00a0<em>live<\/em>, que acontece na sexta-feira (6), \u00e0s 18 horas, \u00e9 o economista Ranulfo Vidigal. As transmiss\u00f5es fazem parte da campanha Petrobr\u00e1s Fica na Bacia de Campos, do SindipetroNF e visam debater os impactos econ\u00f4micos e sociais da pol\u00edtica de desinvestimentos da companhia na regi\u00e3o com lideran\u00e7as dos trabalhadores, empres\u00e1rios, economistas e representantes da sociedade civil.<\/p>\n<p>Fonte: SINDIPETRO NF<\/p>\n","protected":false},"excerpt":{"rendered":"<p>Rio de Janeiro, 5 de novembro de 2020 \u2013\u00a0&#8220;Quando a Petrobras come\u00e7a a desinvestir e o mercado do petr\u00f3leo come\u00e7a a desempregar, esse fluxo econ\u00f4mico \u00e9 impactante. Foi o que senti no meu neg\u00f3cio em Maca\u00e9 e tamb\u00e9m em Campos, pois temos uma influ\u00eancia muito grande dos petroleiros&#8221;. Desta forma, o presidente da Associa\u00e7\u00e3o Comercial [&hellip;]<\/p>\n","protected":false},"author":1,"featured_media":15026,"comment_status":"open","ping_status":"open","sticky":false,"template":"","format":"standard","meta":{"_uag_custom_page_level_css":"","footnotes":""},"categories":[33],"tags":[19842,19839,19838,2463,18617,7112,8180,8859,19841,19840],"class_list":["post-15025","post","type-post","status-publish","format-standard","has-post-thumbnail","hentry","category-mercado","tag-acic","tag-bacia-de-campos-sem-investimento","tag-cidades-em-falencia","tag-comercio-varejista","tag-covid-19","tag-macae-rj","tag-norte-fluminense","tag-petrobras","tag-petrobras-na-bacia-de-campos","tag-sindipetro-nf"],"blocksy_meta":[],"spectra_blocks_featured_image_url":{"thumbnail":{"url":"https:\/\/construcaocivil.siriusmarketingedesign.com.br\/wp-content\/uploads\/2020\/11\/IG-DIVULGACAO-150x150.jpg","width":150,"height":150},"medium":{"url":"https:\/\/construcaocivil.siriusmarketingedesign.com.br\/wp-content\/uploads\/2020\/11\/IG-DIVULGACAO-300x169.jpg","width":300,"height":169},"medium_large":{"url":"https:\/\/construcaocivil.siriusmarketingedesign.com.br\/wp-content\/uploads\/2020\/11\/IG-DIVULGACAO-768x432.jpg","width":768,"height":432},"large":{"url":"https:\/\/construcaocivil.siriusmarketingedesign.com.br\/wp-content\/uploads\/2020\/11\/IG-DIVULGACAO-1024x576.jpg","width":1024,"height":576},"full":{"url":"https:\/\/construcaocivil.siriusmarketingedesign.com.br\/wp-content\/uploads\/2020\/11\/IG-DIVULGACAO.jpg","width":1920,"height":1080}},"spectra_blocks_author_info":{"display_name":"Jornal da Constru\u00e7\u00e3o Civil","avatar_url":"https:\/\/secure.gravatar.com\/avatar\/973c9774fd44ddaceb026973c4962faa70fc512bc4c9da68e8ebb40fecee6540?s=96&d=mm&r=g","author_link":"https:\/\/construcaocivil.siriusmarketingedesign.com.br\/?author=1","description":"Desde de 2013, levando muitas informa\u00e7\u00f5es, lan\u00e7amentos e produtos de qualidade para toda cadeia produtiva da constru\u00e7\u00e3o. O Futuro da constru\u00e7\u00e3o passa por aqui,"},"uagb_featured_image_src":{"full":["https:\/\/construcaocivil.siriusmarketingedesign.com.br\/wp-content\/uploads\/2020\/11\/IG-DIVULGACAO.jpg",1920,1080,false],"thumbnail":["https:\/\/construcaocivil.siriusmarketingedesign.com.br\/wp-content\/uploads\/2020\/11\/IG-DIVULGACAO-150x150.jpg",150,150,true],"medium":["https:\/\/construcaocivil.siriusmarketingedesign.com.br\/wp-content\/uploads\/2020\/11\/IG-DIVULGACAO-300x169.jpg",300,169,true],"medium_large":["https:\/\/construcaocivil.siriusmarketingedesign.com.br\/wp-content\/uploads\/2020\/11\/IG-DIVULGACAO-768x432.jpg",768,432,true],"large":["https:\/\/construcaocivil.siriusmarketingedesign.com.br\/wp-content\/uploads\/2020\/11\/IG-DIVULGACAO-1024x576.jpg",1024,576,true],"1536x1536":["https:\/\/construcaocivil.siriusmarketingedesign.com.br\/wp-content\/uploads\/2020\/11\/IG-DIVULGACAO-1536x864.jpg",1536,864,true],"2048x2048":["https:\/\/construcaocivil.siriusmarketingedesign.com.br\/wp-content\/uploads\/2020\/11\/IG-DIVULGACAO.jpg",1920,1080,false]},"uagb_author_info":{"display_name":"Jornal da Constru\u00e7\u00e3o Civil","author_link":"https:\/\/construcaocivil.siriusmarketingedesign.com.br\/?author=1"},"uagb_comment_info":0,"uagb_excerpt":"Rio de Janeiro, 5 de novembro de 2020 \u2013\u00a0&#8220;Quando a Petrobras come\u00e7a a desinvestir e o mercado do petr\u00f3leo come\u00e7a a desempregar, esse fluxo econ\u00f4mico \u00e9 impactante. Foi o que senti no meu neg\u00f3cio em Maca\u00e9 e tamb\u00e9m em Campos, pois temos uma influ\u00eancia muito grande dos petroleiros&#8221;. Desta forma, o presidente da Associa\u00e7\u00e3o Comercial&hellip;","_links":{"self":[{"href":"https:\/\/construcaocivil.siriusmarketingedesign.com.br\/index.php?rest_route=\/wp\/v2\/posts\/15025","targetHints":{"allow":["GET"]}}],"collection":[{"href":"https:\/\/construcaocivil.siriusmarketingedesign.com.br\/index.php?rest_route=\/wp\/v2\/posts"}],"about":[{"href":"https:\/\/construcaocivil.siriusmarketingedesign.com.br\/index.php?rest_route=\/wp\/v2\/types\/post"}],"author":[{"embeddable":true,"href":"https:\/\/construcaocivil.siriusmarketingedesign.com.br\/index.php?rest_route=\/wp\/v2\/users\/1"}],"replies":[{"embeddable":true,"href":"https:\/\/construcaocivil.siriusmarketingedesign.com.br\/index.php?rest_route=%2Fwp%2Fv2%2Fcomments&post=15025"}],"version-history":[{"count":0,"href":"https:\/\/construcaocivil.siriusmarketingedesign.com.br\/index.php?rest_route=\/wp\/v2\/posts\/15025\/revisions"}],"wp:featuredmedia":[{"embeddable":true,"href":"https:\/\/construcaocivil.siriusmarketingedesign.com.br\/index.php?rest_route=\/wp\/v2\/media\/15026"}],"wp:attachment":[{"href":"https:\/\/construcaocivil.siriusmarketingedesign.com.br\/index.php?rest_route=%2Fwp%2Fv2%2Fmedia&parent=15025"}],"wp:term":[{"taxonomy":"category","embeddable":true,"href":"https:\/\/construcaocivil.siriusmarketingedesign.com.br\/index.php?rest_route=%2Fwp%2Fv2%2Fcategories&post=15025"},{"taxonomy":"post_tag","embeddable":true,"href":"https:\/\/construcaocivil.siriusmarketingedesign.com.br\/index.php?rest_route=%2Fwp%2Fv2%2Ftags&post=15025"}],"curies":[{"name":"wp","href":"https:\/\/api.w.org\/{rel}","templated":true}]}}