{"id":1503,"date":"2016-04-26T16:49:30","date_gmt":"2016-04-26T16:49:30","guid":{"rendered":"http:\/\/www.jornaldaconstrucaocivil.com.br\/?p=1503"},"modified":"2016-04-26T16:49:30","modified_gmt":"2016-04-26T16:49:30","slug":"tintas-farben-lanca-novidades-durante-a-20a-convencao-de-vendas","status":"publish","type":"post","link":"https:\/\/construcaocivil.siriusmarketingedesign.com.br\/?p=1503","title":{"rendered":"Tintas Farben lan\u00e7a novidades durante a 20\u00aa Conven\u00e7\u00e3o de Vendas"},"content":{"rendered":"<p><strong><span style=\"color: #000080;\">Os lan\u00e7amentos da linha automotiva, industrial e moveleira foram um dos destaques da\u00a020\u00aa edi\u00e7\u00e3o da\u00a0Conven\u00e7\u00e3o de Vendas da Tintas Farben. <\/span><\/strong><\/p>\n<p><span style=\"color: #000000;\">Segundo o Diretor T\u00e9cnico-comercial da empresa, Ilmar Broch, os lan\u00e7amentos demonstram os investimentos da empresa em inova\u00e7\u00e3o e a for\u00e7a da marca frente ao mercado, mesmo em cen\u00e1rios pol\u00edtico e econ\u00f4mico inst\u00e1veis.<\/span><em style=\"color: #000000; line-height: 1.5;\">\u201cA diversifica\u00e7\u00e3o de produtos diz respeito a criar mais possibilidades de neg\u00f3cios aos nossos clientes. Cada vez mais temos que estar atentos \u00e0s necessidades e exig\u00eancias do mercado, mas tamb\u00e9m \u00e0 realidade que nos cerca, para podermos oferecer aos clientes as melhores solu\u00e7\u00f5es para cada situa\u00e7\u00e3o. A inova\u00e7\u00e3o traz benef\u00edcios e realmente agrega valor ao cliente, \u00e9 isso que oferecemos e isso que nos diferencia como empresa\u201d<\/em><span style=\"color: #000000; line-height: 1.5;\">, detalha Broch.<\/span><\/p>\n<figure id=\"attachment_1504\" aria-describedby=\"caption-attachment-1504\" style=\"width: 300px\" class=\"wp-caption alignleft\"><a href=\"http:\/\/www.jornaldaconstrucaocivil.com.br\/wp-content\/uploads\/2016\/04\/FARBEN-II.jpg\"><img loading=\"lazy\" decoding=\"async\" class=\"wp-image-1504 size-medium\" src=\"http:\/\/www.jornaldaconstrucaocivil.com.br\/wp-content\/uploads\/2016\/04\/FARBEN-II-300x199.jpg\" alt=\"FARBEN II\" width=\"300\" height=\"199\" \/><\/a><figcaption id=\"caption-attachment-1504\" class=\"wp-caption-text\"><span style=\"color: #ff0000;\">20\u00aa edi\u00e7\u00e3o da Conven\u00e7\u00e3o de Vendas da Tintas Farben. <span style=\"color: #0000ff;\">Imagem: Divulga\u00e7\u00e3o<\/span><\/span><\/figcaption><\/figure>\n<p><span style=\"color: #000000;\">No segmento automotivo as novidades s\u00e3o: Verniz PU Acr\u00edlico Alto S\u00f3lidos Fast Dry, Primer Condutivo Cinza para Pl\u00e1stico, Sealer Automotivo e Veda Cap\u00f4. Dentre os lan\u00e7amentos, o Qu\u00edmico Formulador, Israel Gheddin destaca o Verniz Fast Dry como uma das grandes promessas na linha automotiva para 2016. \u201c\u00c9 um verniz para retoque, indicado para superf\u00edcies met\u00e1licas, pl\u00e1sticas, fibras de vidro, base poli\u00e9ster lisa ou met\u00e1lica perolizada. Comp\u00f5e sistema de pintura de alta resist\u00eancia qu\u00edmica e resist\u00eancia a intemp\u00e9ries, com propriedade de reten\u00e7\u00e3o de brilho\u201d, explica Gheddin. O Primer Condutivo para Pl\u00e1stico \u00e9 indicado para ser usado como fundo aderente em superf\u00edcies pl\u00e1sticas. J\u00e1 o Sealer Automotivo \u00e9 recomendado para repintura de superf\u00edcies com pintura original. \u201c\u00c9 um fundo promotor de ader\u00eancia que elimina a necessidade de lixamento de diversos substratos\u201d, orienta Gheddin. Al\u00e9m disso, a empresa lan\u00e7a o Veda Cap\u00f4, indicado como adesivo selante para carrocerias de autom\u00f3veis e caminh\u00f5es.<\/span><\/p>\n<p><span style=\"color: #000000;\">Na Linha Moveleira, foi apresentado o Primer \u00e0 Base d\u2019\u00e1gua que pode ser utilizado tanto para uso convencional com pistola, quanto em m\u00e1quinas de aplica\u00e7\u00e3o em rolo. \u201c\u00c9 um produto que tem a finalidade de preparar a superf\u00edcie do m\u00f3vel para acabamento\u201d explica o Qu\u00edmico Formulador, Altamiro Ant\u00f4nio Maria. Foi lan\u00e7ada tamb\u00e9m a Laca Acr\u00edlica Branca, utilizada para acabamento fosco, com alta resist\u00eancia a amarelamento e a riscos e o Selador \u00e0 Base d\u2019\u00e1gua, um fundo de acabamento para superf\u00edcie do m\u00f3vel.<\/span><\/p>\n<p><span style=\"color: #000000;\">A Tinta Antiincrustante \u00e9 o destaque da Linha Industrial.<em> \u201cIdeal para pinturas de superf\u00edcies que ficam abaixo da linha d\u2019\u00e1gua, principalmente embarca\u00e7\u00f5es de metal, madeira e fibra de vidro e pintura de cascos novos e reparados\u201d<\/em>, explica o Qu\u00edmico Formulador, Jo\u00e3o Lu\u00eds dos Santos. O Primer Ep\u00f3xi Alta Espessura \u00d3xido Ferro Mic\u00e1ceo tamb\u00e9m \u00e9 outra novidade. \u201cProduto bicomponente de alta resist\u00eancia f\u00edsica e qu\u00edmica para pintura de superf\u00edcies met\u00e1licas ferrosas em geral, preferencialmente jateadas\u201d, define Jo\u00e3o. Seguindo as tend\u00eancias mundiais, a empresa lan\u00e7a, ainda, na linha imobili\u00e1ria, o Esmalte Base d\u2019\u00e1gua Brilhante e Tinta Ep\u00f3xi Aquosa.<\/span><\/p>\n<p><span style=\"color: #800080;\">Fonte: Assessoria de Imprensa Tintas Farben<\/span><\/p>\n<p>&nbsp;<\/p>\n","protected":false},"excerpt":{"rendered":"<p>Os lan\u00e7amentos da linha automotiva, industrial e moveleira foram um dos destaques da\u00a020\u00aa edi\u00e7\u00e3o da\u00a0Conven\u00e7\u00e3o de Vendas da Tintas Farben. Segundo o Diretor T\u00e9cnico-comercial da empresa, Ilmar Broch, os lan\u00e7amentos demonstram os investimentos da empresa em inova\u00e7\u00e3o e a for\u00e7a da marca frente ao mercado, mesmo em cen\u00e1rios pol\u00edtico e econ\u00f4mico inst\u00e1veis.\u201cA diversifica\u00e7\u00e3o de produtos [&hellip;]<\/p>\n","protected":false},"author":1,"featured_media":1504,"comment_status":"open","ping_status":"open","sticky":false,"template":"","format":"standard","meta":{"_uag_custom_page_level_css":"","footnotes":""},"categories":[33],"tags":[128,1535,5892,6910,11765,11766,11779],"class_list":["post-1503","post","type-post","status-publish","format-standard","has-post-thumbnail","hentry","category-mercado","tag-20a-convencao-de-vendas","tag-brasil","tag-ilmar-broch-diretor-comercial","tag-linha-imobiliaria","tag-tinta-antiincrustante","tag-tinta-epoxi-aquosa","tag-tintas-farben"],"blocksy_meta":[],"spectra_blocks_featured_image_url":[],"spectra_blocks_author_info":{"display_name":"Jornal da Constru\u00e7\u00e3o Civil","avatar_url":"https:\/\/secure.gravatar.com\/avatar\/973c9774fd44ddaceb026973c4962faa70fc512bc4c9da68e8ebb40fecee6540?s=96&d=mm&r=g","author_link":"https:\/\/construcaocivil.siriusmarketingedesign.com.br\/?author=1","description":"Desde de 2013, levando muitas informa\u00e7\u00f5es, lan\u00e7amentos e produtos de qualidade para toda cadeia produtiva da constru\u00e7\u00e3o. O Futuro da constru\u00e7\u00e3o passa por aqui,"},"uagb_featured_image_src":{"full":false,"thumbnail":false,"medium":false,"medium_large":false,"large":false,"1536x1536":false,"2048x2048":false},"uagb_author_info":{"display_name":"Jornal da Constru\u00e7\u00e3o Civil","author_link":"https:\/\/construcaocivil.siriusmarketingedesign.com.br\/?author=1"},"uagb_comment_info":0,"uagb_excerpt":"Os lan\u00e7amentos da linha automotiva, industrial e moveleira foram um dos destaques da\u00a020\u00aa edi\u00e7\u00e3o da\u00a0Conven\u00e7\u00e3o de Vendas da Tintas Farben. Segundo o Diretor T\u00e9cnico-comercial da empresa, Ilmar Broch, os lan\u00e7amentos demonstram os investimentos da empresa em inova\u00e7\u00e3o e a for\u00e7a da marca frente ao mercado, mesmo em cen\u00e1rios pol\u00edtico e econ\u00f4mico inst\u00e1veis.\u201cA diversifica\u00e7\u00e3o de produtos&hellip;","_links":{"self":[{"href":"https:\/\/construcaocivil.siriusmarketingedesign.com.br\/index.php?rest_route=\/wp\/v2\/posts\/1503","targetHints":{"allow":["GET"]}}],"collection":[{"href":"https:\/\/construcaocivil.siriusmarketingedesign.com.br\/index.php?rest_route=\/wp\/v2\/posts"}],"about":[{"href":"https:\/\/construcaocivil.siriusmarketingedesign.com.br\/index.php?rest_route=\/wp\/v2\/types\/post"}],"author":[{"embeddable":true,"href":"https:\/\/construcaocivil.siriusmarketingedesign.com.br\/index.php?rest_route=\/wp\/v2\/users\/1"}],"replies":[{"embeddable":true,"href":"https:\/\/construcaocivil.siriusmarketingedesign.com.br\/index.php?rest_route=%2Fwp%2Fv2%2Fcomments&post=1503"}],"version-history":[{"count":0,"href":"https:\/\/construcaocivil.siriusmarketingedesign.com.br\/index.php?rest_route=\/wp\/v2\/posts\/1503\/revisions"}],"wp:attachment":[{"href":"https:\/\/construcaocivil.siriusmarketingedesign.com.br\/index.php?rest_route=%2Fwp%2Fv2%2Fmedia&parent=1503"}],"wp:term":[{"taxonomy":"category","embeddable":true,"href":"https:\/\/construcaocivil.siriusmarketingedesign.com.br\/index.php?rest_route=%2Fwp%2Fv2%2Fcategories&post=1503"},{"taxonomy":"post_tag","embeddable":true,"href":"https:\/\/construcaocivil.siriusmarketingedesign.com.br\/index.php?rest_route=%2Fwp%2Fv2%2Ftags&post=1503"}],"curies":[{"name":"wp","href":"https:\/\/api.w.org\/{rel}","templated":true}]}}