{"id":15046,"date":"2020-11-07T13:05:43","date_gmt":"2020-11-07T16:05:43","guid":{"rendered":"https:\/\/www.jornaldaconstrucaocivil.com.br\/?p=15046"},"modified":"2020-11-07T13:05:43","modified_gmt":"2020-11-07T16:05:43","slug":"cabiria-festival-exibe-35-filmes-e-22-microfilmes-promove-debates-oficinas-e-paineis-de-18-a-29-de-novembro","status":"publish","type":"post","link":"https:\/\/construcaocivil.siriusmarketingedesign.com.br\/?p=15046","title":{"rendered":"Cab\u00edria Festival exibe 35 filmes e 22 microfilmes, promove debates, oficinas e pain\u00e9is de 18 a 29 de novembro"},"content":{"rendered":"<p style=\"text-align: justify;\">Novembro, 2020 &#8211; O <strong>Cab\u00edria Festival \u2013 Mulheres e Audiovisual<\/strong>\u00a0\u00e9 dedicado \u00e0 produ\u00e7\u00e3o realizada por mulheres e pessoas de identidades de g\u00eanero diversas para promover maior representatividade e diversidade nas telas e atr\u00e1s das c\u00e2meras. Em sua 2\u00aa edi\u00e7\u00e3o, de\u00a0<strong>18 a 29 de novembro<\/strong>, o formato ser\u00e1 online e totalmente gratuito, com uma programa\u00e7\u00e3o composta de 35 filmes e 22 microfilmes em exibi\u00e7\u00e3o, al\u00e9m de debates, oficinas, masterclasses e pain\u00e9is.<\/p>\n<p style=\"text-align: justify;\">Para participar, basta acessar a programa\u00e7\u00e3o por meio de cadastro simples nas plataformas\u00a0<span style=\"color: #0000ff;\"><a style=\"color: #0000ff;\" href=\"https:\/\/www.videocamp.com\/pt\" target=\"_blank\" rel=\"noopener noreferrer\" data-saferedirecturl=\"https:\/\/www.google.com\/url?q=https:\/\/www.videocamp.com\/pt&amp;source=gmail&amp;ust=1604847930391000&amp;usg=AFQjCNER0tkqEixY6XfNspTkmGk3hAyB9A\">Videocamp<\/a>,<\/span> para t\u00edtulos de longas e m\u00e9dias-metragens e\u00a0<span style=\"color: #0000ff;\"><a style=\"color: #0000ff;\" href=\"https:\/\/cardume.tv.br\/\" target=\"_blank\" rel=\"noopener noreferrer\" data-saferedirecturl=\"https:\/\/www.google.com\/url?q=https:\/\/cardume.tv.br\/&amp;source=gmail&amp;ust=1604847930391000&amp;usg=AFQjCNFd-iI34KdF96LSwoMmyTz76dDhGg\">Cardume<\/a>,<\/span> para os curtas, que ter\u00e3o sess\u00f5es online seguidas de debate. Pain\u00e9is, mesas e masterclasses ter\u00e3o lives no\u00a0\u00a0<span style=\"color: #0000ff;\"><a style=\"color: #0000ff;\" href=\"https:\/\/www.youtube.com\/cabiriafestival\" target=\"_blank\" rel=\"noopener noreferrer\" data-saferedirecturl=\"https:\/\/www.google.com\/url?q=https:\/\/www.youtube.com\/cabiriafestival&amp;source=gmail&amp;ust=1604847930391000&amp;usg=AFQjCNHs_wp5AMbPH1oybZE9FQdYiNgdWg\">Youtube<\/a>\u00a0<\/span>do festival. Para conferir toda a programa\u00e7\u00e3o \u00e9 s\u00f3 clicar no site:\u00a0<span style=\"color: #0000ff;\"><a style=\"color: #0000ff;\" href=\"http:\/\/www.cabiria.com.br\/\" target=\"_blank\" rel=\"noopener noreferrer\" data-saferedirecturl=\"https:\/\/www.google.com\/url?q=http:\/\/www.cabiria.com.br\/&amp;source=gmail&amp;ust=1604847930391000&amp;usg=AFQjCNHU227sjj9gXP2gT1dqyd8GJfEjqA\">www.cabiria.com.br<\/a><\/span><\/p>\n<p style=\"text-align: justify;\">Realizado presencialmente no Rio de Janeiro em sua primeira edi\u00e7\u00e3o e agora dispon\u00edvel para todo o pa\u00eds no formato virtual, em aten\u00e7\u00e3o \u00e0s restri\u00e7\u00f5es sanit\u00e1rias do COVID-19, o evento promove um encontro entre audi\u00eancia, cadeia produtiva e cineastas do Brasil e dos pa\u00edses convidados \u2013 Alemanha, Argentina, Canad\u00e1, Costa Rica e Fran\u00e7a \u2013 em busca de reflex\u00f5es, amplia\u00e7\u00e3o de redes e\u00a0impulsionamento de talentos.<\/p>\n<p style=\"text-align: justify;\">A partir do tema \u201cImagin\u00e1rios poss\u00edveis, rupturas em processo\u201d, o recorte da curadoria refor\u00e7a os desejos de compartilhar a diversidade de atua\u00e7\u00f5es no audiovisual. A proposta \u00e9 estimular o rompimento com ciclos hist\u00f3ricos de viol\u00eancia e silenciamento de grupos com pouca representatividade no setor \u2013 e na sociedade como um todo -, expressando subjetividades e imagin\u00e1rios que se tornam poss\u00edveis atrav\u00e9s das telas. Como uma s\u00edntese simb\u00f3lica do tema, a cineasta homenageada \u00e9 a Patr\u00edcia Ferreira Par\u00e1 Yxapy, ind\u00edgena da etnia Mby\u00e1-Guarani, com uma mostra de 11 filmes, incluindo um t\u00edtulo no qual \u00e9 personagem.<\/p>\n<p style=\"text-align: justify;\">O festival \u00e9 uma expans\u00e3o do Cab\u00edria Pr\u00eamio de Roteiro, que desde 2015 premia hist\u00f3rias escritas e protagonizadas por mulheres. Para esta edi\u00e7\u00e3o, foram mais de 250 inscri\u00e7\u00f5es nas categorias de longa de fic\u00e7\u00e3o, argumento infantojuvenil de longa fic\u00e7\u00e3o, piloto de s\u00e9rie de fic\u00e7\u00e3o e documental. As premiadas participar\u00e3o do Cab\u00edria LAB, entre de 30 de novembro a 5 de dezembro, um ambiente de est\u00edmulo ao desenvolvimento das hist\u00f3rias atrav\u00e9s de consultorias.<\/p>\n<p style=\"text-align: justify;\">Para Mar\u00edlia Nogueira, da Ip\u00ea Rosa Produ\u00e7\u00f5es, e V\u00e2nia Matos, da Laranjeira Filmes, realizadoras do festival, o evento refor\u00e7a a import\u00e2ncia n\u00e3o apenas da igualdade de g\u00eanero nos espa\u00e7os de trabalho, mas tamb\u00e9m a do protagonismo em suas pr\u00f3prias hist\u00f3rias. \u201cNo contexto do audiovisual, a iniciativa soma \u00e0 luta para que mulheres tenham vez e voz ao contar suas viv\u00eancias, seja escrevendo roteiros, dirigindo projetos ou atuando em personagens de destaque\u201d, afirma Mar\u00edlia. \u201cJ\u00e1 fora das telas, o Cab\u00edria Festival \u2013 Mulheres &amp; Audiovisual promove o reflexo desse empoderamento na vida pessoal de cada mulher, incentivando e respeitando seu direito de escolha, suas experi\u00eancias e demandas\u201d, refor\u00e7a V\u00e2nia.<\/p>\n<p style=\"text-align: justify;\">Al\u00e9m disso, diante dos cortes dos financiamentos p\u00fablicos e privados \u00e0 cultura e da constante ofensiva ao setor promovida pelo governo federal, o festival re\u00fane profissionais diversxs para resistir e reagir. A ideia \u00e9 pensar alternativas para desenvolver projetos, resguardar os empregos gerados pela ind\u00fastria do audiovisual e manter ofertas de programa\u00e7\u00e3o para o p\u00fablico.<\/p>\n<p style=\"text-align: justify;\">O Cab\u00edria Festival \u2013 Mulheres &amp; Audiovisual conta com uma talentosa equipe de colaboradoras, al\u00e9m de uma rede que re\u00fane 33 parcerias dedicadas a transformar a sociedade num lugar mais diversificado e igualit\u00e1rio. As organizadoras acreditam que, em tempos marcados por profundas crises pol\u00edticas e de constantes ataques \u00e0 democracia, \u00e9 ainda mais vital a uni\u00e3o de for\u00e7as.<\/p>\n<p style=\"text-align: justify;\"><strong>Fotos:\u00a0<a href=\"https:\/\/drive.google.com\/drive\/folders\/18tU2G9UoYVtGBqe9YQqIcJEvDrTkjFh6?usp=sharing\" target=\"_blank\" rel=\"noopener noreferrer\" data-saferedirecturl=\"https:\/\/www.google.com\/url?q=https:\/\/drive.google.com\/drive\/folders\/18tU2G9UoYVtGBqe9YQqIcJEvDrTkjFh6?usp%3Dsharing&amp;source=gmail&amp;ust=1604847930391000&amp;usg=AFQjCNEGPYJJTcjagF6WhVhiOqZFNqZeog\">neste link<\/a><\/strong><\/p>\n<p style=\"text-align: justify;\"><strong>DESTAQUES DA PROGRAMA\u00c7\u00c3O<\/strong><\/p>\n<p style=\"text-align: justify;\">&#8211;\u00a0<strong>Quarta-feira, 18\/11, \u00e0s 20h30<\/strong>m &#8211; Evento online de abertura e entrega do Cab\u00edria Pr\u00eamio de Roteiro. Em seguida, as estreias da Mostra Homenagem \u00e0 Patr\u00edcia Ferreira Par\u00e1 Yxapy, dispon\u00edvel durante todo o festival, e do longa documental &#8220;Sementes&#8221; de \u00c9thel Oliveira e J\u00falia Mariano (dispon\u00edvel por 24h, no Videocamp);\u00a0<strong>Evento acess\u00edvel em libras.<\/strong><\/p>\n<p style=\"text-align: justify;\">&#8211;\u00a0<strong>Diariamente, de 19 a 29\/11, sempre \u00e0s 18h,<\/strong>\u00a0uma dupla de microfilmes da Mostra Imagin\u00e1rios Poss\u00edveis ser\u00e1 lan\u00e7ada no site\u00a0<span style=\"color: #0000ff;\"><a style=\"color: #0000ff;\" href=\"https:\/\/hysteria.etc.br\/\" target=\"_blank\" rel=\"noopener noreferrer\" data-saferedirecturl=\"https:\/\/www.google.com\/url?q=https:\/\/hysteria.etc.br\/&amp;source=gmail&amp;ust=1604847930391000&amp;usg=AFQjCNHGR4JifzSVZsOsnyQbC1a7_0FLGg\">Hysteria<\/a><\/span>\u00a0e do festival. Em parceria com a Hysteria foi feita uma curadoria compartilhada que selecionou 22 microfilmes de todo Brasil, com tem\u00e1ticas variadas.<\/p>\n<p style=\"text-align: justify;\">&#8211;\u00a0<strong>Quintas e s\u00e1bados, 19, 21, 26 e 28\/11, sempre \u00e0s 19h<\/strong>\u00a0&#8211; Sess\u00f5es gratuitas de curtas online, seguidos de debates, na plataforma Cardume TV;<\/p>\n<p style=\"text-align: justify;\">&#8211;\u00a0<strong>Sextas e domingos, 20, 22, 27 e 29\/11, sempre \u00e0s 19h<\/strong>\u00a0&#8211; Debates sobre os longas. Os filmes podem ser acessados gratuitamente na plataforma Videocamp. \u00c9 importante verificar os per\u00edodos de exibi\u00e7\u00e3o;<\/p>\n<p style=\"text-align: justify;\">&#8211;\u00a0<strong>Quinta-feira, 19\/11<\/strong>,<strong>\u00a0\u00e0s 11h\u00a0<\/strong>&#8211; Painel: \u201cPor um Audiovisual Poss\u00edvel\u201d, que reunir\u00e1 cinco produtoras fora do eixo Rio-SP, como Filmes de Pl\u00e1stico (MG) e Carnaval Filmes (PE), para debater os arranjos criativos do cinema independente.\u00a0<strong>Acess\u00edvel em libras.<\/strong><\/p>\n<p style=\"text-align: justify;\">&#8211;\u00a0<strong>Quinta-feira, 19\/11, \u00e0s 21h<\/strong>\u00a0&#8211;\u00a0<strong>Apresentado por Telecine e Embaixada da Fran\u00e7a no Brasil,<\/strong>\u00a0sess\u00e3o \u00fanica, online e gratuita, do filme \u201cPapicha\u201d, no Youtube do Telecine. O premiado filme ser\u00e1 o tema da\u00a0<strong>masterclass internacional<\/strong>\u00a0com a realizadora\u00a0<strong>Mounia Meddour,<\/strong>\u00a0<strong>no dia 20\/11, \u00e0s 11h<\/strong>, tamb\u00e9m no Youtube do Telecine.<\/p>\n<p style=\"text-align: justify;\">&#8211;\u00a0<strong>Ter\u00e7a-feira, 24\/11, \u00e0s 19h\u00a0<\/strong>\u2013 Mesa: \u201cProdu\u00e7\u00e3o Criativa e Internacionaliza\u00e7\u00e3o\u201d com Elisa Tolomelli (EH! Filmes\/BR), Fernanda Lomba (Nicho 54\/BR) e Maya Bastian (Canad\u00e1), mediadas por Kate Lyra (LATC\/BR).\u00a0<strong>Tradu\u00e7\u00e3o consecutiva.<\/strong><\/p>\n<p style=\"text-align: justify;\"><strong>&#8211; Quarta, 25\/11, \u00e0s 19h<\/strong>\u00a0&#8211; Debate especial com a cineasta homenageada Patr\u00edcia Ferreira Par\u00e1 Yxapy que ao lado da realizadora Luz Jachuka Miri (Missiones\/Argentina) falar\u00e1 sobre sua filmografia e processo criativo;<\/p>\n<p style=\"text-align: justify;\">&#8211;\u00a0<strong>Quinta-feira, 26\/11, \u00e0s 10h30m\u00a0<\/strong>\u2013 Painel: \u201cPol\u00edticas e iniciativas de ruptura\u201d que reunir\u00e1 cinco diferentes iniciativas em prol da igualdade de g\u00eanero no audiovisual, entre elas a alem\u00e3 Pro-Quote Film, a francesa Collectif 50\/50 e a brasileira APAN.\u00a0<strong>Acess\u00edvel em Libras. Tradu\u00e7\u00e3o consecutiva.<\/strong><\/p>\n<p style=\"text-align: justify;\">&#8211;\u00a0<strong>Sexta-feira, 27\/11, \u00e0s 11h<\/strong>\u00a0\u2013\u00a0<strong>Apresentado pelo Goethe Institut<\/strong>, a masterclass com a performer e cineasta alem\u00e3\u00a0<strong>Nadja Verena Marcin<\/strong>\u00a0acerca da sua pesquisa que explora a interseccionalidade do feminismo e da arquitetura emocional no audiovisual.\u00a0<strong>Tradu\u00e7\u00e3o consecutiva.<\/strong><\/p>\n<p style=\"text-align: justify;\">&#8211;\u00a0<strong>Domingo, 29\/11<\/strong>,\u00a0<strong>\u00e0s 19h \u00e0s 20h<\/strong>\u00a0\u2013 A diretora argentina Andrea Testa (\u201cNi\u00f1a Mam\u00e1\u201d) e a costa-riquenha Antonela Sudasassi (\u201cO Despertar das Formigas\u201d) participar\u00e3o de um\u00a0<strong>debate<\/strong>\u00a0ao lado de Viviane Ferreira (\u201cUm dia com Jerusa\u201d).\u00a0<strong>Tradu\u00e7\u00e3o consecutiva.<\/strong><\/p>\n<p style=\"text-align: justify;\">&#8211;\u00a0<strong>No encerramento em 29\/11<\/strong>,<strong>\u00a0\u00e0s 20h<\/strong>, ser\u00e1 lan\u00e7ado o ebook \u201cMulheres nas telas e atr\u00e1s das c\u00e2meras\u201d, publica\u00e7\u00e3o que re\u00fane 14 textos, entre artigos cient\u00edficos e cr\u00edticas de filmes, todos assinados por mulheres, brasileiras pensadoras, pesquisadoras, fazedoras e cr\u00edticas de cinema. Organizado por Danielle Noronha e Ma\u00edra Ezequiel, com pref\u00e1cio da cineasta e pesquisadora Nina Tedesco.<\/p>\n<p style=\"text-align: justify;\">Na \u00e1rea de forma\u00e7\u00e3o e impulsionamento de talentos destacam-se a oficina de \u201cCr\u00edtica cinematogr\u00e1fica\u201d com Flavia Guerra, o workshop \u201cNarrativas N\u00e3o Ficcionais\u201d com Ana Abreu, os estudos de caso de\u00a0<em>realities<\/em>\u00a0com Maristela Mattos e a masterclass de desenvolvimento de projetos com Raquel Leiko.\u00a0<strong>Atividades com inscri\u00e7\u00e3o previa obrigat\u00f3ria at\u00e9 dia 10 de novembro e sujeitas \u00e0 lota\u00e7\u00e3o.<\/strong><\/p>\n<p>Fonte: Imprensa\/<strong>Cab\u00edria Festival \u2013 Mulheres e Audiovisual<\/strong><\/p>\n","protected":false},"excerpt":{"rendered":"<p>Novembro, 2020 &#8211; O Cab\u00edria Festival \u2013 Mulheres e Audiovisual\u00a0\u00e9 dedicado \u00e0 produ\u00e7\u00e3o realizada por mulheres e pessoas de identidades de g\u00eanero diversas para promover maior representatividade e diversidade nas telas e atr\u00e1s das c\u00e2meras. Em sua 2\u00aa edi\u00e7\u00e3o, de\u00a018 a 29 de novembro, o formato ser\u00e1 online e totalmente gratuito, com uma programa\u00e7\u00e3o composta [&hellip;]<\/p>\n","protected":false},"author":1,"featured_media":15047,"comment_status":"open","ping_status":"open","sticky":false,"template":"","format":"standard","meta":{"_uag_custom_page_level_css":"","footnotes":""},"categories":[27],"tags":[879,1535,19866,1788,19867,19872,19870,19868,19871,19869,10375],"class_list":["post-15046","post","type-post","status-publish","format-standard","has-post-thumbnail","hentry","category-acontece","tag-argentina","tag-brasil","tag-cabiria-festival-mulheres-e-audiovisual","tag-canada","tag-cinema-on-line","tag-costa-rica","tag-embaixada-da-franca-no-brasil","tag-festival-de-filmes","tag-goethe-institut","tag-homenagem-a-patricia-ferreira-para-yxapy","tag-rio-de-janeiro"],"blocksy_meta":[],"spectra_blocks_featured_image_url":{"thumbnail":{"url":"https:\/\/construcaocivil.siriusmarketingedesign.com.br\/wp-content\/uploads\/2020\/11\/unnamed-8-150x150.jpg","width":150,"height":150},"medium":{"url":"https:\/\/construcaocivil.siriusmarketingedesign.com.br\/wp-content\/uploads\/2020\/11\/unnamed-8-300x118.jpg","width":300,"height":118},"medium_large":{"url":"https:\/\/construcaocivil.siriusmarketingedesign.com.br\/wp-content\/uploads\/2020\/11\/unnamed-8.jpg","width":638,"height":252},"large":{"url":"https:\/\/construcaocivil.siriusmarketingedesign.com.br\/wp-content\/uploads\/2020\/11\/unnamed-8.jpg","width":638,"height":252},"full":{"url":"https:\/\/construcaocivil.siriusmarketingedesign.com.br\/wp-content\/uploads\/2020\/11\/unnamed-8.jpg","width":638,"height":252}},"spectra_blocks_author_info":{"display_name":"Jornal da Constru\u00e7\u00e3o Civil","avatar_url":"https:\/\/secure.gravatar.com\/avatar\/973c9774fd44ddaceb026973c4962faa70fc512bc4c9da68e8ebb40fecee6540?s=96&d=mm&r=g","author_link":"https:\/\/construcaocivil.siriusmarketingedesign.com.br\/?author=1","description":"Desde de 2013, levando muitas informa\u00e7\u00f5es, lan\u00e7amentos e produtos de qualidade para toda cadeia produtiva da constru\u00e7\u00e3o. O Futuro da constru\u00e7\u00e3o passa por aqui,"},"uagb_featured_image_src":{"full":["https:\/\/construcaocivil.siriusmarketingedesign.com.br\/wp-content\/uploads\/2020\/11\/unnamed-8.jpg",638,252,false],"thumbnail":["https:\/\/construcaocivil.siriusmarketingedesign.com.br\/wp-content\/uploads\/2020\/11\/unnamed-8-150x150.jpg",150,150,true],"medium":["https:\/\/construcaocivil.siriusmarketingedesign.com.br\/wp-content\/uploads\/2020\/11\/unnamed-8-300x118.jpg",300,118,true],"medium_large":["https:\/\/construcaocivil.siriusmarketingedesign.com.br\/wp-content\/uploads\/2020\/11\/unnamed-8.jpg",638,252,false],"large":["https:\/\/construcaocivil.siriusmarketingedesign.com.br\/wp-content\/uploads\/2020\/11\/unnamed-8.jpg",638,252,false],"1536x1536":["https:\/\/construcaocivil.siriusmarketingedesign.com.br\/wp-content\/uploads\/2020\/11\/unnamed-8.jpg",638,252,false],"2048x2048":["https:\/\/construcaocivil.siriusmarketingedesign.com.br\/wp-content\/uploads\/2020\/11\/unnamed-8.jpg",638,252,false]},"uagb_author_info":{"display_name":"Jornal da Constru\u00e7\u00e3o Civil","author_link":"https:\/\/construcaocivil.siriusmarketingedesign.com.br\/?author=1"},"uagb_comment_info":0,"uagb_excerpt":"Novembro, 2020 &#8211; O Cab\u00edria Festival \u2013 Mulheres e Audiovisual\u00a0\u00e9 dedicado \u00e0 produ\u00e7\u00e3o realizada por mulheres e pessoas de identidades de g\u00eanero diversas para promover maior representatividade e diversidade nas telas e atr\u00e1s das c\u00e2meras. Em sua 2\u00aa edi\u00e7\u00e3o, de\u00a018 a 29 de novembro, o formato ser\u00e1 online e totalmente gratuito, com uma programa\u00e7\u00e3o composta&hellip;","_links":{"self":[{"href":"https:\/\/construcaocivil.siriusmarketingedesign.com.br\/index.php?rest_route=\/wp\/v2\/posts\/15046","targetHints":{"allow":["GET"]}}],"collection":[{"href":"https:\/\/construcaocivil.siriusmarketingedesign.com.br\/index.php?rest_route=\/wp\/v2\/posts"}],"about":[{"href":"https:\/\/construcaocivil.siriusmarketingedesign.com.br\/index.php?rest_route=\/wp\/v2\/types\/post"}],"author":[{"embeddable":true,"href":"https:\/\/construcaocivil.siriusmarketingedesign.com.br\/index.php?rest_route=\/wp\/v2\/users\/1"}],"replies":[{"embeddable":true,"href":"https:\/\/construcaocivil.siriusmarketingedesign.com.br\/index.php?rest_route=%2Fwp%2Fv2%2Fcomments&post=15046"}],"version-history":[{"count":0,"href":"https:\/\/construcaocivil.siriusmarketingedesign.com.br\/index.php?rest_route=\/wp\/v2\/posts\/15046\/revisions"}],"wp:featuredmedia":[{"embeddable":true,"href":"https:\/\/construcaocivil.siriusmarketingedesign.com.br\/index.php?rest_route=\/wp\/v2\/media\/15047"}],"wp:attachment":[{"href":"https:\/\/construcaocivil.siriusmarketingedesign.com.br\/index.php?rest_route=%2Fwp%2Fv2%2Fmedia&parent=15046"}],"wp:term":[{"taxonomy":"category","embeddable":true,"href":"https:\/\/construcaocivil.siriusmarketingedesign.com.br\/index.php?rest_route=%2Fwp%2Fv2%2Fcategories&post=15046"},{"taxonomy":"post_tag","embeddable":true,"href":"https:\/\/construcaocivil.siriusmarketingedesign.com.br\/index.php?rest_route=%2Fwp%2Fv2%2Ftags&post=15046"}],"curies":[{"name":"wp","href":"https:\/\/api.w.org\/{rel}","templated":true}]}}