{"id":1506,"date":"2016-04-26T16:57:10","date_gmt":"2016-04-26T16:57:10","guid":{"rendered":"http:\/\/www.jornaldaconstrucaocivil.com.br\/?p=1506"},"modified":"2016-04-26T16:57:10","modified_gmt":"2016-04-26T16:57:10","slug":"cosmetica-social-o-papel-dos-produtos-de-beleza-como-inclusao","status":"publish","type":"post","link":"https:\/\/construcaocivil.siriusmarketingedesign.com.br\/?p=1506","title":{"rendered":"Cosm\u00e9tica Social: o papel dos produtos de beleza como inclus\u00e3o"},"content":{"rendered":"<p><span style=\"color: #000080;\">Durante o Congresso Brasileiro de Cosmetologia ser\u00e1 discutida a rela\u00e7\u00e3o dos cosm\u00e9ticos na autoestima e seguran\u00e7a<\/span><\/p>\n<p>Que os cosm\u00e9ticos fazem parte da nova cultura mundial todos j\u00e1 sabem, por\u00e9m como ele pode trabalhar como integrador social, ainda est\u00e1 em estudado. E este \u00e9 o trabalho desenvolvido pela mexicana Maria Luisa P\u00e9rez, professora da Universidad Aut\u00f3noma Metropolitana, que realizou uma pesquisa amostral em orfanatos do M\u00e9xico, onde estudou o comportamento da crian\u00e7a em processo de ado\u00e7\u00e3o. As crian\u00e7as que tomavam banho com sabonete se sentiam mais seguras e confiantes durante as visitas dos futuros pais e, por outro lado, os pais percebiam o asseio da crian\u00e7a e criavam uma empatia maior com aquele \u00f3rf\u00e3o levando, assim, os futuros pais \u00e0 definirem pela ado\u00e7\u00e3o.<\/p>\n<p>Com isto, ficou claro, que cosm\u00e9ticos promovem autoconfian\u00e7a e v\u00e3o al\u00e9m do simples conceito est\u00e9tico que tentam enquadr\u00e1-lo. Resumindo com este estudo, \u00e9 poss\u00edvel afirmar que o cosm\u00e9tico n\u00e3o \u00e9 sup\u00e9rfluo, ao contr\u00e1rio ele tem um papel social muito importante que alguns ainda n\u00e3o vislumbraram.<\/p>\n<p>As etapas e o resultado desta pesquisa, juntamente com a neuroci\u00eancia ser\u00e3o discutidos no dia 12\/05 na palestra: <em><span style=\"color: #800080;\">\u201cNeuroci\u00eancia e o Papel Social do Cosm\u00e9tico\u201d<\/span><\/em>, que ser\u00e1 conduzida pela professora Maria Luisa P\u00e9rez &#8211; pesquisadora titular da Universidad Aut\u00f3noma Metropolitana, no campus Xochimilco (UAM-X), doutoranda em Ci\u00eancias Biol\u00f3gicas na UAM e mestra em F\u00e1rmacos e Medicamentos pela USP. P\u00e9rez trabalhou na \u00e1rea cosm\u00e9tica em House of Fuller e Avon bem como na \u00e1rea farmac\u00eautica em Farmitalia Carlo Erba e Wyeth-Vales. Atualmente pertence ao Grupo Cooperador da FELASCC \u2013 Federa\u00e7\u00e3o Latinoamericana de Sociedades de Ci\u00eancias Cosm\u00e9ticas.<\/p>\n<p>Em sua apresenta\u00e7\u00e3o a pesquisadora abordar\u00e1 que o conceito tradicional dos cosm\u00e9ticos, que antes se baseava somente na higiene pessoal, hoje em dia abrange tamb\u00e9m status, apar\u00eancia jovem e bem estar. Modificando, assim, a percep\u00e7\u00e3o das pessoas e seu comportamento na sociedade. Em fun\u00e7\u00e3o disto houve um crescimento no estudo das neuroci\u00eancias aplicadas, para entender a atividade e os mecanismos cerebrais que influenciam positivamente no comportamento e que modificam os h\u00e1bitos na natureza humana. Desse modo, com o intuito de promover bem estar e satisfa\u00e7\u00e3o pessoal, a disciplina de Neuroci\u00eancia Cosm\u00e9tica foi criada, al\u00e9m da defini\u00e7\u00e3o de \u201cCosm\u00e9tica Social\u201d, que ser\u00e1 abordada sob a \u00f3tica do aumento da confian\u00e7a emocional geradas nas crian\u00e7as carentes no M\u00e9xico.<\/p>\n<p>Durante o congresso tamb\u00e9m ser\u00e3o discutidos temas t\u00e9cnicos como estrutura do cabelo, passando por assuntos de mercado &#8211; o perfil do consumidor das C\/D\/E, at\u00e9 os mais conceituais,<em><span style=\"color: #800080;\"> \u201cO que \u00e9 a beleza? A perspectiva de um cientista evolucionista\u201d<\/span><\/em>. Ser\u00e3o tr\u00eas dias de propaga\u00e7\u00e3o do conhecimento, onde diversas novidades ser\u00e3o apresentadas a um p\u00fablico seleto e engajado na busca de novas t\u00e9cnicas, tecnologias, estudos e pesquisas que contribuir\u00e3o para o desenvolvimento do setor.<\/p>\n<p>O encontro trar\u00e1 ainda palestras t\u00e9cnico-cientificas com assuntos relacionados a novos ativos para pele e cabelo, tend\u00eancias e percep\u00e7\u00e3o do consumidor, como tamb\u00e9m ser\u00e3o lan\u00e7ados novos ativos para as pr\u00f3ximas cole\u00e7\u00f5es. Al\u00e9m da apresenta\u00e7\u00e3o de p\u00f4steres de trabalhos acad\u00eamicos como forma de incentivo ao desenvolvimento da cosmetologia nacional, num espa\u00e7o aonde universidades e empresas apresentam em primeira m\u00e3o os resultados de suas mais recentes pesquisas sobre ativos cosm\u00e9ticos e seus mecanismos de a\u00e7\u00e3o.<\/p>\n<p>Programa\u00e7\u00e3o completa e as inscri\u00e7\u00f5es est\u00e3o dispon\u00edveis em:<\/p>\n<p><span style=\"color: #0000ff;\">http:\/\/www.abc-cosmetologia.org.br\/congresso\/o-congresso\/<\/span><\/p>\n<p><strong><span style=\"color: #800080;\">Servi\u00e7o:<\/span><\/strong><\/p>\n<p><span style=\"color: #800080;\">29\u00ba Congresso Brasileiro de Cosmetologia<\/span><\/p>\n<p><span style=\"color: #800080;\">Data: 10 a 12 de maio de 2016<\/span><\/p>\n<p><span style=\"color: #800080;\">Hor\u00e1rio: das 8h30 \u00e0s 18h00<\/span><\/p>\n<p><span style=\"color: #800080;\">Local: Transam\u00e9rica Expo Center<\/span><\/p>\n<p><span style=\"color: #800080;\">Av. Dr. M\u00e1rio Vilas Boas Rodrigues, 387 &#8211; Santo Amaro \u2013 S\u00e3o Paulo<\/span><\/p>\n<p><span style=\"color: #993366;\"><strong>Sobre a ABC<\/strong><\/span><\/p>\n<p>A Associa\u00e7\u00e3o Brasileira de Cosmetologia (ABC) \u00e9 uma entidade, fundada em abril de 1973, com objetivo de promover o desenvolvimento da cosmetologia. Formada por um grupo de profissionais das \u00e1reas de Farm\u00e1cia e Qu\u00edmica, ligados a universidades e empresas de produtos e mat\u00e9rias-primas para a ind\u00fastria de higiene pessoal, cosm\u00e9ticos e perfumes, a ABC promove atividades tecnol\u00f3gicas, cient\u00edficas e de regulamenta\u00e7\u00e3o em prol do setor.<\/p>\n<p>Sua atua\u00e7\u00e3o efetiva ao longo deste per\u00edodo foi de suma import\u00e2ncia para o desenvolvimento dos setores tecnol\u00f3gico, cient\u00edfico e regulamentar do \u00e2mbito cosm\u00e9tico e de seus profissionais, participando de comit\u00eas, grupos t\u00e9cnicos, grupos de trabalhos e aconselhamento para as \u00e1reas de Vigil\u00e2ncia Sanit\u00e1ria, Metrologia e Meio-Ambiente, e no processo de integra\u00e7\u00e3o ao Mercosul. A ABC \u00e9 representante oficial do Brasil junto a IFSCC (International Federation of Societies of Cosmetic Chemists) &#8211; sociedade que congrega cerca de trinta e cinco entidades internacionais, al\u00e9m de representar o Brasil junto \u00e0 comunidade internacional cient\u00edfica da Cosmetologia, participando e promovendo atividades para o aperfei\u00e7oamento da integra\u00e7\u00e3o mundial e troca de informa\u00e7\u00f5es.<\/p>\n<p><span style=\"color: #993300;\">Fonte: Assessoria de Imprensa ABC<\/span><\/p>\n","protected":false},"excerpt":{"rendered":"<p>Durante o Congresso Brasileiro de Cosmetologia ser\u00e1 discutida a rela\u00e7\u00e3o dos cosm\u00e9ticos na autoestima e seguran\u00e7a Que os cosm\u00e9ticos fazem parte da nova cultura mundial todos j\u00e1 sabem, por\u00e9m como ele pode trabalhar como integrador social, ainda est\u00e1 em estudado. E este \u00e9 o trabalho desenvolvido pela mexicana Maria Luisa P\u00e9rez, professora da Universidad Aut\u00f3noma [&hellip;]<\/p>\n","protected":false},"author":1,"featured_media":0,"comment_status":"open","ping_status":"open","sticky":false,"template":"","format":"standard","meta":{"_uag_custom_page_level_css":"","footnotes":""},"categories":[37],"tags":[152,282,3111,5874,7134,7282,8325,10668,11616],"class_list":["post-1506","post","type-post","status-publish","format-standard","hentry","category-sustentabilidade","tag-29o-congresso-brasileiro-de-cosmetologia","tag-abc","tag-cosmetica-social","tag-ifscc","tag-maio-2016","tag-maria-luisa-perez-professora-da-universidad-autonoma-metropolitana","tag-o-que-e-a-beleza","tag-sao-paulo","tag-tecnologias"],"blocksy_meta":[],"spectra_blocks_featured_image_url":null,"spectra_blocks_author_info":{"display_name":"Jornal da Constru\u00e7\u00e3o Civil","avatar_url":"https:\/\/secure.gravatar.com\/avatar\/973c9774fd44ddaceb026973c4962faa70fc512bc4c9da68e8ebb40fecee6540?s=96&d=mm&r=g","author_link":"https:\/\/construcaocivil.siriusmarketingedesign.com.br\/?author=1","description":"Desde de 2013, levando muitas informa\u00e7\u00f5es, lan\u00e7amentos e produtos de qualidade para toda cadeia produtiva da constru\u00e7\u00e3o. O Futuro da constru\u00e7\u00e3o passa por aqui,"},"uagb_featured_image_src":{"full":false,"thumbnail":false,"medium":false,"medium_large":false,"large":false,"1536x1536":false,"2048x2048":false},"uagb_author_info":{"display_name":"Jornal da Constru\u00e7\u00e3o Civil","author_link":"https:\/\/construcaocivil.siriusmarketingedesign.com.br\/?author=1"},"uagb_comment_info":0,"uagb_excerpt":"Durante o Congresso Brasileiro de Cosmetologia ser\u00e1 discutida a rela\u00e7\u00e3o dos cosm\u00e9ticos na autoestima e seguran\u00e7a Que os cosm\u00e9ticos fazem parte da nova cultura mundial todos j\u00e1 sabem, por\u00e9m como ele pode trabalhar como integrador social, ainda est\u00e1 em estudado. E este \u00e9 o trabalho desenvolvido pela mexicana Maria Luisa P\u00e9rez, professora da Universidad Aut\u00f3noma&hellip;","_links":{"self":[{"href":"https:\/\/construcaocivil.siriusmarketingedesign.com.br\/index.php?rest_route=\/wp\/v2\/posts\/1506","targetHints":{"allow":["GET"]}}],"collection":[{"href":"https:\/\/construcaocivil.siriusmarketingedesign.com.br\/index.php?rest_route=\/wp\/v2\/posts"}],"about":[{"href":"https:\/\/construcaocivil.siriusmarketingedesign.com.br\/index.php?rest_route=\/wp\/v2\/types\/post"}],"author":[{"embeddable":true,"href":"https:\/\/construcaocivil.siriusmarketingedesign.com.br\/index.php?rest_route=\/wp\/v2\/users\/1"}],"replies":[{"embeddable":true,"href":"https:\/\/construcaocivil.siriusmarketingedesign.com.br\/index.php?rest_route=%2Fwp%2Fv2%2Fcomments&post=1506"}],"version-history":[{"count":0,"href":"https:\/\/construcaocivil.siriusmarketingedesign.com.br\/index.php?rest_route=\/wp\/v2\/posts\/1506\/revisions"}],"wp:attachment":[{"href":"https:\/\/construcaocivil.siriusmarketingedesign.com.br\/index.php?rest_route=%2Fwp%2Fv2%2Fmedia&parent=1506"}],"wp:term":[{"taxonomy":"category","embeddable":true,"href":"https:\/\/construcaocivil.siriusmarketingedesign.com.br\/index.php?rest_route=%2Fwp%2Fv2%2Fcategories&post=1506"},{"taxonomy":"post_tag","embeddable":true,"href":"https:\/\/construcaocivil.siriusmarketingedesign.com.br\/index.php?rest_route=%2Fwp%2Fv2%2Ftags&post=1506"}],"curies":[{"name":"wp","href":"https:\/\/api.w.org\/{rel}","templated":true}]}}