{"id":15078,"date":"2020-11-11T02:04:30","date_gmt":"2020-11-11T05:04:30","guid":{"rendered":"https:\/\/www.jornaldaconstrucaocivil.com.br\/?p=15078"},"modified":"2020-11-11T02:04:30","modified_gmt":"2020-11-11T05:04:30","slug":"diminuicao-do-auxilio-emergencial-e-um-erro-52-de-perda-no-poder-de-compra","status":"publish","type":"post","link":"https:\/\/construcaocivil.siriusmarketingedesign.com.br\/?p=15078","title":{"rendered":"Diminui\u00e7\u00e3o do Aux\u00edlio Emergencial \u00e9 um erro: 52% de perda no poder de compra"},"content":{"rendered":"<p style=\"text-align: justify;\"><em><span style=\"color: #993300;\">Novembro, 2020<\/span> &#8211; Cerca de 29,4 milh\u00f5es de domic\u00edlios brasileiros foram amparados pelo Aux\u00edlio Emergencial, benef\u00edcio financeiro fornecido pelo Governo Federal para enfrentar a crise sanit\u00e1ria atual. <span style=\"color: #0000ff;\">A redu\u00e7\u00e3o no valor do benef\u00edcio e a infla\u00e7\u00e3o nos alimentos deterioram o poder de compra nos diferentes estados brasileiros.<\/span><\/em><\/p>\n<figure id=\"attachment_15080\" aria-describedby=\"caption-attachment-15080\" style=\"width: 208px\" class=\"wp-caption alignleft\"><img loading=\"lazy\" decoding=\"async\" class=\" wp-image-15080\" src=\"https:\/\/www.jornaldaconstrucaocivil.com.br\/wp-content\/uploads\/2020\/11\/unnamed-1-300x258.png\" alt=\"\" width=\"208\" height=\"179\" srcset=\"https:\/\/construcaocivil.siriusmarketingedesign.com.br\/wp-content\/uploads\/2020\/11\/unnamed-1-300x258.png 300w, https:\/\/construcaocivil.siriusmarketingedesign.com.br\/wp-content\/uploads\/2020\/11\/unnamed-1.png 586w\" sizes=\"auto, (max-width: 208px) 100vw, 208px\" \/><figcaption id=\"caption-attachment-15080\" class=\"wp-caption-text\">Divulga\u00e7\u00e3o<\/figcaption><\/figure>\n<p style=\"text-align: justify;\">\n<p style=\"text-align: justify;\"><span style=\"color: #000000; font-family: helvetica, sans-serif;\">Um dos maiores programas assistenciais da hist\u00f3ria brasileira, o Aux\u00edlio Emergencial surgiu ap\u00f3s press\u00e3o de parlamentares da esquerda, sociedade civil e economistas para fornecer prote\u00e7\u00e3o aos mais vulner\u00e1veis, algo em torno de 68 milh\u00f5es de brasileiros durante o enfrentamento da crise atual, causada pela PEC 95 &#8211; Tetos de Gastos, e acelerada pela pandemia do novo coronav\u00edrus, Sars-CoV-2.<br \/>\n<\/span><\/p>\n<figure id=\"attachment_15081\" aria-describedby=\"caption-attachment-15081\" style=\"width: 300px\" class=\"wp-caption alignright\"><img loading=\"lazy\" decoding=\"async\" class=\"size-medium wp-image-15081\" src=\"https:\/\/www.jornaldaconstrucaocivil.com.br\/wp-content\/uploads\/2020\/11\/unnamed-2-300x249.png\" alt=\"\" width=\"300\" height=\"249\" srcset=\"https:\/\/construcaocivil.siriusmarketingedesign.com.br\/wp-content\/uploads\/2020\/11\/unnamed-2-300x249.png 300w, https:\/\/construcaocivil.siriusmarketingedesign.com.br\/wp-content\/uploads\/2020\/11\/unnamed-2.png 667w\" sizes=\"auto, (max-width: 300px) 100vw, 300px\" \/><figcaption id=\"caption-attachment-15081\" class=\"wp-caption-text\">Divulga\u00e7\u00e3o<\/figcaption><\/figure>\n<p style=\"text-align: justify;\"><span style=\"color: #000000; font-family: helvetica, sans-serif;\"><br \/>\nO valor pago a cada benefici\u00e1rio do programa era de R$ 600 e foi reduzido, em setembro, para R$ 300. A infla\u00e7\u00e3o no pre\u00e7o dos alimentos nesse mesmo per\u00edodo fez com que o poder de compra tenha se reduzido. O programa ser\u00e1 encerrado em dezembro e, Paulo Guedes e Bolsonaro n\u00e3o t\u00eam nenhuma solu\u00e7\u00e3o no horizonte.<\/p>\n<p>Estudo realizado pelo\u00a0<span style=\"color: #0000ff;\"><a style=\"color: #0000ff;\" href=\"https:\/\/masteradin.us19.list-manage.com\/track\/click?u=3178766b7712c5a8ac37978e6&amp;id=84d735d4a1&amp;e=fdc5a621a5\" target=\"_blank\" rel=\"noopener noreferrer\" data-saferedirecturl=\"https:\/\/www.google.com\/url?q=https:\/\/masteradin.us19.list-manage.com\/track\/click?u%3D3178766b7712c5a8ac37978e6%26id%3D84d735d4a1%26e%3Dfdc5a621a5&amp;source=gmail&amp;ust=1605156093393000&amp;usg=AFQjCNHZMo7JOpW5WJlNS1LYXx1pNj6EAw\">Bons Investimentos<\/a><\/span>\u00a0analisa quais estados brasileiros mais foram afetados e quais s\u00e3o os alimentos que mais contribu\u00edram para a redu\u00e7\u00e3o do poder de compra.<\/span><\/p>\n<p>Fonte: Bons Investimentos<\/p>\n","protected":false},"excerpt":{"rendered":"<p>Novembro, 2020 &#8211; Cerca de 29,4 milh\u00f5es de domic\u00edlios brasileiros foram amparados pelo Aux\u00edlio Emergencial, benef\u00edcio financeiro fornecido pelo Governo Federal para enfrentar a crise sanit\u00e1ria atual. A redu\u00e7\u00e3o no valor do benef\u00edcio e a infla\u00e7\u00e3o nos alimentos deterioram o poder de compra nos diferentes estados brasileiros. Um dos maiores programas assistenciais da hist\u00f3ria brasileira, [&hellip;]<\/p>\n","protected":false},"author":1,"featured_media":15079,"comment_status":"open","ping_status":"open","sticky":false,"template":"","format":"standard","meta":{"_uag_custom_page_level_css":"","footnotes":""},"categories":[33],"tags":[19897,19892,18617,19895,19891,19893,19894,19429,19896],"class_list":["post-15078","post","type-post","status-publish","format-standard","has-post-thumbnail","hentry","category-mercado","tag-600-mil-empresas-fechadas","tag-auxilio-emergencial-deixa-50-milhoes-com-fome","tag-covid-19","tag-economia-fragilizada","tag-fim-da-pec-95-tetos-de-gastos","tag-inflacao-dos-alimentos","tag-paulo-guedes-politica-errada","tag-pib-negativo","tag-vacina-so-em-2022"],"blocksy_meta":[],"spectra_blocks_featured_image_url":{"thumbnail":{"url":"https:\/\/construcaocivil.siriusmarketingedesign.com.br\/wp-content\/uploads\/2020\/11\/unnamed-150x150.png","width":150,"height":150},"medium":{"url":"https:\/\/construcaocivil.siriusmarketingedesign.com.br\/wp-content\/uploads\/2020\/11\/unnamed-300x148.png","width":300,"height":148},"medium_large":{"url":"https:\/\/construcaocivil.siriusmarketingedesign.com.br\/wp-content\/uploads\/2020\/11\/unnamed.png","width":677,"height":334},"large":{"url":"https:\/\/construcaocivil.siriusmarketingedesign.com.br\/wp-content\/uploads\/2020\/11\/unnamed.png","width":677,"height":334},"full":{"url":"https:\/\/construcaocivil.siriusmarketingedesign.com.br\/wp-content\/uploads\/2020\/11\/unnamed.png","width":677,"height":334}},"spectra_blocks_author_info":{"display_name":"Jornal da Constru\u00e7\u00e3o Civil","avatar_url":"https:\/\/secure.gravatar.com\/avatar\/973c9774fd44ddaceb026973c4962faa70fc512bc4c9da68e8ebb40fecee6540?s=96&d=mm&r=g","author_link":"https:\/\/construcaocivil.siriusmarketingedesign.com.br\/?author=1","description":"Desde de 2013, levando muitas informa\u00e7\u00f5es, lan\u00e7amentos e produtos de qualidade para toda cadeia produtiva da constru\u00e7\u00e3o. O Futuro da constru\u00e7\u00e3o passa por aqui,"},"uagb_featured_image_src":{"full":["https:\/\/construcaocivil.siriusmarketingedesign.com.br\/wp-content\/uploads\/2020\/11\/unnamed.png",677,334,false],"thumbnail":["https:\/\/construcaocivil.siriusmarketingedesign.com.br\/wp-content\/uploads\/2020\/11\/unnamed-150x150.png",150,150,true],"medium":["https:\/\/construcaocivil.siriusmarketingedesign.com.br\/wp-content\/uploads\/2020\/11\/unnamed-300x148.png",300,148,true],"medium_large":["https:\/\/construcaocivil.siriusmarketingedesign.com.br\/wp-content\/uploads\/2020\/11\/unnamed.png",677,334,false],"large":["https:\/\/construcaocivil.siriusmarketingedesign.com.br\/wp-content\/uploads\/2020\/11\/unnamed.png",677,334,false],"1536x1536":["https:\/\/construcaocivil.siriusmarketingedesign.com.br\/wp-content\/uploads\/2020\/11\/unnamed.png",677,334,false],"2048x2048":["https:\/\/construcaocivil.siriusmarketingedesign.com.br\/wp-content\/uploads\/2020\/11\/unnamed.png",677,334,false]},"uagb_author_info":{"display_name":"Jornal da Constru\u00e7\u00e3o Civil","author_link":"https:\/\/construcaocivil.siriusmarketingedesign.com.br\/?author=1"},"uagb_comment_info":0,"uagb_excerpt":"Novembro, 2020 &#8211; Cerca de 29,4 milh\u00f5es de domic\u00edlios brasileiros foram amparados pelo Aux\u00edlio Emergencial, benef\u00edcio financeiro fornecido pelo Governo Federal para enfrentar a crise sanit\u00e1ria atual. A redu\u00e7\u00e3o no valor do benef\u00edcio e a infla\u00e7\u00e3o nos alimentos deterioram o poder de compra nos diferentes estados brasileiros. Um dos maiores programas assistenciais da hist\u00f3ria brasileira,&hellip;","_links":{"self":[{"href":"https:\/\/construcaocivil.siriusmarketingedesign.com.br\/index.php?rest_route=\/wp\/v2\/posts\/15078","targetHints":{"allow":["GET"]}}],"collection":[{"href":"https:\/\/construcaocivil.siriusmarketingedesign.com.br\/index.php?rest_route=\/wp\/v2\/posts"}],"about":[{"href":"https:\/\/construcaocivil.siriusmarketingedesign.com.br\/index.php?rest_route=\/wp\/v2\/types\/post"}],"author":[{"embeddable":true,"href":"https:\/\/construcaocivil.siriusmarketingedesign.com.br\/index.php?rest_route=\/wp\/v2\/users\/1"}],"replies":[{"embeddable":true,"href":"https:\/\/construcaocivil.siriusmarketingedesign.com.br\/index.php?rest_route=%2Fwp%2Fv2%2Fcomments&post=15078"}],"version-history":[{"count":0,"href":"https:\/\/construcaocivil.siriusmarketingedesign.com.br\/index.php?rest_route=\/wp\/v2\/posts\/15078\/revisions"}],"wp:featuredmedia":[{"embeddable":true,"href":"https:\/\/construcaocivil.siriusmarketingedesign.com.br\/index.php?rest_route=\/wp\/v2\/media\/15079"}],"wp:attachment":[{"href":"https:\/\/construcaocivil.siriusmarketingedesign.com.br\/index.php?rest_route=%2Fwp%2Fv2%2Fmedia&parent=15078"}],"wp:term":[{"taxonomy":"category","embeddable":true,"href":"https:\/\/construcaocivil.siriusmarketingedesign.com.br\/index.php?rest_route=%2Fwp%2Fv2%2Fcategories&post=15078"},{"taxonomy":"post_tag","embeddable":true,"href":"https:\/\/construcaocivil.siriusmarketingedesign.com.br\/index.php?rest_route=%2Fwp%2Fv2%2Ftags&post=15078"}],"curies":[{"name":"wp","href":"https:\/\/api.w.org\/{rel}","templated":true}]}}