{"id":15087,"date":"2020-11-11T20:29:47","date_gmt":"2020-11-11T23:29:47","guid":{"rendered":"https:\/\/www.jornaldaconstrucaocivil.com.br\/?p=15087"},"modified":"2020-11-11T20:29:47","modified_gmt":"2020-11-11T23:29:47","slug":"setor-da-construcao-civil-premia-empresas-por-boas-praticas-de-combate-a-covid-19","status":"publish","type":"post","link":"https:\/\/construcaocivil.siriusmarketingedesign.com.br\/?p=15087","title":{"rendered":"Setor da constru\u00e7\u00e3o civil premia empresas por boas pr\u00e1ticas de combate \u00e0 Covid-19"},"content":{"rendered":"<p style=\"text-align: justify;\"><span style=\"color: #993300;\">Novembro, 2020<\/span> &#8211; Foram anunciados, nesta semana, durante o evento Fim de Tarde Virtual do Sinduscon-MG, os vencedores da 22\u00aa edi\u00e7\u00e3o do &#8220;Pr\u00eamio de Seguran\u00e7a do Trabalho&#8221;. Iniciativa do Sindicato da Ind\u00fastria da Constru\u00e7\u00e3o Civil no Estado de Minas Gerais (Sinduscon-MG) e seu bra\u00e7o social, o Servi\u00e7o Social da Ind\u00fastria da Constru\u00e7\u00e3o Civil no Estado de Minas Gerais (Seconci-MG), a premia\u00e7\u00e3o homenageou as tr\u00eas construtoras com as melhores solu\u00e7\u00f5es pr\u00e1ticas e econ\u00f4micas para preven\u00e7\u00e3o do novo coronav\u00edrus nas empresas: Construtora Castor, Emccamp Residencial e Racional Engenharia.<\/p>\n<p>&#8220;O pr\u00eamio refor\u00e7a que a sa\u00fade e a seguran\u00e7a dos trabalhadores da constru\u00e7\u00e3o civil s\u00e3o nossas principais preocupa\u00e7\u00f5es. Destaco, principalmente, a atua\u00e7\u00e3o das nossas empresas associadas no desenvolvimento de boas pr\u00e1ticas de enfrentamento \u00e0 Covid-19 e a import\u00e2ncia da atividade para a economia e a gera\u00e7\u00e3o de emprego e renda&#8221;, afirmou Geraldo Linhares, presidente do Sinduscon-MG. Eduardo Moreira, vice-presidente de Materiais, Tecnologia e Meio Ambiente do Sinduscon-MG, ressaltou a participa\u00e7\u00e3o das empresas na premia\u00e7\u00e3o. &#8220;Estamos felizes com o trabalho de preven\u00e7\u00e3o que elas v\u00eam realizando. A constru\u00e7\u00e3o civil mais uma vez mostra que \u00e9 poss\u00edvel ter bons resultados com solu\u00e7\u00f5es acess\u00edveis.&#8221;<\/p>\n<p>A Construtora Castor desenvolveu um totem de \u00e1lcool em gel feito de canos de PVC, que \u00e9 acionado pelo p\u00e9. A solu\u00e7\u00e3o foi criada pelos trabalhadores da empresa com material dispon\u00edvel nas obras, abordando duas a\u00e7\u00f5es importantes no combate \u00e0 Covid-19: a higiene das m\u00e3os e a falta de contato com superf\u00edcies.<\/p>\n<p>Al\u00e9m das campanhas educativas institucionais de preven\u00e7\u00e3o, a Emccamp Residencial realizou a adapta\u00e7\u00e3o de pedais para acionar torneiras das pias e saboneteiras. Bebedouros tamb\u00e9m foram adaptados com o uso de materiais habituais das obras. De f\u00e1cil reprodu\u00e7\u00e3o em outros canteiros, a t\u00e9cnica pode ser utilizada em empresas de outros segmentos.<\/p>\n<p>A Racional Engenharia tamb\u00e9m foi um dos destaques da 22\u00aa edi\u00e7\u00e3o do pr\u00eamio. A pr\u00e1tica vencedora foi o fornecimento de tr\u00eas kits de m\u00e1scaras com cores para cada um dos trabalhadores. Esses kits cont\u00eam cinco m\u00e1scaras de colora\u00e7\u00f5es diferentes para troca a cada duas horas, o que estimula o uso efetivo desse tipo de prote\u00e7\u00e3o dentro e fora do ambiente de trabalho.<\/p>\n<p>&#8220;O objetivo da premia\u00e7\u00e3o foi motivar as empresas da ind\u00fastria da constru\u00e7\u00e3o, os empregadores e seus empregados a desenvolverem solu\u00e7\u00f5es pr\u00e1ticas e m\u00e9todos criativos que contribuam para enfrentar a emerg\u00eancia de sa\u00fade p\u00fablica decorrente do novo coronav\u00edrus. Esse trabalho \u00e9 essencial para consolidarmos uma cultura prevencionista nas empresas&#8221;, destacou a supervisora da \u00c1rea de Seguran\u00e7a do Trabalho do Seconci-MG, Andreia Kaucher. As empresas vencedoras ser\u00e3o agraciadas com um certificado.<\/p>\n<p>O evento contou com a participa\u00e7\u00e3o das procuradoras do Minist\u00e9rio P\u00fablico do Trabalho de Minas Gerais (MPT-MG), Ana Cl\u00e1udia Nascimento Gomes e Fernanda Brito Pereira. Em seus depoimentos, elas parabenizaram o Sinduscon-MG e o Seconci-MG pela iniciativa da premia\u00e7\u00e3o e as empresas participantes pelas boas pr\u00e1ticas de preven\u00e7\u00e3o \u00e0 Covid-19 criadas. Todas as solu\u00e7\u00f5es desenvolvidas ser\u00e3o compiladas em uma cartilha, que ser\u00e1 distribu\u00edda \u00e0s empresas associadas das duas entidades.<\/p>\n<p>Fonte: Imprensa\/Sinduscon-MG<\/p>\n","protected":false},"excerpt":{"rendered":"<p>Novembro, 2020 &#8211; Foram anunciados, nesta semana, durante o evento Fim de Tarde Virtual do Sinduscon-MG, os vencedores da 22\u00aa edi\u00e7\u00e3o do &#8220;Pr\u00eamio de Seguran\u00e7a do Trabalho&#8221;. Iniciativa do Sindicato da Ind\u00fastria da Constru\u00e7\u00e3o Civil no Estado de Minas Gerais (Sinduscon-MG) e seu bra\u00e7o social, o Servi\u00e7o Social da Ind\u00fastria da Constru\u00e7\u00e3o Civil no Estado [&hellip;]<\/p>\n","protected":false},"author":1,"featured_media":15088,"comment_status":"open","ping_status":"open","sticky":false,"template":"","format":"standard","meta":{"_uag_custom_page_level_css":"","footnotes":""},"categories":[27],"tags":[19902,19905,19903,18617,19904,10731,11157],"class_list":["post-15087","post","type-post","status-publish","format-standard","has-post-thumbnail","hentry","category-acontece","tag-22a-edicao-do-premio-de-seguranca-do-trabalho","tag-alcool-em-gel","tag-coronavirus-nos-canteiros-de-obras","tag-covid-19","tag-saude-do-trabalho","tag-seconci-mg","tag-sinduscon-mg"],"blocksy_meta":[],"spectra_blocks_featured_image_url":{"thumbnail":{"url":"https:\/\/construcaocivil.siriusmarketingedesign.com.br\/wp-content\/uploads\/2020\/11\/Credito-da-foto_Freepik-150x150.jpg","width":150,"height":150},"medium":{"url":"https:\/\/construcaocivil.siriusmarketingedesign.com.br\/wp-content\/uploads\/2020\/11\/Credito-da-foto_Freepik-300x200.jpg","width":300,"height":200},"medium_large":{"url":"https:\/\/construcaocivil.siriusmarketingedesign.com.br\/wp-content\/uploads\/2020\/11\/Credito-da-foto_Freepik.jpg","width":626,"height":417},"large":{"url":"https:\/\/construcaocivil.siriusmarketingedesign.com.br\/wp-content\/uploads\/2020\/11\/Credito-da-foto_Freepik.jpg","width":626,"height":417},"full":{"url":"https:\/\/construcaocivil.siriusmarketingedesign.com.br\/wp-content\/uploads\/2020\/11\/Credito-da-foto_Freepik.jpg","width":626,"height":417}},"spectra_blocks_author_info":{"display_name":"Jornal da Constru\u00e7\u00e3o Civil","avatar_url":"https:\/\/secure.gravatar.com\/avatar\/973c9774fd44ddaceb026973c4962faa70fc512bc4c9da68e8ebb40fecee6540?s=96&d=mm&r=g","author_link":"https:\/\/construcaocivil.siriusmarketingedesign.com.br\/?author=1","description":"Desde de 2013, levando muitas informa\u00e7\u00f5es, lan\u00e7amentos e produtos de qualidade para toda cadeia produtiva da constru\u00e7\u00e3o. O Futuro da constru\u00e7\u00e3o passa por aqui,"},"uagb_featured_image_src":{"full":["https:\/\/construcaocivil.siriusmarketingedesign.com.br\/wp-content\/uploads\/2020\/11\/Credito-da-foto_Freepik.jpg",626,417,false],"thumbnail":["https:\/\/construcaocivil.siriusmarketingedesign.com.br\/wp-content\/uploads\/2020\/11\/Credito-da-foto_Freepik-150x150.jpg",150,150,true],"medium":["https:\/\/construcaocivil.siriusmarketingedesign.com.br\/wp-content\/uploads\/2020\/11\/Credito-da-foto_Freepik-300x200.jpg",300,200,true],"medium_large":["https:\/\/construcaocivil.siriusmarketingedesign.com.br\/wp-content\/uploads\/2020\/11\/Credito-da-foto_Freepik.jpg",626,417,false],"large":["https:\/\/construcaocivil.siriusmarketingedesign.com.br\/wp-content\/uploads\/2020\/11\/Credito-da-foto_Freepik.jpg",626,417,false],"1536x1536":["https:\/\/construcaocivil.siriusmarketingedesign.com.br\/wp-content\/uploads\/2020\/11\/Credito-da-foto_Freepik.jpg",626,417,false],"2048x2048":["https:\/\/construcaocivil.siriusmarketingedesign.com.br\/wp-content\/uploads\/2020\/11\/Credito-da-foto_Freepik.jpg",626,417,false]},"uagb_author_info":{"display_name":"Jornal da Constru\u00e7\u00e3o Civil","author_link":"https:\/\/construcaocivil.siriusmarketingedesign.com.br\/?author=1"},"uagb_comment_info":0,"uagb_excerpt":"Novembro, 2020 &#8211; Foram anunciados, nesta semana, durante o evento Fim de Tarde Virtual do Sinduscon-MG, os vencedores da 22\u00aa edi\u00e7\u00e3o do &#8220;Pr\u00eamio de Seguran\u00e7a do Trabalho&#8221;. Iniciativa do Sindicato da Ind\u00fastria da Constru\u00e7\u00e3o Civil no Estado de Minas Gerais (Sinduscon-MG) e seu bra\u00e7o social, o Servi\u00e7o Social da Ind\u00fastria da Constru\u00e7\u00e3o Civil no Estado&hellip;","_links":{"self":[{"href":"https:\/\/construcaocivil.siriusmarketingedesign.com.br\/index.php?rest_route=\/wp\/v2\/posts\/15087","targetHints":{"allow":["GET"]}}],"collection":[{"href":"https:\/\/construcaocivil.siriusmarketingedesign.com.br\/index.php?rest_route=\/wp\/v2\/posts"}],"about":[{"href":"https:\/\/construcaocivil.siriusmarketingedesign.com.br\/index.php?rest_route=\/wp\/v2\/types\/post"}],"author":[{"embeddable":true,"href":"https:\/\/construcaocivil.siriusmarketingedesign.com.br\/index.php?rest_route=\/wp\/v2\/users\/1"}],"replies":[{"embeddable":true,"href":"https:\/\/construcaocivil.siriusmarketingedesign.com.br\/index.php?rest_route=%2Fwp%2Fv2%2Fcomments&post=15087"}],"version-history":[{"count":0,"href":"https:\/\/construcaocivil.siriusmarketingedesign.com.br\/index.php?rest_route=\/wp\/v2\/posts\/15087\/revisions"}],"wp:featuredmedia":[{"embeddable":true,"href":"https:\/\/construcaocivil.siriusmarketingedesign.com.br\/index.php?rest_route=\/wp\/v2\/media\/15088"}],"wp:attachment":[{"href":"https:\/\/construcaocivil.siriusmarketingedesign.com.br\/index.php?rest_route=%2Fwp%2Fv2%2Fmedia&parent=15087"}],"wp:term":[{"taxonomy":"category","embeddable":true,"href":"https:\/\/construcaocivil.siriusmarketingedesign.com.br\/index.php?rest_route=%2Fwp%2Fv2%2Fcategories&post=15087"},{"taxonomy":"post_tag","embeddable":true,"href":"https:\/\/construcaocivil.siriusmarketingedesign.com.br\/index.php?rest_route=%2Fwp%2Fv2%2Ftags&post=15087"}],"curies":[{"name":"wp","href":"https:\/\/api.w.org\/{rel}","templated":true}]}}