{"id":15093,"date":"2020-11-12T19:26:59","date_gmt":"2020-11-12T22:26:59","guid":{"rendered":"https:\/\/www.jornaldaconstrucaocivil.com.br\/?p=15093"},"modified":"2020-11-12T19:26:59","modified_gmt":"2020-11-12T22:26:59","slug":"manifesto-internacional-reune-400-liderancas-em-defesa-da-anulacao-dos-processos-de-lula","status":"publish","type":"post","link":"https:\/\/construcaocivil.siriusmarketingedesign.com.br\/?p=15093","title":{"rendered":"Manifesto internacional re\u00fane 400 lideran\u00e7as em defesa da anula\u00e7\u00e3o dos processos de Lula"},"content":{"rendered":"<p style=\"text-align: justify;\"><span style=\"color: #ff0000;\">Novembro, 2020<\/span> &#8211; O manifesto ser\u00e1 encaminhado ao ministro Gilmar Mendes na ter\u00e7a (10) e protocolado por uma comiss\u00e3o de representantes da Campanha Lula Livre. A iniciativa faz parte do marco um ano desde a soltura de Lula, depois do ex-presidente Luiz In\u00e1cio Lula da Silva ter ficado 580 dias encarcerado injustamente na sede da Superintend\u00eancia da Pol\u00edcia Federal do Paran\u00e1, em Curitiba.<\/p>\n<p style=\"text-align: justify;\">O texto conta com a assinatura de 400 lideran\u00e7as da Am\u00e9rica, Europa, \u00c1sia e \u00c1frica e pede para que os ministros do Supremo Tribunal Federal \u201cn\u00e3o se furtem \u00e0 sua responsabilidade hist\u00f3rica, e atuem na plenitude de suas fun\u00e7\u00f5es para reparar as injusti\u00e7as cometidas contra o ex-presidente Luiz In\u00e1cio Lula da Silva.\u201d<\/p>\n<h4>Lista de apoio ao manifesto:<\/h4>\n<p>\u201cAprender Juntos\u201d Voneinander lernen e.V. Alemanha<\/p>\n<p>\u201cEmigrados Sin Fronteras\u201d, Asociaci\u00f3n Sin Animo de Lucro, Espa\u00f1a<\/p>\n<p>Adelina Escandell. Senadora por ERC-Sobiranistes, Catalunya<\/p>\n<p>Adolfo Aguirre, Secretario de Relaciones Internacionales de la CTA Aut\u00f3noma y Coordinador de la CNTI de Argentina<\/p>\n<p>Adolfo P\u00e9rez Esquivel, ativista de direitos humanos, Argentina<\/p>\n<p>Aida Garcia Naranjo MORALES, Partido Socialista, Peru<\/p>\n<p>Ainur Kurmanov, Co-Presidente do Movimento Socialista do Cazaquist\u00e3o<\/p>\n<p>Aldo Marchetti, docente di sociologia, del lavoro alle Universit\u00e0 di Milano e Brescia<\/p>\n<p>Alejandra Placencia Concejala \u00d1u\u00f1oa, RM, Chile<\/p>\n<p>Alejandro Forero Cu\u00e9llar, Profesor del Departamento de Derecho Penal y Criminologia, Universidad de Barcelona.<\/p>\n<p>Alejandro Javier Rusconi, Secretario de Relaciones Internacionales del Movimiento Evita<\/p>\n<p>Alessandro LucchiniI, Secret\u00e1rio-geral adjunto do Partido Comunista da Su\u00ed\u00e7a e Vereador do parlamento municipal da cidade de Bellinzona (Su\u00ed\u00e7a)<\/p>\n<p>Alex Zanotelli, Padre, Napoles, Italia<\/p>\n<p>Alfred Mofokeng, South Africa<\/p>\n<p>Ali Ahmed Belkhadr, President of the General Federation of Yemeni Trade Unions<\/p>\n<p>Alicia Lira Presidenta Agrupaci\u00f3n de Familiares de Ejecutados Pol\u00edticos, Chile<\/p>\n<p>Amalia Pereira Campos, Vicepresidenta, Chile<\/p>\n<p>Amaro Labra Diputado, Chile<\/p>\n<p>Ana Miranda, Portavoz do BNG en Europa<\/p>\n<p>Ana Pont\u00f3n, Portavoz Nacional do BNG<\/p>\n<p>Anders Soerensen, editor in chief Arbejderen, Denmark<\/p>\n<p>Andr\u00e9 Chassaigne, Presidente da Bancada de Deputados da Esquerda Democr\u00e1tica e Republicana, Fran\u00e7a<\/p>\n<p>Andrea Palacios Riquelme, encargada de la mesa del sector p\u00fablico, Chile<\/p>\n<p>Andrej Hunko, membro do Bundestag (Parlamento) alem\u00e3o e vice-presidente do grupo parlamentar DIE LINKE no Bundestag \u2013 Alemanha<\/p>\n<p>Angela Di Scala, Italy<\/p>\n<p>Angela Hidding, Grupo de solidariedade com os sindicatos brasileiros de Mannheim \/ Ludwigshafen, Alemanha<\/p>\n<p>Antonino Quaranta, Presidente della Cooperativa Impresa Sociale \u201cDella Terra contadinanza necessaria\u201d ETS, Italia;<\/p>\n<p>Ant\u00f3nio Avel\u00e3s Nunes \u2013 Professor Catedr\u00e1tico aposentado da Universidade de Coimbra, Portugal<\/p>\n<p>Ant\u00f3nio Avel\u00e3s Nunes \u2013 Professor Catedr\u00e1tico Jubilado da Universidade de Coimbra<\/p>\n<p>Antonio Bonfatti, Partido Socialista de Argentina<\/p>\n<p>Ant\u00f3nio Filipe \u2013 Deputado do Partido Comunista Portugu\u00eas, Vice-Presidente da Assembleia da Republica Portuguesa<\/p>\n<p>Ant\u00f3nio Filipe \u2013 Deputado do Partido Comunista Portugu\u00eas, Vice-Presidente da Assembleia da Rep\u00fablica Portuguesa<\/p>\n<p>Antonio Lupo, m\u00e9dico, It\u00e1lia<\/p>\n<p>Antonio Vermigli, giornalista, direttore della rivista IN DIALOGO QUARRATA (PT) Italia<\/p>\n<p>Ariel Ramos Concejal Macul, RM, Chile<\/p>\n<p>Aymara Salamanca Consejera Nacional de la CUT, Chile<\/p>\n<p>Ayuba Wabba, President Nigeria Labourt Congress \u2013 NLC and President of ITUC<\/p>\n<p>Baltasar Garz\u00f3n \u2013 jurista espanhol, foi Magistrado-Juiz da Central de Instru\u00e7\u00e3o do tribunal penal de m\u00e1xima inst\u00e2ncia na Espanha, a Audi\u00eancia Nacional.<\/p>\n<p>B\u00e1rbara Figueroa Presidenta Central Unitaria de Trabajadores de Chile \u2013 CUT<\/p>\n<p>Beatriz Bissio, Profesora Universitaria (UFRJ), Brasil<\/p>\n<p>Benjam\u00edn Heisecke Duarte, Partido de la Participaci\u00f3n Ciudadana, Paraguay<\/p>\n<p>Bernd Riexinger, presidente do Die Linke (Alemanha)<\/p>\n<p>Bertone Maria pensionata ITALIA<\/p>\n<p>Bheki Ntshalintshali \u2013 Congress of South African Trade Unions (General Secretary) \u2013 South Africa<\/p>\n<p>Boaventura de Sousa Santos \u2013 soci\u00f3logo, Professor Catedr\u00e1tico Jubilado da Faculdade de Economia da Universidade de Coimbra.<\/p>\n<p>Bogdan Iuliu HOSSU, Presedinte CNS \u201cCartel ALFA\u201d<\/p>\n<p>Boris Barrera Diputado, Chile<\/p>\n<p>Bosse Johansson<\/p>\n<p>Camila Donato Concejala Macul, RM, Chile<\/p>\n<p>Camila Vallejo Diputada, Chile<\/p>\n<p>Camilo S\u00e1nchez Soci\u00f3logo, Presidente de las Juventudes Comunistas de Chile<\/p>\n<p>Cap\u00edtulo Cubano y los Movimientos Sociales<\/p>\n<p>Carlos Enrique Mancilla Garc\u00eda, Secretario General \u2013 Confederaci\u00f3n de Unidad Sindical de Guatemala CUSG<\/p>\n<p>Carlos Insunza Consejero Nacional de la CUT, Vicepresidente ANEF<\/p>\n<p>Carlos L. S\u00e1nchez, Secretario General de la Alianza por la Democracia (APD) y Diputado al Parlamento Centroamericano (PARLACEN) por la Rep\u00fablica Dominicana 2020-2024.<\/p>\n<p>Carlos Rozanski, ex juez de C\u00e1mara Federal. Argentina.<\/p>\n<p>Carmen Hertz Diputada, Chile<\/p>\n<p>Cathy Feingold, Vice Presidente da CSI<\/p>\n<p>Cecilia D\u00edaz, Fr\u00e8res des Hommes, ONG de desenvolvimento e solidaridade, B\u00e9lgica<\/p>\n<p>C\u00e9sar Bunster Concejal Puente Alto, RM, Chile<\/p>\n<p>Chadacki Kipulu, m\u00e9dico, Rep\u00fablica Democr\u00e1tica do Congo<\/p>\n<p>Chantal Mouffe, University of Westminster, Inglaterra<\/p>\n<p>Charlotte Casey, San Jose CA, USA<\/p>\n<p>Christina S. Mfanga, SECRETARY GENERAL- TANZANIA SOCIALIST FORUM<\/p>\n<p>C\u00edcero Pereira da Silva, Secretario de Pol\u00edtica Social de la CSA<\/p>\n<p>Clark Pratt, Municipal Council Member, Odsherred, Denmark<\/p>\n<p>Claudia Fanti \u2013 Italia<\/p>\n<p>Claudia Pascual Ministra de la Mujer y la Equidad de G\u00e9nero, durante el segundo per\u00edodo de gobierno de la Presidenta Michelle Bachelet<\/p>\n<p>Claudio De Negri, Encargado Relaciones Internacionales, Partido Comunista de Chile<\/p>\n<p>Claudio Lozano, economista y ex Diputado Nacional de Argentina<\/p>\n<p>Claus Westergreen, chairman tradeunion 3F BJMF (constructionsworkers etc) Copenhagen<\/p>\n<p>Constanza Gabriela Rom\u00e1n Vicepresidenta Mesa Interina Federaci\u00f3n de Estudiantes de la Universidad Austral de Chile, Valdivia<\/p>\n<p>Costas Douzinas, Professor of law, Birkbeck School of Law, director of the Birkbeck Institute for the Humanities at Birkbeck, University of London<\/p>\n<p>Cristian Weibel Concejal Recoleta, RM, Chile<\/p>\n<p>Cristina Meneses Albizu-Campos, Vice Presidenta, Partido Nacionalista de Puerto Rico, Movimiento Libertador<\/p>\n<p>Damian Loreti \u2013 Es abogado por la Universidad de Buenos Aires y doctor en Ciencias de la Informaci\u00f3n por la Universidad Complutense de Madrid; profesor titular de la C\u00e1tedra Libre UNESCO-Libertad de Expresi\u00f3n de la Facultad de Periodismo y Comunicaci\u00f3n Social de la Universidad Nacional de La Plata.<\/p>\n<p>Daniel CATALANO, Secretario Adjunto \u2013 CTA de los Trabajadores Argentina<\/p>\n<p>Daniel Jadue Alcalde Comuna de Recoleta RM, Chile<\/p>\n<p>Daniel N\u00fa\u00f1ez Diputado, Chile<\/p>\n<p>Dave Gould, ASLEF Head of Policy and Communications, London.<\/p>\n<p>David Abdulah, Political Leader Movement for Social Justice, Trinidad and Tobago<\/p>\n<p>David Acu\u00f1a Millahuelque, subsecretario, Chile<\/p>\n<p>Davide Rossi, Professor e Diretor do Instituto de Hist\u00f3ria e Filosofia do Pensamento Contempor\u00e2neo (ISPEC), Su\u00ed\u00e7a<\/p>\n<p>Diether Dehm, member of parliament for DIE LINKE\/THE LEFT in Germany<\/p>\n<p>Duarte Correa Pi\u00f1eiro. Secret\u00e1rio de Rela\u00e7\u00f5es Internacionais da Uni\u00e3o do Povo Galego<\/p>\n<p>Edgardo An\u00edbal LLANO, Secretario Adjunto \u2013 CTA de los Trabajadores Argentina<\/p>\n<p>Edoardo Cappelletti, Jurista e Vereador do parlamento municipal da cidade de Lugano (Su\u00ed\u00e7a)<\/p>\n<p>Eduardo Contreras Abogado de Derechos Humanos, Chile<\/p>\n<p>Elena Hileg Iannuzzi, attivista, Italia.<\/p>\n<p>Elena Salazar Concejala Independencia, RM, Chile<\/p>\n<p>Elizabeth Jim\u00e9nez Concejala Pedro Aguirre Cerda, RM, Chile<\/p>\n<p>Emilio Camacho \u2013 jurista paraguayo, doctor en derecho Univ. Complutense de Madrid, Ex Senador Nacional, Juez Ad Hoc de la Corte Interamericana de Derechos Humanos. Actualmente Asesor Jur\u00eddico en la Honorable C\u00e1mara de Senadores.<\/p>\n<p>Enrique Jaca, Partido Nacionalista de Puerto Rico, Movimiento Libertador<\/p>\n<p>Eric campos bonta, vicepresidente de comunicaci\u00f3n, Chile<\/p>\n<p>Erick Campos Dirigente Nacional CUT, Presidente Sindicato 1 Metro, Chile<\/p>\n<p>Esteban Silva Cuadra, Movimiento del Socialismo Allendista, Chile<\/p>\n<p>Esther Latorre Larrod\u00e9, Espanha<\/p>\n<p>Esther Mofokeng, South Africa<\/p>\n<p>Fabi\u00e1n Caballero Vergara, vicepresidente de educaci\u00f3n, Chile<\/p>\n<p>Fabiana Rousseaux \u2013 Directora de la Asociaci\u00f3n Civil Territorios Clinicos de la Memoria, Argentina<\/p>\n<p>Fabien GAY, s\u00e9nateur de Seine St Denis, France<\/p>\n<p>Fabien ROUSSEL, D\u00e9put\u00e9 du Nord, scer\u00e9taire nationale du PCF<\/p>\n<p>Faissal Aoussar : Activiste Amazigh et militant des droits de l\u2019homme, Alhoceima, Marrocos.<\/p>\n<p>Fatima Rallo Guti\u00e9rrez, Cospp, Paraguay<\/p>\n<p>Felipe Zavala Concejal Estaci\u00f3n Central, RM, Chile<\/p>\n<p>Fernando Manzur Concejal Recoleta, RM, Chile<\/p>\n<p>Frances O\u2019Grady, General Secretary, Trades Union Congress, Great Britain<\/p>\n<p>Francis WURTZ, D\u00e9put\u00e9 au Parlement Europ\u00e9en 1979 \u00e0 2009, Ancien Pr\u00e9sident du groupe de la Gauche Unitaire Europ\u00e9enne, de la Gauche Vert Nordique<\/p>\n<p>Francisca Rodr\u00edguez Presidenta Asociaci\u00f3n Nacional de Mujeres Rurales ANAMURI, Chile<\/p>\n<p>Francisco Sierra Caballero, Catedr\u00e1tico de Teor\u00eda de la Comunicaci\u00f3n de la Universidad de Sevilla y Presidente de ULEPICC \u2013 Uni\u00f3n Latina de Econom\u00eda Pol\u00edtica de la Informaci\u00f3n, la Comunicaci\u00f3n y la Cultura (ULEPICC-Federa\u00e7\u00e3o).<\/p>\n<p>Franck Georges Wilbert, Coordonnateur de l\u2019UNNOEH de la R\u00e9publique d\u2019Ha\u00efti<\/p>\n<p>Freda Oosthuysen \u2013 Congress of South African Trade Unions (National Treasurer) \u2013 South Africa<\/p>\n<p>Gabriella Campregher, Associazione di Volontariato Internazionale Trememb\u00e8 Onlus Trento \u2013 ITALIA<\/p>\n<p>Gerardo Lugo Segarra, Presidente, Partido Nacionalista de Puerto Rico, Movimiento Libertador<\/p>\n<p>Gerardo Pisarello \u2013 pol\u00edtico y jurista hispanoargentino, doctor en Derecho y profesor titular de Derecho Constitucional de la Universidad de Barcelona. Actualmente Diputado espanhol.<\/p>\n<p>Gezim Kalaja, President of BSPSH Albania<\/p>\n<p>Gianni Novelli per il Cipax (Centro interconfessionale per la pace di Roma, Italia)<\/p>\n<p>Giovanni Russo Spena, ex-senatore (Italia)<\/p>\n<p>Giuliano Granato, membro del Coordinamento Nazionale di Potere al Popolo, Italia<\/p>\n<p>Gloria Rodr\u00edguez Concejala Pedro Aguirre Cerda, RM, Chile<\/p>\n<p>Gonzalo Lizama Concejal Pudahuel, RM, Chile<\/p>\n<p>Grace Arcos Concejala Cerrillos, RM, Chile<\/p>\n<p>Graeme Morris, MP, Easington County Durham<\/p>\n<p>Grahame Morris MP, Representing Easington County Durham.<\/p>\n<p>Gregory Duff Morton, Bard College, USA<\/p>\n<p>Grygorii Osovyi, President of Federation of Trade Unions of Ukraine<\/p>\n<p>Guillermo Salinas Vargas, Vicepresidente de organizaci\u00f3n, Chile<\/p>\n<p>Guillermo Teillier Presidente Partido Comunista de Chile. Diputado<\/p>\n<p>Gustavo Arias Concejal San Joaqu\u00edn, RM, Chile<\/p>\n<p>Gyula Thurmer, President Hungarian Workers Party<\/p>\n<p>Harold Correa \u2013 Magister Universidad del Pa\u00eds Vasco, Espa\u00f1a. Fundador Estudio Jur\u00eddico Correa Asociados, Santiago de Chile Actualmente ejerce como Abogado y consultor internacional.<\/p>\n<p>Hassan Yussuff, President, Canadian Labour Congress, Canada<\/p>\n<p>H\u00e9ctor S\u00e1nchez. Secretario General de Comunistes de Catalunya<\/p>\n<p>Heike H\u00e4nsel, membro do Bundestag (Parlamento) alem\u00e3o e vice-presidenta do grupo parlamentar DIE LINKE \u2013 Alemanha<\/p>\n<p>Hugo Godoy, Secretario General de la Asociaci\u00f3n Trabajadores del Estado de Argentina<\/p>\n<p>Hugo Guti\u00e9rrez Diputado, Chile<\/p>\n<p>Hugo Guzm\u00e1n Periodista. Director del peri\u00f3dico El Siglo, Chile<\/p>\n<p>Hugo Yasky, Secretario General \u2013 CTA de los Trabajadores Argentina<\/p>\n<p>Ignacio Alejandro Escobar Presidente Mesa Interina Federaci\u00f3n de Estudiantes Universidad Austral de Chile, Valdivia<\/p>\n<p>Ilda Figueiredo \u2013 Presidente da Dire\u00e7\u00e3o do Conselho Portugu\u00eas para a Paz e Coopera\u00e7\u00e3o<\/p>\n<p>I\u00f1aki Rivera Beiras \u2013 (Prof. de Criminologia y Derecho Penal de la Universidad de Barcelona y Diretor del Observat\u00f3rio del Sistema Penal y Derechos Humanos de la UB);<\/p>\n<p>Iraci Hassler Concejala Santiago, RM, Chile<\/p>\n<p>Irene Clausen, teacher and postal worker, organizer og Palestine-solidarity<\/p>\n<p>Isabel G\u00f3mez Vicepresidenta de la Sociedad de Escritores de Chile, poeta<\/p>\n<p>Ishkra Wladimir Calder\u00f3n Concejal Renca, RM, Chile<\/p>\n<p>Isidoro Moreno Navarro, Catedr\u00e1tico em\u00e9rito de Antropolog\u00eda Social, Universidad de Sevilla, Andaluc\u00eda, Estado espa\u00f1ol.<\/p>\n<p>Jabulane Motaung, Accounting, South African.<\/p>\n<p>Jacobo Ramos, Presidente de la Confederaci\u00f3n Nacional de Trabajadores Dominicanos \u2013 Re\u00fablica Dominicana<\/p>\n<p>Jacques Boivin, Educador, (Fran\u00e7a)<\/p>\n<p>Jaime Gajardo Vicepresidente Colegio de Profesores de Chile<\/p>\n<p>Jamal Ajbara, Democratic Way Party, Marrocos.<\/p>\n<p>James Counts Early, Institute for Policy Studies Board, Former Assistant Secretary Education and Public Service Smithsonian Institution, Washington, DC., USA<\/p>\n<p>Jamshid Ahmadi, Assistant General Secretary, Committee for the Defence of Iranian People\u2019s Rights (CODIR), Ir\u00e3<\/p>\n<p>Javier Moreno, Profesor en la Facultad de Comunicaci\u00f3n en la Universidad Carlos III, Madrid<\/p>\n<p>Javier Vicente Tejada, USO Espanha<\/p>\n<p>Jeanette Jara Ex Subsecretaria Previsi\u00f3n Social, Chile<\/p>\n<p>Jeffrey Frank, National Cordinator Friends of the MST<\/p>\n<p>Jehad Yousef M\u00e9dico pediatra Diputado del consejo nacional palestino Palestina<\/p>\n<p>Jeremy Corbyn, MP for Islington North, London<\/p>\n<p>Joachim Wahl, cientista, Alemanha<\/p>\n<p>Joan Josep Nuet. Diputado en el Congreso por ERC-Sobiranistes, Catalunya<\/p>\n<p>Jodie Evans, co funder CODEPINK, Estados Unidos<\/p>\n<p>Joergen Petersen, chairman of Danish Communist Party (KP)<\/p>\n<p>John Bellamy Foster, Professor, Sociology, University of Oregon<\/p>\n<p>John Mage, Esq.Attorney-at-law, Member of the Bar of the State of New York<\/p>\n<p>Jordania Ure\u00f1a Lora, Secretaria de Pol\u00edtica Sindical y Educaci\u00f3n de la CSA<\/p>\n<p>Jorge Ceriani, Resp. Commissione Internazionale, PRC-SE (Roma, Italia)<\/p>\n<p>Jorge Coul\u00f3n M\u00fasico, Director Grupo Inti-Illimani, Chile<\/p>\n<p>Jorge Drkos, Frente Transversal Argentina, Argentina<\/p>\n<p>Jos\u00e9 A. Bayardi Lozano, Ex Diputado Nacional, ex Ministro de Defensa Nacional y ex Ministro de Trabajo y Seguridad Social, URUGUAY.<\/p>\n<p>Jos\u00e9 Cadem\u00e1rtori Ex Ministro de Econom\u00eda del gobierno de Salvador Allende<\/p>\n<p>Jos\u00e9 Castillo Morales, Secretario General, Partido Nacionalista de Puerto Rico, Movimiento Libertador<\/p>\n<p>Jos\u00e9 Manuel D\u00edaz, vicepresidente de gesti\u00f3n y finanzas, Chile<\/p>\n<p>Jose Maria \u00c1lvarez, Secretario General de UGT de Espa\u00f1a<\/p>\n<p>Jos\u00e9 Rivera Rivera, Portavoz Frente Socialista de Puerto Ric<\/p>\n<p>Juan Bustamante Concejal La Pintana, RM, Chile<\/p>\n<p>Juan Carlos Burillo Garc\u00eda, Presidente del Comit\u00e9 de Solidaridad Internacionalista, Zaragoza, Arag\u00f3n. Espa\u00f1a.<\/p>\n<p>Juan Carlos Concha Ex Ministro de Salud del gobierno de Salvador Allende<\/p>\n<p>Juan Carlos Monedero- polit\u00f3logo e escritor espanhol, professor de Ci\u00eancia Pol\u00edtica na Universidade Complutense de Madrid.<\/p>\n<p>Juan Castillo, Secretario General, Partido Comunista Uruguay<\/p>\n<p>Juan Moreno Gamboa, encargado de la. Secretaria del comercio, Chile<\/p>\n<p>Judith Rodr\u00edguez Concejala Cerro Navia, RM, Chile<\/p>\n<p>Judith Valencia Maestra Escuela Robinsoniana\/FFM. Venezuela.<\/p>\n<p>Julia Requena Castillo, vicepresidenta de la mujer, Chile<\/p>\n<p>Julio Fuentes, Presidente de la CLATE<\/p>\n<p>Karen PALMA tapia, encargada de secretar\u00eda de la salud, Chile<\/p>\n<p>Karol Cariola Diputada, Chile<\/p>\n<p>Kasongo Ilunga, Point Focal du Mouvement Citoyen Biso Peuple, R\u00e9publique D\u00e9mocratique du Congo<\/p>\n<p>Kassahun Follo, President \u2013 Confederation of Ethiopian Trade Unions (CETU)<\/p>\n<p>Kathrin Vogler, Member of the German Bundestag<\/p>\n<p>Kemy Oyarz\u00fan Acad\u00e9mica Universidad de Chile<\/p>\n<p>Kevin Courtney, National Education Union, England<\/p>\n<p>Khmais Bouguerra, Professor, Tunisia<\/p>\n<p>Kol Nikollaj, President of Confederation of Trade Unions of Albania \u2013 KSSH<\/p>\n<p>Laura Sof\u00eda Stella Pezoa Presidenta Federaci\u00f3n de Estudiantes de la Universidad Diego Portales, Chile<\/p>\n<p>Laurence COHEN, s\u00e9natrice du Val de Marne<\/p>\n<p>Laurent Berger, Secretario general de la CFDT (Francia)<\/p>\n<p>Lautaro Carmona Secretario General Partido Comunista de Chile<\/p>\n<p>Leire Azkargorta, pa\u00eds Basco<\/p>\n<p>Len McCluskey, General Secretary, Unite Kingdon<\/p>\n<p>Le\u00f3n Lev, Frente Amplio, Uruguay<\/p>\n<p>Leonel Falcon Guerra, PARTIDO HUMANISTA PERUANO, Peru<\/p>\n<p>Leticia Quagliaro, Presidente Unidad Popular de Argentina<\/p>\n<p>Lorena Pizarro Presidenta Agrupaci\u00f3n Familiares Detenidos Desaparecidos, Chile<\/p>\n<p>Louisa Thipe \u2013 Congress of South African Trade Unions (2nd Deputy President)- South Africa<\/p>\n<p>Luca Frei, Secret\u00e1rio-geral do Juventude Comunista Su\u00ed\u00e7a<\/p>\n<p>Lucio Gentili, Forum Italiano dei Movimenti per l\u2019Acqua, Italia<\/p>\n<p>Luigi Ferrajoli, Prof. Em\u00e9rito Universit\u00e0t degli estudi Roma Tre.<\/p>\n<p>Luis D\u00edaz Concejal Quinta Normal, RM, Chile<\/p>\n<p>Luis Gonz\u00e1lez Concejal Recoleta, RM, Chile<\/p>\n<p>l\u2019Union Nationale des Travailleurs du Mali UNTM<\/p>\n<p>Lydia SAMARBAKHSH, membre de l\u2019ex\u00e9cutif national du PCF, responsable du secteur international.<\/p>\n<p>M.Haniff PEERUN, President All Workers Federation, president Mauritius Labour Congress<\/p>\n<p>Madalena Santos \u2013 Presidente da Associa\u00e7\u00e3o Portuguesa de Juristas Democratas<\/p>\n<p>Maggie Bowden, United Kingdon<\/p>\n<p>Maite Mola \u2013 Primeira Vice-presidenta do Partido da Esquerda Europeia<\/p>\n<p>Malaoui Rachid, le president de la CGATA Arg\u00e9lia<\/p>\n<p>Mamadou Niang -Conf\u00e9d\u00e9ration G\u00e9n\u00e9rale des Travailleurs de Mauritanie (CGTM)<\/p>\n<p>Manuel Ahumada Presidente Confederaci\u00f3n Trabajadores del Cobre CTC, Chile<\/p>\n<p>Manuel Romero Fuenzalida, subsecretario, Chile<\/p>\n<p>Manuela Guti\u00e9rrez Vocera Coordinadora Nacional de Estudiantes Secundarios, Chile<\/p>\n<p>Marc Leeman, President of ACV-CSC Belgium<\/p>\n<p>Marcela Abedrapo Concejala La Florida, RM, Chile<\/p>\n<p>Marco Consolo, Resp. Area Esteri e Pace, Partito della Rifondazione Comunista- Sinistra Europea (Italia)<\/p>\n<p>Marcos Barraza Ministro de Desarrollo Social en el segundo per\u00edodo de gobierno Presidenta Bachelet<\/p>\n<p>Margarita Isabel Urra Concejala El Bosque, RM, Chile<\/p>\n<p>Maria Cristina Mocellin, ALERTANYC, EUA<\/p>\n<p>Maria Joaquina Veiga de Almeida, Secret\u00e1ria Geral da UNTC-CS Cabo Verde<\/p>\n<p>Maria Jos\u00e9 Fari\u00f1as Dulce \u2013 Doutora em Direito pela Universidade Complutense de Madri. Catedr\u00e1tica de Filosofia do direito pela Universidade Carlos III de Madri.<\/p>\n<p>Mar\u00eda Josefa Guzm\u00e1n Secretaria General de la Federaci\u00f3n de Estudiantes de Temuco., Chile<\/p>\n<p>Maria N. D\u00b4Amico, presidente Associazione Shishu, Italia<\/p>\n<p>Mariano Ciafardini partido Solidario Argentina<\/p>\n<p>Marina Jakobsen, Ph.d. Teacher, Denmark<\/p>\n<p>Marisela Santib\u00e1\u00f1ez Diputada<\/p>\n<p>Marisol Torres P\u00e9rez, Partido Nacionalista de Puerto Rico, Movimiento Libertador<\/p>\n<p>Massimiliano AY, Secret\u00e1rio-geral do Partido Comunista da Su\u00ed\u00e7a e membro do parlamento da Rep\u00fablica e Cant\u00e3o de Ticino, Su\u00ed\u00e7a<\/p>\n<p>Maurizio Acerbo, Segretario Nazionale, Partito della Rifondazione Comunista- Sinistra Europea (Italia)<\/p>\n<p>Mauro Castagnaro \u2013 Italia<\/p>\n<p>Max Conteh, Secretary-General \u2013 Sierra Leone Labour Congress<\/p>\n<p>Max Pardo Concejal San Ram\u00f3n, RM, Chile<\/p>\n<p>Messina Maurizio, Segreteria Fed. PRC-SE, Roma (Italia)<\/p>\n<p>Michele O\u2019Neil, President, Australian Council of Trade Unions (ACTU), Australia<\/p>\n<p>Mick Whelan, General Secretary, Aslef<\/p>\n<p>Mike Shingange \u2013 Congress of South African Trade Unions (1st Deputy President) \u2013 South Africa<\/p>\n<p>Mikhail Shmakov, President \u2013 Federation of Independent Trade Unions of Russia (FNPR)<\/p>\n<p>Mireya Baltra Ex Ministra del Trabajo del gobierno de Salvador Allende<\/p>\n<p>Mitxel Lakuntza, Secretario General de ELA, Pa\u00eds Vasco<\/p>\n<p>Montse Prado, deputada do BNG no Parlamento da Galiza<\/p>\n<p>Nabil Boukili, Membro do Parlamento Nacional, PTB, B\u00e9lgica<\/p>\n<p>Natalia Cuevas Concejala Recoleta, RM, Chile<\/p>\n<p>N\u00e9stor Rego, deputado do BNG no Congreso<\/p>\n<p>Nicol\u00e1s Hurtado Concejal La Florida, RM, Chile<\/p>\n<p>Nidia D\u00edaz, Diputada Propietaria y Coordinadora del Grupo Parlamentario del Frente Farabundo Mart\u00ed para la Liberaci\u00f3n Nacional de El Salvador.<\/p>\n<p>Nolberto D\u00edaz S\u00e1nchez, secretario gral, Chile<\/p>\n<p>Olalla Rodil, deputada do BNG no Parlamento da Galiza<\/p>\n<p>Ole Nors Nielsen, vicechair tradeunion 3F Transport Aalborg, member of conferation 3F board, Denmark<\/p>\n<p>Onofre Rojas, Ex presidente Federacipn de Estudiantes Dominicanos, Ex Secretario de Estado para la Reforma del Estado en R.D., Ex Secretario de Estado Ordenador Nacional Fonds Europeos al Desarrollo, Republica Dominicana.<\/p>\n<p>Oriana Zorrilla Presidenta Colegio Periodistas Regi\u00f3n Metropolitana, Chile<\/p>\n<p>Oscar Guardiola-Rivera Professor of International law and international affairs at Birkbeck School of Law, University of London<\/p>\n<p>Osvaldo Z\u00fa\u00f1iga Encargado Asuntos Campesinos y Pueblos Originarios de la CUT. Presidente Confederaci\u00f3n Nac Sindical Campesina Ranquil, Chile<\/p>\n<p>Pablo Pereyra, Partido Comunista Congreso Extraordinario \u2013 PCCE, Argentina<\/p>\n<p>Paola Pab\u00f3n, Prefecta de Pichincha y Vicepresidenta de Compromiso Social por la Revoluci\u00f3n Ciudadana<\/p>\n<p>Paolo Ferrero, Vice Presidente del Partito della Sinistra Europea<\/p>\n<p>Patrick LE HYARIC, Directeur de L\u2019Humanit\u00e9, D\u00e9put\u00e9 au Parlement Europ\u00e9en 2009 \u00e0 2019<\/p>\n<p>Patrik K\u00f6bele, presidente do Partido Comunista Alem\u00e3o<\/p>\n<p>Paulo R\u00edos, Secretario Xeral de Galiza Nova e deputado do BNG no Parlamento da Galiza<\/p>\n<p>Paulo R\u00edos, Secret\u00e1rio-Geral de Galiza Nova e deputado do Bloco Nacionalista Galego no Parlamento da Galiza<\/p>\n<p>Pertti Simula, psychoanalyst, Finland<\/p>\n<p>Peter Rosset, PhD, El Colegio de la Frontera Sur (ECOSUR), M\u00e9xico<\/p>\n<p>Philippe Djoula, Secretaire General \u2013 COSYGA Gabon<\/p>\n<p>Pierre LAURENT, vice-pr\u00e9sident du S\u00e9nat, France<\/p>\n<p>Pietro Morace, Architetto, Membro del Coordinamento per la Democrazia Costituzionale, Milano, Italia<\/p>\n<p>Rafael Chong Flores, abogado en la Ciudad de M\u00e9xico.<\/p>\n<p>Rafael Freire Neto, Secretario General de la CSA<\/p>\n<p>Raoul Hedebouw, Membro do Parlamento Nacional, PTB, B\u00e9lgica<\/p>\n<p>Raul Llarull, FMLN, El Salvador<\/p>\n<p>Ra\u00fal Zurita Premio Nacional de Literatura. Poeta, Chile<\/p>\n<p>Reiner Hoffmann, President Deutscher Gewerkschaftsbund I German Confederation of Trade Unions DGB<\/p>\n<p>Ren\u00e9 Ortiz Mu\u00f1iz, Partido pol\u00edtico Morena, M\u00e9xico<\/p>\n<p>Ricardo Gracia, Ingeniero Agr\u00edcola, Zaragoza (Espa\u00f1a)<\/p>\n<p>Ricardo Peidro, Secretario General de la CTA Aut\u00f3noma de Argentina<\/p>\n<p>Richard Trumka, Presidente da AFL-CIO dos EUA<\/p>\n<p>Rigo Diaz, FMNL, El Salvador<\/p>\n<p>Rikio Kozu, President \u2013 JTUC-RENGO JapanRoberto Baradel, Secretario de Relaciones Internacionales \u2013 CTA de los Trabajadores Argentina<\/p>\n<p>Rodrigo A. \u00c1lvarez Galindez, Responsable de RRII del partido Colombia Humana-Uni\u00f3n Patriotica<\/p>\n<p>Rodrigo Oyarzun, Subsecretario, Chile<\/p>\n<p>Roger McKenzie, Assistant General Secretary (Organising and Recruitment), London<\/p>\n<p>Rolando Alfonso Torres Prieto, Secretario General \u2013 Central Aut\u00f3noma de Trabajadores del Per\u00fa<\/p>\n<p>Rosa Ca\u00f1adell Pascual, professora, Articulista, Catalu\u00f1a<\/p>\n<p>Rosa Mar\u00eda Cabrera Lotfe, Partido de la Revoluci\u00f3n Democr\u00e1tica, M\u00e9xico<\/p>\n<p>Rosa Meneses Albizu-Campos, Partido Nacionalista de Puerto Rico, Movimiento Libertador<\/p>\n<p>Rosa Rinaldi, Segreteria Nazionale, Partito della Rifondazione Comunista- Sinistra Europea (Italia)<\/p>\n<p>Roxanne Dunbar-Ortiz, historian and author, USA<\/p>\n<p>Ruben Cela D\u00edaz. Presidente da Funda\u00e7\u00e3o Galiza Sempre e membro da Executiva Nacional do Bloco Nacionalista Galego<\/p>\n<p>Runa Evensen, presidenta do Partido Comunista da Noruega<\/p>\n<p>Samuel Iembo, membro da Dire\u00e7\u00e3o do Partido Comunista da Su\u00ed\u00e7a<\/p>\n<p>Sandra Pereira \u2013 Deputada do Partido Comunista Portugu\u00eas no Parlamento Europeu, Vice-Presidente da Delega\u00e7\u00e3o \u00e0 Assembleia Parlamentar Euro-Latino-Americana<\/p>\n<p>Santiago Gomes Agencia Paco Urondo, Argentina<\/p>\n<p>Sephanie Hennette-Vauchez, Professor of Public Law at Universit\u00e9 Paris Nanterre, director of CREDOF (Centre de recherches sur les droits fondamentaux), member of the Institut universitaire de France.<\/p>\n<p>Sevim Dagdelen, Member of Parliament, DIE LINKE, Germany<\/p>\n<p>Sharan Burrow, Secret\u00e1ria Geral da CSI<\/p>\n<p>Simone Romeo, Pedagogista e Doutorando em \u201cEduca\u00e7\u00e3o na sociedade contempor\u00e2nea\u201d, Su\u00ed\u00e7a<\/p>\n<p>Solly Phetoe \u2013 Congress of South African Trade Unions ( Deputy General Secretary) \u2013 South Africa<\/p>\n<p>Solong Senohe, Red Cross Building, Lesotho<\/p>\n<p>Sonia Mabunda-Kaziboni \u2013 Congress of South African Trade Unions (International Secretary) \u2013 South Africa<\/p>\n<p>Stefano Galieni, Resp. Immigrazione e movimenti, Partito della Rifondazione Comunista- Sinistra Europea (Italia)<\/p>\n<p>Steffen Bruun Hj\u00f8llund, senior medical doctor, Denmark<\/p>\n<p>Steven De Vuyst, Membro do Parlamento Nacional, PTB, B\u00e9lgica<\/p>\n<p>Susanna Camusso, Respons\u00e1vel pela Pol\u00edtica Europ\u00e9ia e Internacional da CGIL It\u00e1lia<\/p>\n<p>Sven Tarp, professor at Aarhus University; Extraordinary Professor, Stellenbosch University, South Africa<\/p>\n<p>Svend Haakon Jacobsen International Secretary of the Communist Party of Norway<\/p>\n<p>Sven-Erik Simonsen, International Department Danish Communist Party Hiller\u00f8dgade, Copenhagen<\/p>\n<p>Tamara Mu\u00f1oz Valenzuela, Vicepresidenta de RRII, Chile<\/p>\n<p>Thierry BODSON, Pr\u00e9sident ABVV-FGTB B\u00e9lgica<\/p>\n<p>Thorvaldur Thorvaldsson,Carpenter and chairman of The People\u2019S Front of Iceland<\/p>\n<p>Tirso Saenz, Professor\/ pesquisador aposentado Dr.\/ Sc, Cuba<\/p>\n<p>UNAI SORDO, Secretario General \u2013 CCOO Espanha<\/p>\n<p>Valter Sanches, Secret\u00e1rio Geral da IndustriAll<\/p>\n<p>Vanilson Gon\u00e7alves Vanilson, estudante de curso rela\u00e7\u00f5es internacionais e diplomacia, Cabo Verde<\/p>\n<p>Victor Baez, Secret\u00e1rio Geral Adjunto da CSI<\/p>\n<p>Victor De Gennaro, fundador de la CTA Aut\u00f3noma y dirigente de Unidad Popular de Argentina<\/p>\n<p>Ville-Veikko Hirvel\u00e4, Chair of the New Wind Association, Finland<\/p>\n<p>Villo Sigurdsson, previous mayor in Copenhagen.<\/p>\n<p>Vito Meloni, Segreteria Nazionale, Partito della Rifondazione Comunista- Sinistra Europea (Italia)<\/p>\n<p>Vladimir Kapuralin \u2013 Presidente do Partido Socialista dos Trabalhadores da Cro\u00e1cia<\/p>\n<p>Waldo Salomon Rodriguez, presidente Grupo Salvador Allende en Dinamarca.<\/p>\n<p>Wil van der Klift,nternational Secretary, Communist Party of the Netherlands<\/p>\n<p>Wilfredo P\u00e9rez Bianco, Venezuela<\/p>\n<p>Wilma Crespo, Partido Nacionalista de Puerto Rico, Movimiento Libertador<\/p>\n<p>Yannis Panagopoulos, President \u2013 GREEK GENERAL CONFEDERATION OF LABOUR<\/p>\n<p>Yun Shan Professor, Centre for Lexicographical Studies, Guangdong University, People\u2019s Republic of China<\/p>\n<p>Zanele Mathebula \u2013 Congress of South African Trade Unions (Deputy International Secretary) \u2013 South Africa<\/p>\n<p>Zingiswa Losi \u2013 Congress of South African Trade Unions (President) \u2013 South Africa<\/p>\n<p>Rafael Correa, ex Presidente Ecuador<\/p>\n<p>Ernesto Samper, ex Pdte Colombia<\/p>\n<p>Fernando Lugo, ex Pdte Paraguay<\/p>\n<p>Andr\u00e9s Ara\u00faz, candidato presidencial Ecuador<\/p>\n<p>Carlos Sotelo, M\u00e9xico<\/p>\n<p>M\u00f3nica Xavier, Uruguay<\/p>\n<p>Esperanza Mart\u00ednez, Paraguay<\/p>\n<p>Fernando Haddad, Brasil<\/p>\n<p>Gabriela Rivadeneira, Ecuador<\/p>\n<p>Daniel Mart\u00ednez, Uruguay<\/p>\n<p>Celso Amorin, Brasil<\/p>\n<p>Alejandro Navarro, Chile<\/p>\n<p>Jorge Taiana, Argentina<\/p>\n<p>Ricardo Pati\u00f1o, Ecuador<\/p>\n<p>Mario Delgado, M\u00e9xico<\/p>\n<p>Clara Lopez, Colombia<\/p>\n<p>Beatriz Paredes, M\u00e9xico<\/p>\n<p>A\u00edda Garc\u00eda Naranjo, Per\u00fa<\/p>\n<p>Marco Enr\u00edquez-Ominami, Chile<\/p>\n<p>Camilo Lagos, Chile<\/p>\n<p>Hugo Mart\u00ednez, El Salvador<\/p>\n<p>Mar\u00eda Jos\u00e9 Pizarro, Colombia<\/p>\n<p>Acesse\u00a0 o Manifesto<span style=\"text-decoration: underline;\"><span style=\"color: #0000ff; text-decoration: underline;\"> https:\/\/lulalivre.org.br\/2020\/11\/09\/manifesto-internacional-reune-400-liderancas-em-defesa-da-anulacao-dos-processos-de-lula\/<\/span><\/span><\/p>\n","protected":false},"excerpt":{"rendered":"<p>Novembro, 2020 &#8211; O manifesto ser\u00e1 encaminhado ao ministro Gilmar Mendes na ter\u00e7a (10) e protocolado por uma comiss\u00e3o de representantes da Campanha Lula Livre. A iniciativa faz parte do marco um ano desde a soltura de Lula, depois do ex-presidente Luiz In\u00e1cio Lula da Silva ter ficado 580 dias encarcerado injustamente na sede da [&hellip;]<\/p>\n","protected":false},"author":1,"featured_media":15094,"comment_status":"open","ping_status":"open","sticky":false,"template":"","format":"standard","meta":{"_uag_custom_page_level_css":"","footnotes":""},"categories":[27],"tags":[19915,19913,19721,19911,19914,6235,19910,19912],"class_list":["post-15093","post","type-post","status-publish","format-standard","has-post-thumbnail","hentry","category-acontece","tag-brasil-livre","tag-economia-brasileira-segue-em-queda","tag-eleicoes-2020","tag-entidades-internacionais-pedem-lula-livre","tag-fim-da-pec-95","tag-instituto-lula","tag-lula-livre","tag-stf-julga-direitos-politicos-de-lula"],"blocksy_meta":[],"spectra_blocks_featured_image_url":{"thumbnail":{"url":"https:\/\/construcaocivil.siriusmarketingedesign.com.br\/wp-content\/uploads\/2020\/11\/LULA-lula-francisco-proner-1920x1071-1-150x150.jpeg","width":150,"height":150},"medium":{"url":"https:\/\/construcaocivil.siriusmarketingedesign.com.br\/wp-content\/uploads\/2020\/11\/LULA-lula-francisco-proner-1920x1071-1-300x167.jpeg","width":300,"height":167},"medium_large":{"url":"https:\/\/construcaocivil.siriusmarketingedesign.com.br\/wp-content\/uploads\/2020\/11\/LULA-lula-francisco-proner-1920x1071-1-768x428.jpeg","width":768,"height":428},"large":{"url":"https:\/\/construcaocivil.siriusmarketingedesign.com.br\/wp-content\/uploads\/2020\/11\/LULA-lula-francisco-proner-1920x1071-1-1024x571.jpeg","width":1024,"height":571},"full":{"url":"https:\/\/construcaocivil.siriusmarketingedesign.com.br\/wp-content\/uploads\/2020\/11\/LULA-lula-francisco-proner-1920x1071-1.jpeg","width":1920,"height":1071}},"spectra_blocks_author_info":{"display_name":"Jornal da Constru\u00e7\u00e3o Civil","avatar_url":"https:\/\/secure.gravatar.com\/avatar\/973c9774fd44ddaceb026973c4962faa70fc512bc4c9da68e8ebb40fecee6540?s=96&d=mm&r=g","author_link":"https:\/\/construcaocivil.siriusmarketingedesign.com.br\/?author=1","description":"Desde de 2013, levando muitas informa\u00e7\u00f5es, lan\u00e7amentos e produtos de qualidade para toda cadeia produtiva da constru\u00e7\u00e3o. O Futuro da constru\u00e7\u00e3o passa por aqui,"},"uagb_featured_image_src":{"full":["https:\/\/construcaocivil.siriusmarketingedesign.com.br\/wp-content\/uploads\/2020\/11\/LULA-lula-francisco-proner-1920x1071-1.jpeg",1920,1071,false],"thumbnail":["https:\/\/construcaocivil.siriusmarketingedesign.com.br\/wp-content\/uploads\/2020\/11\/LULA-lula-francisco-proner-1920x1071-1-150x150.jpeg",150,150,true],"medium":["https:\/\/construcaocivil.siriusmarketingedesign.com.br\/wp-content\/uploads\/2020\/11\/LULA-lula-francisco-proner-1920x1071-1-300x167.jpeg",300,167,true],"medium_large":["https:\/\/construcaocivil.siriusmarketingedesign.com.br\/wp-content\/uploads\/2020\/11\/LULA-lula-francisco-proner-1920x1071-1-768x428.jpeg",768,428,true],"large":["https:\/\/construcaocivil.siriusmarketingedesign.com.br\/wp-content\/uploads\/2020\/11\/LULA-lula-francisco-proner-1920x1071-1-1024x571.jpeg",1024,571,true],"1536x1536":["https:\/\/construcaocivil.siriusmarketingedesign.com.br\/wp-content\/uploads\/2020\/11\/LULA-lula-francisco-proner-1920x1071-1-1536x857.jpeg",1536,857,true],"2048x2048":["https:\/\/construcaocivil.siriusmarketingedesign.com.br\/wp-content\/uploads\/2020\/11\/LULA-lula-francisco-proner-1920x1071-1.jpeg",1920,1071,false]},"uagb_author_info":{"display_name":"Jornal da Constru\u00e7\u00e3o Civil","author_link":"https:\/\/construcaocivil.siriusmarketingedesign.com.br\/?author=1"},"uagb_comment_info":0,"uagb_excerpt":"Novembro, 2020 &#8211; O manifesto ser\u00e1 encaminhado ao ministro Gilmar Mendes na ter\u00e7a (10) e protocolado por uma comiss\u00e3o de representantes da Campanha Lula Livre. A iniciativa faz parte do marco um ano desde a soltura de Lula, depois do ex-presidente Luiz In\u00e1cio Lula da Silva ter ficado 580 dias encarcerado injustamente na sede da&hellip;","_links":{"self":[{"href":"https:\/\/construcaocivil.siriusmarketingedesign.com.br\/index.php?rest_route=\/wp\/v2\/posts\/15093","targetHints":{"allow":["GET"]}}],"collection":[{"href":"https:\/\/construcaocivil.siriusmarketingedesign.com.br\/index.php?rest_route=\/wp\/v2\/posts"}],"about":[{"href":"https:\/\/construcaocivil.siriusmarketingedesign.com.br\/index.php?rest_route=\/wp\/v2\/types\/post"}],"author":[{"embeddable":true,"href":"https:\/\/construcaocivil.siriusmarketingedesign.com.br\/index.php?rest_route=\/wp\/v2\/users\/1"}],"replies":[{"embeddable":true,"href":"https:\/\/construcaocivil.siriusmarketingedesign.com.br\/index.php?rest_route=%2Fwp%2Fv2%2Fcomments&post=15093"}],"version-history":[{"count":0,"href":"https:\/\/construcaocivil.siriusmarketingedesign.com.br\/index.php?rest_route=\/wp\/v2\/posts\/15093\/revisions"}],"wp:featuredmedia":[{"embeddable":true,"href":"https:\/\/construcaocivil.siriusmarketingedesign.com.br\/index.php?rest_route=\/wp\/v2\/media\/15094"}],"wp:attachment":[{"href":"https:\/\/construcaocivil.siriusmarketingedesign.com.br\/index.php?rest_route=%2Fwp%2Fv2%2Fmedia&parent=15093"}],"wp:term":[{"taxonomy":"category","embeddable":true,"href":"https:\/\/construcaocivil.siriusmarketingedesign.com.br\/index.php?rest_route=%2Fwp%2Fv2%2Fcategories&post=15093"},{"taxonomy":"post_tag","embeddable":true,"href":"https:\/\/construcaocivil.siriusmarketingedesign.com.br\/index.php?rest_route=%2Fwp%2Fv2%2Ftags&post=15093"}],"curies":[{"name":"wp","href":"https:\/\/api.w.org\/{rel}","templated":true}]}}