{"id":15101,"date":"2020-11-13T18:13:09","date_gmt":"2020-11-13T21:13:09","guid":{"rendered":"https:\/\/www.jornaldaconstrucaocivil.com.br\/?p=15101"},"modified":"2020-11-13T18:13:09","modified_gmt":"2020-11-13T21:13:09","slug":"eleicoes-2020-candidaturas-mulheres-negras-importam-eleja-a-sua","status":"publish","type":"post","link":"https:\/\/construcaocivil.siriusmarketingedesign.com.br\/?p=15101","title":{"rendered":"Elei\u00e7\u00f5es 2020: candidaturas mulheres negras importam. Eleja a sua!"},"content":{"rendered":"<p>Por Severian Rocha<\/p>\n<p style=\"text-align: justify;\"><span style=\"color: #993300;\">Novembro, 2020<\/span> &#8211; No Brasil, 52% da polu\u00e7\u00e3o \u00e9 Afrodescendente. Entretanto, este grupo \u00e9tnico racial \u00e9 o mais prejudicado na esfera econ\u00f4mica e social . De acordo com estudo, o IBGE, identificou que de cada 10 pessoas negras, 07(sete), s\u00e3o pobres e, 03(tr\u00eas) ricas . Na compara\u00e7\u00e3o com os brancos, a mesma pesquisa comprovou que de cada 10 brancos,, 07(sete) s\u00e3o ricas e 03(tr\u00eas) pobres.\u00a0 Este cen\u00e1rio se reflete imediatamente na sociedade. Os\u00a0 negros, s\u00e3o os mais afetados pela crise, s\u00e3o os mais desempregados, n\u00e3o tem acesso a um servi\u00e7o de sa\u00fade adequado e, o mais grave s\u00e3o os mais afetados na esfera judicial.\u00a0 Na verdade no Brasil, nos espa\u00e7os ditos democr\u00e1ticos n\u00e3o h\u00e1 democracia\u00a0 de fato.<\/p>\n<p style=\"text-align: justify;\">Influenciados pela elei\u00e7\u00e3o da primeira\u00a0 vice- presidente negra americana Kamala Harris, advogada, promotora e senadora,, al\u00e9m de filiada ao grupo de mulheres negras(Grupo de Projetos e Programa Afrodescendentes), grupos \u00e9tnicos, formados por negros e \u00edndios tentam alcan\u00e7ar o legislativo neste momento t\u00e3o diferente para o mundo \u00e9, para o Brasil.<\/p>\n<p style=\"text-align: justify;\">Ent\u00e3o, voc\u00ea eleitor, do norte ao sul, mude o legislativo. Comece-se por eleger candidatos das camadas populares, negros e \u00edndios.\u00a0 J\u00e1 os brancos, eles j\u00e1 est\u00e3o l\u00e1 h\u00e1 mais de 500 anos.<\/p>\n<p>&nbsp;<\/p>\n<p style=\"text-align: justify;\">\n","protected":false},"excerpt":{"rendered":"<p>Por Severian Rocha Novembro, 2020 &#8211; No Brasil, 52% da polu\u00e7\u00e3o \u00e9 Afrodescendente. Entretanto, este grupo \u00e9tnico racial \u00e9 o mais prejudicado na esfera econ\u00f4mica e social . De acordo com estudo, o IBGE, identificou que de cada 10 pessoas negras, 07(sete), s\u00e3o pobres e, 03(tr\u00eas) ricas . Na compara\u00e7\u00e3o com os brancos, a mesma [&hellip;]<\/p>\n","protected":false},"author":1,"featured_media":15102,"comment_status":"open","ping_status":"open","sticky":false,"template":"","format":"standard","meta":{"_uag_custom_page_level_css":"","footnotes":""},"categories":[27],"tags":[1338,19921,19920,7987,8430,9133,10375,10581,11414,11987],"class_list":["post-15101","post","type-post","status-publish","format-standard","has-post-thumbnail","hentry","category-acontece","tag-belo-horizonte","tag-eleicao-para-prefeituras","tag-eleicoes-municipais","tag-mulheres-negras","tag-olinda-pe","tag-porto-alegre","tag-rio-de-janeiro","tag-salvador","tag-stf","tag-tse"],"blocksy_meta":[],"spectra_blocks_featured_image_url":{"thumbnail":{"url":"https:\/\/construcaocivil.siriusmarketingedesign.com.br\/wp-content\/uploads\/2020\/11\/AA-TSE-150x150.jpg","width":150,"height":150},"medium":{"url":"https:\/\/construcaocivil.siriusmarketingedesign.com.br\/wp-content\/uploads\/2020\/11\/AA-TSE-300x158.jpg","width":300,"height":158},"medium_large":{"url":"https:\/\/construcaocivil.siriusmarketingedesign.com.br\/wp-content\/uploads\/2020\/11\/AA-TSE.jpg","width":310,"height":163},"large":{"url":"https:\/\/construcaocivil.siriusmarketingedesign.com.br\/wp-content\/uploads\/2020\/11\/AA-TSE.jpg","width":310,"height":163},"full":{"url":"https:\/\/construcaocivil.siriusmarketingedesign.com.br\/wp-content\/uploads\/2020\/11\/AA-TSE.jpg","width":310,"height":163}},"spectra_blocks_author_info":{"display_name":"Jornal da Constru\u00e7\u00e3o Civil","avatar_url":"https:\/\/secure.gravatar.com\/avatar\/973c9774fd44ddaceb026973c4962faa70fc512bc4c9da68e8ebb40fecee6540?s=96&d=mm&r=g","author_link":"https:\/\/construcaocivil.siriusmarketingedesign.com.br\/?author=1","description":"Desde de 2013, levando muitas informa\u00e7\u00f5es, lan\u00e7amentos e produtos de qualidade para toda cadeia produtiva da constru\u00e7\u00e3o. O Futuro da constru\u00e7\u00e3o passa por aqui,"},"uagb_featured_image_src":{"full":["https:\/\/construcaocivil.siriusmarketingedesign.com.br\/wp-content\/uploads\/2020\/11\/AA-TSE.jpg",310,163,false],"thumbnail":["https:\/\/construcaocivil.siriusmarketingedesign.com.br\/wp-content\/uploads\/2020\/11\/AA-TSE-150x150.jpg",150,150,true],"medium":["https:\/\/construcaocivil.siriusmarketingedesign.com.br\/wp-content\/uploads\/2020\/11\/AA-TSE-300x158.jpg",300,158,true],"medium_large":["https:\/\/construcaocivil.siriusmarketingedesign.com.br\/wp-content\/uploads\/2020\/11\/AA-TSE.jpg",310,163,false],"large":["https:\/\/construcaocivil.siriusmarketingedesign.com.br\/wp-content\/uploads\/2020\/11\/AA-TSE.jpg",310,163,false],"1536x1536":["https:\/\/construcaocivil.siriusmarketingedesign.com.br\/wp-content\/uploads\/2020\/11\/AA-TSE.jpg",310,163,false],"2048x2048":["https:\/\/construcaocivil.siriusmarketingedesign.com.br\/wp-content\/uploads\/2020\/11\/AA-TSE.jpg",310,163,false]},"uagb_author_info":{"display_name":"Jornal da Constru\u00e7\u00e3o Civil","author_link":"https:\/\/construcaocivil.siriusmarketingedesign.com.br\/?author=1"},"uagb_comment_info":0,"uagb_excerpt":"Por Severian Rocha Novembro, 2020 &#8211; No Brasil, 52% da polu\u00e7\u00e3o \u00e9 Afrodescendente. Entretanto, este grupo \u00e9tnico racial \u00e9 o mais prejudicado na esfera econ\u00f4mica e social . De acordo com estudo, o IBGE, identificou que de cada 10 pessoas negras, 07(sete), s\u00e3o pobres e, 03(tr\u00eas) ricas . Na compara\u00e7\u00e3o com os brancos, a mesma&hellip;","_links":{"self":[{"href":"https:\/\/construcaocivil.siriusmarketingedesign.com.br\/index.php?rest_route=\/wp\/v2\/posts\/15101","targetHints":{"allow":["GET"]}}],"collection":[{"href":"https:\/\/construcaocivil.siriusmarketingedesign.com.br\/index.php?rest_route=\/wp\/v2\/posts"}],"about":[{"href":"https:\/\/construcaocivil.siriusmarketingedesign.com.br\/index.php?rest_route=\/wp\/v2\/types\/post"}],"author":[{"embeddable":true,"href":"https:\/\/construcaocivil.siriusmarketingedesign.com.br\/index.php?rest_route=\/wp\/v2\/users\/1"}],"replies":[{"embeddable":true,"href":"https:\/\/construcaocivil.siriusmarketingedesign.com.br\/index.php?rest_route=%2Fwp%2Fv2%2Fcomments&post=15101"}],"version-history":[{"count":0,"href":"https:\/\/construcaocivil.siriusmarketingedesign.com.br\/index.php?rest_route=\/wp\/v2\/posts\/15101\/revisions"}],"wp:featuredmedia":[{"embeddable":true,"href":"https:\/\/construcaocivil.siriusmarketingedesign.com.br\/index.php?rest_route=\/wp\/v2\/media\/15102"}],"wp:attachment":[{"href":"https:\/\/construcaocivil.siriusmarketingedesign.com.br\/index.php?rest_route=%2Fwp%2Fv2%2Fmedia&parent=15101"}],"wp:term":[{"taxonomy":"category","embeddable":true,"href":"https:\/\/construcaocivil.siriusmarketingedesign.com.br\/index.php?rest_route=%2Fwp%2Fv2%2Fcategories&post=15101"},{"taxonomy":"post_tag","embeddable":true,"href":"https:\/\/construcaocivil.siriusmarketingedesign.com.br\/index.php?rest_route=%2Fwp%2Fv2%2Ftags&post=15101"}],"curies":[{"name":"wp","href":"https:\/\/api.w.org\/{rel}","templated":true}]}}