{"id":1512,"date":"2016-04-26T18:23:43","date_gmt":"2016-04-26T18:23:43","guid":{"rendered":"http:\/\/www.jornaldaconstrucaocivil.com.br\/?p=1512"},"modified":"2016-04-26T18:23:43","modified_gmt":"2016-04-26T18:23:43","slug":"governo-federal-amplia-financiamento-para-setor-energetico","status":"publish","type":"post","link":"https:\/\/construcaocivil.siriusmarketingedesign.com.br\/?p=1512","title":{"rendered":"Governo federal amplia financiamento para setor energ\u00e9tico"},"content":{"rendered":"<p><strong><span style=\"color: #000080;\"><em>A medida \u00e9 uma estrat\u00e9gia do governo para promover o investimento em infraestrutura, com expectativa\u00a0<\/em><em>de aplicar R$ 1,5 bi e gerar 40 mil postos de trabalho no setor.<\/em><\/span><\/strong><\/p>\n<p><span style=\"color: #000000;\">Os Fundos Constitucionais e de Desenvolvimento para as regi\u00f5es Norte, Nordeste e Centro-Oeste ampliar\u00e3o suas linhas de financiamento para o setor energ\u00e9tico. A medida publicada na segunda-feira (25\/04) no Di\u00e1rio Oficial da Uni\u00e3o propiciar\u00e1 investimentos no setor para diversificar a matriz energ\u00e9tica com fontes limpas e renov\u00e1veis.<\/span><\/p>\n<figure id=\"attachment_1513\" aria-describedby=\"caption-attachment-1513\" style=\"width: 300px\" class=\"wp-caption alignleft\"><a href=\"http:\/\/www.jornaldaconstrucaocivil.com.br\/wp-content\/uploads\/2016\/04\/ENERGIA-EOLICA.jpg\"><img loading=\"lazy\" decoding=\"async\" class=\"wp-image-1513 size-medium\" src=\"http:\/\/www.jornaldaconstrucaocivil.com.br\/wp-content\/uploads\/2016\/04\/ENERGIA-EOLICA-300x168.jpg\" alt=\"ENERGIA EOLICA\" width=\"300\" height=\"168\" \/><\/a><figcaption id=\"caption-attachment-1513\" class=\"wp-caption-text\"><span style=\"color: #ff0000;\">Foto: Ot\u00e1vio Nogueira<\/span><\/figcaption><\/figure>\n<p><span style=\"color: #000000;\">Com a amplia\u00e7\u00e3o, os Fundos Regionais passam a financiar projetos de gera\u00e7\u00e3o, transmiss\u00e3o e distribui\u00e7\u00e3o de energia, como centrais fotovoltaicas, parques e\u00f3licos, pequenas centrais hidrel\u00e9tricas e usinas de aproveitamento das fontes de biomassa. Os Conselhos Deliberativos regulamentar\u00e3o as prioridades de cr\u00e9dito e os limites das opera\u00e7\u00f5es. Estima-se que as contrata\u00e7\u00f5es do setor energ\u00e9tico junto aos bancos operadores tenham um incremento de R$ 1,5 bilh\u00e3o, da previs\u00e3o de R$ 26,3 bilh\u00f5es destinados pelos fundos regionais para investimentos em todos os setores econ\u00f4micos.<\/span><\/p>\n<p>Os bancos administradores dos Fundos Constitucionais projetam melhorias nos indicadores macroecon\u00f4micos a partir da amplia\u00e7\u00e3o dos investimentos para o setor de energia. A proje\u00e7\u00e3o \u00e9 de um crescimento de 7,32% do PIB das tr\u00eas regi\u00f5es, que poder\u00e1 ultrapassar R$ 9,3 bilh\u00f5es e a gera\u00e7\u00e3o de 40 mil postos de trabalho no setor de energia. No total, a expectativa \u00e9 de que os fundos v\u00e3o gerar 580 mil postos de trabalho em 2016.<\/p>\n<p>A abertura de cr\u00e9dito para o setor energ\u00e9tico \u00e9 parte das estrat\u00e9gias de governo para promover o desenvolvimento econ\u00f4mico do pa\u00eds, a partir de investimentos em infraestrutura e implanta\u00e7\u00e3o de novos neg\u00f3cios, fatores determinantes para o desenvolvimento regional sustent\u00e1vel. Estimativas para os pr\u00f3ximos quatro anos indicam investimentos de R$ 112 bilh\u00f5es pelos Fundos Regionais, que t\u00eam sido instrumentos de importantes melhorias na vida dos brasileiros.<\/p>\n<p><span style=\"color: #800080;\">Fonte:\u00a0Assessoria de Comunica\u00e7\u00e3o Social\u00a0do Minist\u00e9rio da Integra\u00e7\u00e3o Nacional<\/span><\/p>\n","protected":false},"excerpt":{"rendered":"<p>A medida \u00e9 uma estrat\u00e9gia do governo para promover o investimento em infraestrutura, com expectativa\u00a0de aplicar R$ 1,5 bi e gerar 40 mil postos de trabalho no setor. Os Fundos Constitucionais e de Desenvolvimento para as regi\u00f5es Norte, Nordeste e Centro-Oeste ampliar\u00e3o suas linhas de financiamento para o setor energ\u00e9tico. A medida publicada na segunda-feira [&hellip;]<\/p>\n","protected":false},"author":1,"featured_media":1513,"comment_status":"open","ping_status":"open","sticky":false,"template":"","format":"standard","meta":{"_uag_custom_page_level_css":"","footnotes":""},"categories":[29],"tags":[185,1535,3753,4288,4299,5554,6310,8145,8170,8223],"class_list":["post-1512","post","type-post","status-publish","format-standard","has-post-thumbnail","hentry","category-energia","tag-40-mil-postos-de-trabalho","tag-brasil","tag-diversificar-matriz-energetica","tag-energia","tag-energia-eolica","tag-governo-federal","tag-investimentos","tag-nordeste-e-centro-oeste","tag-norte","tag-novas-linhas-de-financiamento"],"blocksy_meta":[],"spectra_blocks_featured_image_url":[],"spectra_blocks_author_info":{"display_name":"Jornal da Constru\u00e7\u00e3o Civil","avatar_url":"https:\/\/secure.gravatar.com\/avatar\/973c9774fd44ddaceb026973c4962faa70fc512bc4c9da68e8ebb40fecee6540?s=96&d=mm&r=g","author_link":"https:\/\/construcaocivil.siriusmarketingedesign.com.br\/?author=1","description":"Desde de 2013, levando muitas informa\u00e7\u00f5es, lan\u00e7amentos e produtos de qualidade para toda cadeia produtiva da constru\u00e7\u00e3o. O Futuro da constru\u00e7\u00e3o passa por aqui,"},"uagb_featured_image_src":{"full":false,"thumbnail":false,"medium":false,"medium_large":false,"large":false,"1536x1536":false,"2048x2048":false},"uagb_author_info":{"display_name":"Jornal da Constru\u00e7\u00e3o Civil","author_link":"https:\/\/construcaocivil.siriusmarketingedesign.com.br\/?author=1"},"uagb_comment_info":0,"uagb_excerpt":"A medida \u00e9 uma estrat\u00e9gia do governo para promover o investimento em infraestrutura, com expectativa\u00a0de aplicar R$ 1,5 bi e gerar 40 mil postos de trabalho no setor. Os Fundos Constitucionais e de Desenvolvimento para as regi\u00f5es Norte, Nordeste e Centro-Oeste ampliar\u00e3o suas linhas de financiamento para o setor energ\u00e9tico. A medida publicada na segunda-feira&hellip;","_links":{"self":[{"href":"https:\/\/construcaocivil.siriusmarketingedesign.com.br\/index.php?rest_route=\/wp\/v2\/posts\/1512","targetHints":{"allow":["GET"]}}],"collection":[{"href":"https:\/\/construcaocivil.siriusmarketingedesign.com.br\/index.php?rest_route=\/wp\/v2\/posts"}],"about":[{"href":"https:\/\/construcaocivil.siriusmarketingedesign.com.br\/index.php?rest_route=\/wp\/v2\/types\/post"}],"author":[{"embeddable":true,"href":"https:\/\/construcaocivil.siriusmarketingedesign.com.br\/index.php?rest_route=\/wp\/v2\/users\/1"}],"replies":[{"embeddable":true,"href":"https:\/\/construcaocivil.siriusmarketingedesign.com.br\/index.php?rest_route=%2Fwp%2Fv2%2Fcomments&post=1512"}],"version-history":[{"count":0,"href":"https:\/\/construcaocivil.siriusmarketingedesign.com.br\/index.php?rest_route=\/wp\/v2\/posts\/1512\/revisions"}],"wp:attachment":[{"href":"https:\/\/construcaocivil.siriusmarketingedesign.com.br\/index.php?rest_route=%2Fwp%2Fv2%2Fmedia&parent=1512"}],"wp:term":[{"taxonomy":"category","embeddable":true,"href":"https:\/\/construcaocivil.siriusmarketingedesign.com.br\/index.php?rest_route=%2Fwp%2Fv2%2Fcategories&post=1512"},{"taxonomy":"post_tag","embeddable":true,"href":"https:\/\/construcaocivil.siriusmarketingedesign.com.br\/index.php?rest_route=%2Fwp%2Fv2%2Ftags&post=1512"}],"curies":[{"name":"wp","href":"https:\/\/api.w.org\/{rel}","templated":true}]}}