{"id":15152,"date":"2020-11-19T18:12:00","date_gmt":"2020-11-19T21:12:00","guid":{"rendered":"https:\/\/www.jornaldaconstrucaocivil.com.br\/?p=15152"},"modified":"2020-11-19T18:20:37","modified_gmt":"2020-11-19T21:20:37","slug":"dia-nacional-da-consciencia-negra-e-destaque-no-festival-varilux-de-cinema-frances","status":"publish","type":"post","link":"https:\/\/construcaocivil.siriusmarketingedesign.com.br\/?p=15152","title":{"rendered":"Dia Nacional da Consci\u00eancia Negra  \u00e9 destaque no Festival Varilux de Cinema Franc\u00eas"},"content":{"rendered":"<p style=\"text-align: justify;\">Novembro, 2020 &#8211; A edi\u00e7\u00e3o 2020 do <span class=\"il\">Festival<\/span>\u00a0<span class=\"il\">Varilux<\/span>\u00a0de Cinema Franc\u00eas promove sess\u00e3o online do filme \u201cSou Franc\u00eas e Preto\u201d, de Jean-Pascal Zadi e John Wax,\u00a0distribu\u00eddo pela Bonfilm,\u00a0no pr\u00f3ximo dia\u00a0<strong>20 de novembro<\/strong>\u00a0(sexta-feira),\u00a0<strong>\u00e0s 18h<\/strong>. A\u00a0<strong>exibi\u00e7\u00e3o ser\u00e1 gratuita e seguida de bate-papo, \u00e0s 19h30m<\/strong>, mediado pelo cineasta e cr\u00edtico de cinema Clementino Jr., com a participa\u00e7\u00e3o do cineasta Joel Zito Ara\u00fajo; da pesquisadora e coordenadora do FICNE (F\u00f3rum Itinerante de Cinema Negro) Jana\u00edna Oliveira e do ator, diretor e roteirista Alberto Pereira Jr..\u00a0A\u00a011\u00aa edi\u00e7\u00e3o da mostra\u00a0acontece entre os dias\u00a0<strong>19 de novembro e 3 de dezembro<\/strong>\u00a0nos cinemas de todo o pa\u00eds.<\/p>\n<p><iframe loading=\"lazy\" title=\"Sou Franc\u00eas e Preto | #FestivalVarilux 2020\" width=\"1290\" height=\"726\" src=\"https:\/\/www.youtube.com\/embed\/YU5Thw4cvVg?feature=oembed\" frameborder=\"0\" allow=\"accelerometer; autoplay; clipboard-write; encrypted-media; gyroscope; picture-in-picture; web-share\" referrerpolicy=\"strict-origin-when-cross-origin\" allowfullscreen><\/iframe><\/p>\n<p style=\"text-align: justify;\">O debate &#8211; realizado em comemora\u00e7\u00e3o ao Dia Nacional da Consci\u00eancia Negra, que em virtude do momento de pandemia, ocorrer\u00e1 de forma remota &#8211; ser\u00e1 transmitido simultaneamente no Facebook:\u00a0<span style=\"color: #0000ff;\"><a style=\"color: #0000ff;\" href=\"https:\/\/pt-br.facebook.com\/variluxcinefrances\" target=\"_blank\" rel=\"noopener noreferrer\" data-saferedirecturl=\"https:\/\/www.google.com\/url?q=https:\/\/pt-br.facebook.com\/variluxcinefrances&amp;source=gmail&amp;ust=1605904983802000&amp;usg=AFQjCNEyIudUVufMI45gsOxwqz8zmTZ6uw\">https:\/\/pt-br.facebook.com\/<wbr \/>variluxcinefrances<\/a><\/span>\u00a0 e no YouTube do\u00a0<span class=\"il\">Varilux<\/span>:<span style=\"color: #0000ff;\">\u00a0<a style=\"color: #0000ff;\" href=\"https:\/\/www.youtube.com\/user\/variluxcinefrances\" target=\"_blank\" rel=\"noopener noreferrer\" data-saferedirecturl=\"https:\/\/www.google.com\/url?q=https:\/\/www.youtube.com\/user\/variluxcinefrances&amp;source=gmail&amp;ust=1605904983803000&amp;usg=AFQjCNExyMvfhTeYzO0w-JnGmkAEoJ0uTg\">https:\/\/www.youtube.com\/user\/<wbr \/>variluxcinefrances<\/a><\/span><\/p>\n<p style=\"text-align: justify;\">Para participar da exibi\u00e7\u00e3o online da com\u00e9dia \u2013 que levou mais de 800 mil espectadores \u00e0s salas de cinema na Fran\u00e7a -, os interessados devem fazer a inscri\u00e7\u00e3o pelo link:\u00a0<span style=\"color: #0000ff;\"><a style=\"color: #0000ff;\" href=\"https:\/\/www.eventbrite.com.br\/e\/sessao-sou-frances-e-preto-festival-varilux-de-cinema-frances-2020-tickets-129484133529\" target=\"_blank\" rel=\"noopener noreferrer\" data-saferedirecturl=\"https:\/\/www.google.com\/url?q=https:\/\/www.eventbrite.com.br\/e\/sessao-sou-frances-e-preto-festival-varilux-de-cinema-frances-2020-tickets-129484133529&amp;source=gmail&amp;ust=1605904983803000&amp;usg=AFQjCNHuWpZc1L9oZMPpgsC_TecUraSO3A\">https:\/\/www.eventbrite.com.br\/<wbr \/>e\/sessao-sou-frances-e-preto-<wbr \/><span class=\"il\">festival<\/span>&#8211;<span class=\"il\">varilux<\/span>-de-cinema-<wbr \/>frances-2020-tickets-<wbr \/>129484133529<\/a><\/span>\u00a0O link de inscri\u00e7\u00e3o tamb\u00e9m estar\u00e1 dispon\u00edvel no site do\u00a0<span class=\"il\">festival<\/span>, dentro da aba \u201ceventos\u201d\u00a0<span style=\"color: #0000ff;\">\u00a0<a style=\"color: #0000ff;\" href=\"http:\/\/variluxcinefrances.com\/2020\/eventos\/\" target=\"_blank\" rel=\"noopener noreferrer\" data-saferedirecturl=\"https:\/\/www.google.com\/url?q=http:\/\/variluxcinefrances.com\/2020\/eventos\/&amp;source=gmail&amp;ust=1605904983803000&amp;usg=AFQjCNEnav3i1262O1ghBclboK08T67qfg\">http:\/\/<wbr \/>variluxcinefrances.com\/2020\/<wbr \/>eventos\/<\/a><\/span><\/p>\n<p style=\"text-align: justify;\">O bate-papo ser\u00e1 transmitido pelo YouTube e Facebook do\u00a0<span class=\"il\">Festival<\/span>\u00a0<span class=\"il\">Varilux<\/span>, \u00e0s 19h30m, de forma gratuita e aberta, sem necessidade de inscri\u00e7\u00f5es. O p\u00fablico poder\u00e1 participar e enviar perguntas pelo chat ao vivo.\u00a0Legendada, a exibi\u00e7\u00e3o do filme ser\u00e1 liberada para os primeiros 300 inscritos e os contemplados receber\u00e3o, no pr\u00f3prio dia 20\/11, um link com senha para o vimeo.\u00a0O trailer de \u201cSou Franc\u00eas e Preto\u201d pode ser conhecido aqui:\u00a0<span style=\"color: #0000ff;\"><a style=\"color: #0000ff;\" href=\"https:\/\/youtu.be\/YU5Thw4cvVg\" target=\"_blank\" rel=\"noopener noreferrer\" data-saferedirecturl=\"https:\/\/www.google.com\/url?q=https:\/\/youtu.be\/YU5Thw4cvVg&amp;source=gmail&amp;ust=1605904983803000&amp;usg=AFQjCNGrSOFwlHfbpe5ojlvrxs69ZMqx2Q\">https:\/\/youtu.be\/YU5Thw4cvVg<\/a><\/span><\/p>\n<p><strong>Servi\u00e7o\u00a0<\/strong><\/p>\n<p><strong>Data:\u00a0<\/strong>20\/11\/2020, sexta-feira &#8211; Sess\u00e3o online: &#8220;Sou Franc\u00eas e Preto&#8221; \u00e0s\u00a018h<\/p>\n<p>Vagas LIMITADAS &#8211;\u00a0<strong>Ap\u00f3s a inscri\u00e7\u00e3o, o participante receber\u00e1 por e-mail (no dia da exibi\u00e7\u00e3o) um link com a senha para assistir ao filme.\u00a0<\/strong><strong>Link para inscri\u00e7\u00e3o<\/strong>:<\/p>\n<p><span style=\"color: #0000ff;\"><a style=\"color: #0000ff;\" href=\"https:\/\/www.eventbrite.com.br\/e\/sessao-sou-frances-e-preto-festival-varilux-de-cinema-frances-2020-tickets-129484133529\" target=\"_blank\" rel=\"noopener noreferrer\" data-saferedirecturl=\"https:\/\/www.google.com\/url?q=https:\/\/www.eventbrite.com.br\/e\/sessao-sou-frances-e-preto-festival-varilux-de-cinema-frances-2020-tickets-129484133529&amp;source=gmail&amp;ust=1605904983803000&amp;usg=AFQjCNHuWpZc1L9oZMPpgsC_TecUraSO3A\">https:\/\/www.eventbrite.com.br\/<wbr \/>e\/sessao-sou-frances-e-preto-<wbr \/><span class=\"il\">festival<\/span>&#8211;<span class=\"il\">varilux<\/span>-de-cinema-<wbr \/>frances-2020-tickets-<wbr \/>129484133529<\/a><\/span><\/p>\n<p><strong>Debate<\/strong>: 19h30m &#8211; ser\u00e1 transmitido pelo Facebook e YouTube do\u00a0<span class=\"il\">Festival<\/span>\u00a0<span class=\"il\">Varilux<\/span>\u00a0e n\u00e3o precisa de inscri\u00e7\u00f5es<\/p>\n<p><span style=\"color: #993300;\"><strong><span class=\"il\">Festival<\/span>\u00a0<span class=\"il\">Varilux<\/span>\u00a0de Cinema Franc\u00eas 2020 &#8211;\u00a0\u00a0<\/strong><strong>Data: de 19 de novembro a 3 de dezembro<\/strong><\/span><\/p>\n<p><strong>Novas cidades e os cinemas participantes podem ser conferidos no site<\/strong><\/p>\n<p><span style=\"color: #0000ff;\"><a style=\"color: #0000ff;\" href=\"http:\/\/variluxcinefrances.com\/2020\" target=\"_blank\" rel=\"noopener noreferrer\" data-saferedirecturl=\"https:\/\/www.google.com\/url?q=http:\/\/variluxcinefrances.com\/2020&amp;source=gmail&amp;ust=1605904983803000&amp;usg=AFQjCNFXLV9q5dKhwgRpW3XfbRd3HLe3iA\">http:\/\/variluxcinefrances.com\/<wbr \/>2020<\/a><\/span><\/p>\n<p style=\"text-align: justify;\">\n","protected":false},"excerpt":{"rendered":"<p>Novembro, 2020 &#8211; A edi\u00e7\u00e3o 2020 do Festival\u00a0Varilux\u00a0de Cinema Franc\u00eas promove sess\u00e3o online do filme \u201cSou Franc\u00eas e Preto\u201d, de Jean-Pascal Zadi e John Wax,\u00a0distribu\u00eddo pela Bonfilm,\u00a0no pr\u00f3ximo dia\u00a020 de novembro\u00a0(sexta-feira),\u00a0\u00e0s 18h. A\u00a0exibi\u00e7\u00e3o ser\u00e1 gratuita e seguida de bate-papo, \u00e0s 19h30m, mediado pelo cineasta e cr\u00edtico de cinema Clementino Jr., com a participa\u00e7\u00e3o do cineasta [&hellip;]<\/p>\n","protected":false},"author":1,"featured_media":15153,"comment_status":"open","ping_status":"open","sticky":false,"template":"","format":"standard","meta":{"_uag_custom_page_level_css":"","footnotes":""},"categories":[27],"tags":[19954,19952,19957,19959,19953,19955,19956,19958],"class_list":["post-15152","post","type-post","status-publish","format-standard","has-post-thumbnail","hentry","category-acontece","tag-debate-gratuito-online","tag-dia-nacional-da-consciencia-negra","tag-diversidade-no-cinema","tag-festival-varilux-cinema-de-todo-o-beasil","tag-festival-varilux-de-cinema-frances-2020","tag-racismo-na-franca","tag-racismo-no-brasil","tag-salas-de-cinema"],"blocksy_meta":[],"spectra_blocks_featured_image_url":{"thumbnail":{"url":"https:\/\/construcaocivil.siriusmarketingedesign.com.br\/wp-content\/uploads\/2020\/11\/Foto_Sou_Frances_e_Preto2-150x150.jpg","width":150,"height":150},"medium":{"url":"https:\/\/construcaocivil.siriusmarketingedesign.com.br\/wp-content\/uploads\/2020\/11\/Foto_Sou_Frances_e_Preto2-300x126.jpg","width":300,"height":126},"medium_large":{"url":"https:\/\/construcaocivil.siriusmarketingedesign.com.br\/wp-content\/uploads\/2020\/11\/Foto_Sou_Frances_e_Preto2-768x322.jpg","width":768,"height":322},"large":{"url":"https:\/\/construcaocivil.siriusmarketingedesign.com.br\/wp-content\/uploads\/2020\/11\/Foto_Sou_Frances_e_Preto2-1024x429.jpg","width":1024,"height":429},"full":{"url":"https:\/\/construcaocivil.siriusmarketingedesign.com.br\/wp-content\/uploads\/2020\/11\/Foto_Sou_Frances_e_Preto2.jpg","width":1600,"height":670}},"spectra_blocks_author_info":{"display_name":"Jornal da Constru\u00e7\u00e3o Civil","avatar_url":"https:\/\/secure.gravatar.com\/avatar\/973c9774fd44ddaceb026973c4962faa70fc512bc4c9da68e8ebb40fecee6540?s=96&d=mm&r=g","author_link":"https:\/\/construcaocivil.siriusmarketingedesign.com.br\/?author=1","description":"Desde de 2013, levando muitas informa\u00e7\u00f5es, lan\u00e7amentos e produtos de qualidade para toda cadeia produtiva da constru\u00e7\u00e3o. O Futuro da constru\u00e7\u00e3o passa por aqui,"},"uagb_featured_image_src":{"full":["https:\/\/construcaocivil.siriusmarketingedesign.com.br\/wp-content\/uploads\/2020\/11\/Foto_Sou_Frances_e_Preto2.jpg",1600,670,false],"thumbnail":["https:\/\/construcaocivil.siriusmarketingedesign.com.br\/wp-content\/uploads\/2020\/11\/Foto_Sou_Frances_e_Preto2-150x150.jpg",150,150,true],"medium":["https:\/\/construcaocivil.siriusmarketingedesign.com.br\/wp-content\/uploads\/2020\/11\/Foto_Sou_Frances_e_Preto2-300x126.jpg",300,126,true],"medium_large":["https:\/\/construcaocivil.siriusmarketingedesign.com.br\/wp-content\/uploads\/2020\/11\/Foto_Sou_Frances_e_Preto2-768x322.jpg",768,322,true],"large":["https:\/\/construcaocivil.siriusmarketingedesign.com.br\/wp-content\/uploads\/2020\/11\/Foto_Sou_Frances_e_Preto2-1024x429.jpg",1024,429,true],"1536x1536":["https:\/\/construcaocivil.siriusmarketingedesign.com.br\/wp-content\/uploads\/2020\/11\/Foto_Sou_Frances_e_Preto2-1536x643.jpg",1536,643,true],"2048x2048":["https:\/\/construcaocivil.siriusmarketingedesign.com.br\/wp-content\/uploads\/2020\/11\/Foto_Sou_Frances_e_Preto2.jpg",1600,670,false]},"uagb_author_info":{"display_name":"Jornal da Constru\u00e7\u00e3o Civil","author_link":"https:\/\/construcaocivil.siriusmarketingedesign.com.br\/?author=1"},"uagb_comment_info":0,"uagb_excerpt":"Novembro, 2020 &#8211; A edi\u00e7\u00e3o 2020 do Festival\u00a0Varilux\u00a0de Cinema Franc\u00eas promove sess\u00e3o online do filme \u201cSou Franc\u00eas e Preto\u201d, de Jean-Pascal Zadi e John Wax,\u00a0distribu\u00eddo pela Bonfilm,\u00a0no pr\u00f3ximo dia\u00a020 de novembro\u00a0(sexta-feira),\u00a0\u00e0s 18h. A\u00a0exibi\u00e7\u00e3o ser\u00e1 gratuita e seguida de bate-papo, \u00e0s 19h30m, mediado pelo cineasta e cr\u00edtico de cinema Clementino Jr., com a participa\u00e7\u00e3o do cineasta&hellip;","_links":{"self":[{"href":"https:\/\/construcaocivil.siriusmarketingedesign.com.br\/index.php?rest_route=\/wp\/v2\/posts\/15152","targetHints":{"allow":["GET"]}}],"collection":[{"href":"https:\/\/construcaocivil.siriusmarketingedesign.com.br\/index.php?rest_route=\/wp\/v2\/posts"}],"about":[{"href":"https:\/\/construcaocivil.siriusmarketingedesign.com.br\/index.php?rest_route=\/wp\/v2\/types\/post"}],"author":[{"embeddable":true,"href":"https:\/\/construcaocivil.siriusmarketingedesign.com.br\/index.php?rest_route=\/wp\/v2\/users\/1"}],"replies":[{"embeddable":true,"href":"https:\/\/construcaocivil.siriusmarketingedesign.com.br\/index.php?rest_route=%2Fwp%2Fv2%2Fcomments&post=15152"}],"version-history":[{"count":0,"href":"https:\/\/construcaocivil.siriusmarketingedesign.com.br\/index.php?rest_route=\/wp\/v2\/posts\/15152\/revisions"}],"wp:featuredmedia":[{"embeddable":true,"href":"https:\/\/construcaocivil.siriusmarketingedesign.com.br\/index.php?rest_route=\/wp\/v2\/media\/15153"}],"wp:attachment":[{"href":"https:\/\/construcaocivil.siriusmarketingedesign.com.br\/index.php?rest_route=%2Fwp%2Fv2%2Fmedia&parent=15152"}],"wp:term":[{"taxonomy":"category","embeddable":true,"href":"https:\/\/construcaocivil.siriusmarketingedesign.com.br\/index.php?rest_route=%2Fwp%2Fv2%2Fcategories&post=15152"},{"taxonomy":"post_tag","embeddable":true,"href":"https:\/\/construcaocivil.siriusmarketingedesign.com.br\/index.php?rest_route=%2Fwp%2Fv2%2Ftags&post=15152"}],"curies":[{"name":"wp","href":"https:\/\/api.w.org\/{rel}","templated":true}]}}