{"id":15157,"date":"2020-11-20T19:42:13","date_gmt":"2020-11-20T22:42:13","guid":{"rendered":"https:\/\/www.jornaldaconstrucaocivil.com.br\/?p=15157"},"modified":"2020-11-20T19:48:14","modified_gmt":"2020-11-20T22:48:14","slug":"barbarie-no-carrefour-no-dia-da-consciencia-negra-brasil-acorda-com-barbarie","status":"publish","type":"post","link":"https:\/\/construcaocivil.siriusmarketingedesign.com.br\/?p=15157","title":{"rendered":"Barb\u00e1rie no Carrefour: No dia da Consci\u00eancia Negra Brasil acorda com atrocidade em supermercado"},"content":{"rendered":"<p style=\"text-align: justify;\"><span style=\"color: #993300;\">Novembro, 2020<\/span> &#8211; O Dia da Consci\u00eancia Negra no Brasil \u00e9 marcado por ato de barb\u00e1rie cometido por 02\u00a0 seguran\u00e7as do Supermercado Carrefour, Porto Alegre. Segundo informa\u00e7\u00f5es e v\u00eddeo j\u00e1 divulgado nas redes sociais e imprensa, o cliente Jo\u00e3o Alberto, 44 anos, foi espancado por 5 minutos at\u00e9 morrer por parada card\u00edaca.<\/p>\n<p style=\"text-align: justify;\">No v\u00eddeo, o suspeito de cometer algo il\u00edcito dentro da loja, Jo\u00e3o \u00e9 abordado pela equipe de seguran\u00e7as ainda na fila do caixa e, \u00e9\u00a0 encaminhado para o lado de fora da loja aonde aconteceu o desentendimento entre o cliente e os 02 funcion\u00e1rios.\u00a0 Os seguran\u00e7as aplicaram um Mata-Le\u00e3o e v\u00e1rios socos na v\u00edtima que morre minutos depois.<\/p>\n<p>&nbsp;<\/p>\n<p><iframe loading=\"lazy\" title=\"Cliente negro morre ap\u00f3s ser espancado por seguran\u00e7as de supermercado\" width=\"1290\" height=\"726\" src=\"https:\/\/www.youtube.com\/embed\/RgXiENYzJy8?feature=oembed\" frameborder=\"0\" allow=\"accelerometer; autoplay; clipboard-write; encrypted-media; gyroscope; picture-in-picture; web-share\" referrerpolicy=\"strict-origin-when-cross-origin\" allowfullscreen><\/iframe><\/p>\n<p style=\"text-align: justify;\">O Carrefour, que hoje pertence ao Grupo Cassino j\u00e1 \u00e9 recorrente nessas a\u00e7\u00f5es violentas em diversas lojas pelo Brasil. Na loja do Rio de Janeiro, um jovem morador da Cidade de Deus foi agredido por seguran\u00e7as. Em S\u00e3o Paulo, a empresa tamb\u00e9m j\u00e1 \u00e9 conhecida por crimes contra clientes negros.<\/p>\n<p style=\"text-align: center;\">Esposa do Jo\u00e3o relata:<span style=\"font-size: 24pt;\"><strong>&#8221; Me ajuda&#8221;\u00a0<\/strong><\/span><\/p>\n<p>Diversas autoridades j\u00e1 se manifestaram contra o crime. O Governador do Rio Grande do Sul, Eduardo Leite cobrou solu\u00e7\u00e3o r\u00e1pida e rigorosa\u00a0 do caso e puni\u00e7\u00e3o para os envolvidos.<\/p>\n<div id=\"dismissable\" class=\"style-scope ytd-video-renderer\">\n<div class=\"text-wrapper style-scope ytd-video-renderer\"><\/div>\n<\/div>\n<p>&nbsp;<\/p>\n","protected":false},"excerpt":{"rendered":"<p>Novembro, 2020 &#8211; O Dia da Consci\u00eancia Negra no Brasil \u00e9 marcado por ato de barb\u00e1rie cometido por 02\u00a0 seguran\u00e7as do Supermercado Carrefour, Porto Alegre. Segundo informa\u00e7\u00f5es e v\u00eddeo j\u00e1 divulgado nas redes sociais e imprensa, o cliente Jo\u00e3o Alberto, 44 anos, foi espancado por 5 minutos at\u00e9 morrer por parada card\u00edaca. No v\u00eddeo, o [&hellip;]<\/p>\n","protected":false},"author":1,"featured_media":15158,"comment_status":"open","ping_status":"open","sticky":false,"template":"","format":"standard","meta":{"_uag_custom_page_level_css":"","footnotes":""},"categories":[27],"tags":[19960,3599,19961,9134,10375,19962],"class_list":["post-15157","post","type-post","status-publish","format-standard","has-post-thumbnail","hentry","category-acontece","tag-barbaries-e-morte-no-carrefour","tag-dia-da-consciencia-negra","tag-joao-alberto-morre-apos-violencia","tag-porto-alegre-rs","tag-rio-de-janeiro","tag-supermercado-carrefour-repete-atos-de-violencia-contra-negros"],"blocksy_meta":[],"spectra_blocks_featured_image_url":{"thumbnail":{"url":"https:\/\/construcaocivil.siriusmarketingedesign.com.br\/wp-content\/uploads\/2020\/11\/CARREFOUR-150x150.jpg","width":150,"height":150},"medium":{"url":"https:\/\/construcaocivil.siriusmarketingedesign.com.br\/wp-content\/uploads\/2020\/11\/CARREFOUR.jpg","width":300,"height":167},"medium_large":{"url":"https:\/\/construcaocivil.siriusmarketingedesign.com.br\/wp-content\/uploads\/2020\/11\/CARREFOUR.jpg","width":301,"height":168},"large":{"url":"https:\/\/construcaocivil.siriusmarketingedesign.com.br\/wp-content\/uploads\/2020\/11\/CARREFOUR.jpg","width":301,"height":168},"full":{"url":"https:\/\/construcaocivil.siriusmarketingedesign.com.br\/wp-content\/uploads\/2020\/11\/CARREFOUR.jpg","width":301,"height":168}},"spectra_blocks_author_info":{"display_name":"Jornal da Constru\u00e7\u00e3o Civil","avatar_url":"https:\/\/secure.gravatar.com\/avatar\/973c9774fd44ddaceb026973c4962faa70fc512bc4c9da68e8ebb40fecee6540?s=96&d=mm&r=g","author_link":"https:\/\/construcaocivil.siriusmarketingedesign.com.br\/?author=1","description":"Desde de 2013, levando muitas informa\u00e7\u00f5es, lan\u00e7amentos e produtos de qualidade para toda cadeia produtiva da constru\u00e7\u00e3o. O Futuro da constru\u00e7\u00e3o passa por aqui,"},"uagb_featured_image_src":{"full":["https:\/\/construcaocivil.siriusmarketingedesign.com.br\/wp-content\/uploads\/2020\/11\/CARREFOUR.jpg",301,168,false],"thumbnail":["https:\/\/construcaocivil.siriusmarketingedesign.com.br\/wp-content\/uploads\/2020\/11\/CARREFOUR-150x150.jpg",150,150,true],"medium":["https:\/\/construcaocivil.siriusmarketingedesign.com.br\/wp-content\/uploads\/2020\/11\/CARREFOUR.jpg",300,167,false],"medium_large":["https:\/\/construcaocivil.siriusmarketingedesign.com.br\/wp-content\/uploads\/2020\/11\/CARREFOUR.jpg",301,168,false],"large":["https:\/\/construcaocivil.siriusmarketingedesign.com.br\/wp-content\/uploads\/2020\/11\/CARREFOUR.jpg",301,168,false],"1536x1536":["https:\/\/construcaocivil.siriusmarketingedesign.com.br\/wp-content\/uploads\/2020\/11\/CARREFOUR.jpg",301,168,false],"2048x2048":["https:\/\/construcaocivil.siriusmarketingedesign.com.br\/wp-content\/uploads\/2020\/11\/CARREFOUR.jpg",301,168,false]},"uagb_author_info":{"display_name":"Jornal da Constru\u00e7\u00e3o Civil","author_link":"https:\/\/construcaocivil.siriusmarketingedesign.com.br\/?author=1"},"uagb_comment_info":0,"uagb_excerpt":"Novembro, 2020 &#8211; O Dia da Consci\u00eancia Negra no Brasil \u00e9 marcado por ato de barb\u00e1rie cometido por 02\u00a0 seguran\u00e7as do Supermercado Carrefour, Porto Alegre. Segundo informa\u00e7\u00f5es e v\u00eddeo j\u00e1 divulgado nas redes sociais e imprensa, o cliente Jo\u00e3o Alberto, 44 anos, foi espancado por 5 minutos at\u00e9 morrer por parada card\u00edaca. No v\u00eddeo, o&hellip;","_links":{"self":[{"href":"https:\/\/construcaocivil.siriusmarketingedesign.com.br\/index.php?rest_route=\/wp\/v2\/posts\/15157","targetHints":{"allow":["GET"]}}],"collection":[{"href":"https:\/\/construcaocivil.siriusmarketingedesign.com.br\/index.php?rest_route=\/wp\/v2\/posts"}],"about":[{"href":"https:\/\/construcaocivil.siriusmarketingedesign.com.br\/index.php?rest_route=\/wp\/v2\/types\/post"}],"author":[{"embeddable":true,"href":"https:\/\/construcaocivil.siriusmarketingedesign.com.br\/index.php?rest_route=\/wp\/v2\/users\/1"}],"replies":[{"embeddable":true,"href":"https:\/\/construcaocivil.siriusmarketingedesign.com.br\/index.php?rest_route=%2Fwp%2Fv2%2Fcomments&post=15157"}],"version-history":[{"count":0,"href":"https:\/\/construcaocivil.siriusmarketingedesign.com.br\/index.php?rest_route=\/wp\/v2\/posts\/15157\/revisions"}],"wp:featuredmedia":[{"embeddable":true,"href":"https:\/\/construcaocivil.siriusmarketingedesign.com.br\/index.php?rest_route=\/wp\/v2\/media\/15158"}],"wp:attachment":[{"href":"https:\/\/construcaocivil.siriusmarketingedesign.com.br\/index.php?rest_route=%2Fwp%2Fv2%2Fmedia&parent=15157"}],"wp:term":[{"taxonomy":"category","embeddable":true,"href":"https:\/\/construcaocivil.siriusmarketingedesign.com.br\/index.php?rest_route=%2Fwp%2Fv2%2Fcategories&post=15157"},{"taxonomy":"post_tag","embeddable":true,"href":"https:\/\/construcaocivil.siriusmarketingedesign.com.br\/index.php?rest_route=%2Fwp%2Fv2%2Ftags&post=15157"}],"curies":[{"name":"wp","href":"https:\/\/api.w.org\/{rel}","templated":true}]}}