{"id":15204,"date":"2020-11-28T01:48:31","date_gmt":"2020-11-28T04:48:31","guid":{"rendered":"https:\/\/www.jornaldaconstrucaocivil.com.br\/?p=15204"},"modified":"2020-11-28T01:48:31","modified_gmt":"2020-11-28T04:48:31","slug":"historias-negras-que-as-cidades-escondem","status":"publish","type":"post","link":"https:\/\/construcaocivil.siriusmarketingedesign.com.br\/?p=15204","title":{"rendered":"Hist\u00f3rias negras que as cidades escondem"},"content":{"rendered":"<p><em>Por T\u00e2nia Lins<\/em><\/p>\n<p style=\"text-align: justify;\"><span style=\"color: #993300;\">Novembro, 2020<\/span> &#8211; Revisitando meu arquivo de mem\u00f3rias, lembrei-me do nome da rua em que morei na minha inf\u00e2ncia at\u00e9 boa parte da juventude, em S\u00e3o Paulo. Aquela casa singela, localizada \u00e0 Rua Luiz Gama, no bairro da Mooca, acolheu-me desde meu terceiro m\u00eas de vida, l\u00e1 comemorei os primeiros anivers\u00e1rios, e a sensa\u00e7\u00e3o de estar em um verdadeiro lar se estendeu at\u00e9 a fase adulta.<\/p>\n<p style=\"text-align: justify;\">Quantas vezes li e reli na placa alta, fixada \u00e0 esquina, Luiz Gama, que nomeava aquela rua localizada em um bairro tradicional de S\u00e3o Paulo. Ent\u00e3o, a d\u00favida se fez presente e, somente anos depois, foi respondida. Quem foi aquele homem?<\/p>\n<figure id=\"attachment_15205\" aria-describedby=\"caption-attachment-15205\" style=\"width: 200px\" class=\"wp-caption alignleft\"><img loading=\"lazy\" decoding=\"async\" class=\"size-medium wp-image-15205\" src=\"https:\/\/www.jornaldaconstrucaocivil.com.br\/wp-content\/uploads\/2020\/11\/Historia-200x300.jpg\" alt=\"\" width=\"200\" height=\"300\" srcset=\"https:\/\/construcaocivil.siriusmarketingedesign.com.br\/wp-content\/uploads\/2020\/11\/Historia-200x300.jpg 200w, https:\/\/construcaocivil.siriusmarketingedesign.com.br\/wp-content\/uploads\/2020\/11\/Historia.jpg 300w\" sizes=\"auto, (max-width: 200px) 100vw, 200px\" \/><figcaption id=\"caption-attachment-15205\" class=\"wp-caption-text\">T\u00e2nia Lins<\/figcaption><\/figure>\n<p style=\"text-align: justify;\">Hoje, um sentimento de esperan\u00e7a, pautado em demonstra\u00e7\u00f5es universais de solidariedade, me impulsiona a falar um pouco sobre um homem que foi escravizado, mas conservou no cora\u00e7\u00e3o a for\u00e7a para lutar contra as injusti\u00e7as. Filho de um fidalgo portugu\u00eas com uma escrava liberta, foi vendido aos dez anos como escravo pelo pr\u00f3prio pai para pagar d\u00edvidas oriundas do jogo. Conseguiu a alforria aos 18 anos, ap\u00f3s fugir da casa de seu senhor e comprovar, por meio de documentos, que era filho de uma negra liberta \u2014 sua primeira vit\u00f3ria frente a um sistema opressor. A partir da\u00ed, iniciou seus estudos de forma autodidata, e o of\u00edcio de jornalista garantiu que o p\u00e3o nunca lhe faltasse \u00e0 mesa. Dedicou-se tamb\u00e9m ao Direito, libertando centenas de irm\u00e3os mantidos injustamente em cativeiro \u2014 muitos acusados de crimes contra os senhores \u2014, e acabou especializando-se nessa \u00e1rea.<\/p>\n<p>Alquimista das letras, Luiz Gama escreveu, dentre tantos outros, o c\u00e9lebre poema\u00a0<em>Bodarrada,\u00a0<\/em>que ironizava aqueles que se compraziam em negar a influ\u00eancia africana na forma\u00e7\u00e3o da nossa identidade nacional. Ao admitir no poema que tamb\u00e9m era bode \u2014 termo pejorativo para designar os negros \u2014, Gama foi al\u00e7ado ao posto de primeiro escritor brasileiro a assumir explicitamente sua identidade negra, tornando-se, assim, o fundador da literatura de milit\u00e2ncia dos negros no Brasil.<\/p>\n<p>A vida est\u00e1 repleta de homens e mulheres que almejam a mudan\u00e7a alvissareira. S\u00e3o pessoas que sentem a dor do outro e, por meio de a\u00e7\u00f5es humanit\u00e1rias, transformam o cotidiano ao seu redor. Buscar nas pequenas coisas inspira\u00e7\u00e3o para as grandes mudan\u00e7as \u00e9 a ideia propositiva para um mundo melhor.<\/p>\n<p>Que mais indiv\u00edduos conhe\u00e7am e extraiam o melhor de tantas biografias inspiradoras, pois, muitas vezes, nos olhos do nosso semelhante \u00e9 poss\u00edvel ver refletida a esperan\u00e7a de dias melhores.<\/p>\n<p><strong>| T\u00e2nia Lins \u00e9 graduada em Administra\u00e7\u00e3o de Empresas e p\u00f3s-graduada em L\u00edngua Portuguesa, Comunica\u00e7\u00e3o Empresarial e Institucional e Jornalismo Digital. Atua h\u00e1 mais de dez anos na \u00e1rea editorial, com experi\u00eancia profissional e acad\u00eamica voltada \u00e0 edi\u00e7\u00e3o, prepara\u00e7\u00e3o e revis\u00e3o de obras, ao gerenciamento de produ\u00e7\u00e3o editorial e \u00e0 leitura cr\u00edtica. Atualmente, \u00e9 coordenadora editorial na Editora Vida &amp; Consci\u00eancia e\u00a0<em>coach<\/em>\u00a0liter\u00e1ria.<\/strong><\/p>\n","protected":false},"excerpt":{"rendered":"<p>Por T\u00e2nia Lins Novembro, 2020 &#8211; Revisitando meu arquivo de mem\u00f3rias, lembrei-me do nome da rua em que morei na minha inf\u00e2ncia at\u00e9 boa parte da juventude, em S\u00e3o Paulo. Aquela casa singela, localizada \u00e0 Rua Luiz Gama, no bairro da Mooca, acolheu-me desde meu terceiro m\u00eas de vida, l\u00e1 comemorei os primeiros anivers\u00e1rios, e [&hellip;]<\/p>\n","protected":false},"author":1,"featured_media":15206,"comment_status":"open","ping_status":"open","sticky":false,"template":"","format":"standard","meta":{"_uag_custom_page_level_css":"","footnotes":""},"categories":[27],"tags":[19998,19999,3599,19997,20000,6935,10679],"class_list":["post-15204","post","type-post","status-publish","format-standard","has-post-thumbnail","hentry","category-acontece","tag-bairro-da-mooca","tag-brasil-x-racismo","tag-dia-da-consciencia-negra","tag-historia-negra-escritor-luiz-gama","tag-historias-negras-importam","tag-literatura","tag-sao-paulo-sp"],"blocksy_meta":[],"spectra_blocks_featured_image_url":{"thumbnail":{"url":"https:\/\/construcaocivil.siriusmarketingedesign.com.br\/wp-content\/uploads\/2020\/11\/GAMA-150x150.jpg","width":150,"height":150},"medium":{"url":"https:\/\/construcaocivil.siriusmarketingedesign.com.br\/wp-content\/uploads\/2020\/11\/GAMA.jpg","width":300,"height":168},"medium_large":{"url":"https:\/\/construcaocivil.siriusmarketingedesign.com.br\/wp-content\/uploads\/2020\/11\/GAMA.jpg","width":300,"height":168},"large":{"url":"https:\/\/construcaocivil.siriusmarketingedesign.com.br\/wp-content\/uploads\/2020\/11\/GAMA.jpg","width":300,"height":168},"full":{"url":"https:\/\/construcaocivil.siriusmarketingedesign.com.br\/wp-content\/uploads\/2020\/11\/GAMA.jpg","width":300,"height":168}},"spectra_blocks_author_info":{"display_name":"Jornal da Constru\u00e7\u00e3o Civil","avatar_url":"https:\/\/secure.gravatar.com\/avatar\/973c9774fd44ddaceb026973c4962faa70fc512bc4c9da68e8ebb40fecee6540?s=96&d=mm&r=g","author_link":"https:\/\/construcaocivil.siriusmarketingedesign.com.br\/?author=1","description":"Desde de 2013, levando muitas informa\u00e7\u00f5es, lan\u00e7amentos e produtos de qualidade para toda cadeia produtiva da constru\u00e7\u00e3o. O Futuro da constru\u00e7\u00e3o passa por aqui,"},"uagb_featured_image_src":{"full":["https:\/\/construcaocivil.siriusmarketingedesign.com.br\/wp-content\/uploads\/2020\/11\/GAMA.jpg",300,168,false],"thumbnail":["https:\/\/construcaocivil.siriusmarketingedesign.com.br\/wp-content\/uploads\/2020\/11\/GAMA-150x150.jpg",150,150,true],"medium":["https:\/\/construcaocivil.siriusmarketingedesign.com.br\/wp-content\/uploads\/2020\/11\/GAMA.jpg",300,168,false],"medium_large":["https:\/\/construcaocivil.siriusmarketingedesign.com.br\/wp-content\/uploads\/2020\/11\/GAMA.jpg",300,168,false],"large":["https:\/\/construcaocivil.siriusmarketingedesign.com.br\/wp-content\/uploads\/2020\/11\/GAMA.jpg",300,168,false],"1536x1536":["https:\/\/construcaocivil.siriusmarketingedesign.com.br\/wp-content\/uploads\/2020\/11\/GAMA.jpg",300,168,false],"2048x2048":["https:\/\/construcaocivil.siriusmarketingedesign.com.br\/wp-content\/uploads\/2020\/11\/GAMA.jpg",300,168,false]},"uagb_author_info":{"display_name":"Jornal da Constru\u00e7\u00e3o Civil","author_link":"https:\/\/construcaocivil.siriusmarketingedesign.com.br\/?author=1"},"uagb_comment_info":0,"uagb_excerpt":"Por T\u00e2nia Lins Novembro, 2020 &#8211; Revisitando meu arquivo de mem\u00f3rias, lembrei-me do nome da rua em que morei na minha inf\u00e2ncia at\u00e9 boa parte da juventude, em S\u00e3o Paulo. Aquela casa singela, localizada \u00e0 Rua Luiz Gama, no bairro da Mooca, acolheu-me desde meu terceiro m\u00eas de vida, l\u00e1 comemorei os primeiros anivers\u00e1rios, e&hellip;","_links":{"self":[{"href":"https:\/\/construcaocivil.siriusmarketingedesign.com.br\/index.php?rest_route=\/wp\/v2\/posts\/15204","targetHints":{"allow":["GET"]}}],"collection":[{"href":"https:\/\/construcaocivil.siriusmarketingedesign.com.br\/index.php?rest_route=\/wp\/v2\/posts"}],"about":[{"href":"https:\/\/construcaocivil.siriusmarketingedesign.com.br\/index.php?rest_route=\/wp\/v2\/types\/post"}],"author":[{"embeddable":true,"href":"https:\/\/construcaocivil.siriusmarketingedesign.com.br\/index.php?rest_route=\/wp\/v2\/users\/1"}],"replies":[{"embeddable":true,"href":"https:\/\/construcaocivil.siriusmarketingedesign.com.br\/index.php?rest_route=%2Fwp%2Fv2%2Fcomments&post=15204"}],"version-history":[{"count":0,"href":"https:\/\/construcaocivil.siriusmarketingedesign.com.br\/index.php?rest_route=\/wp\/v2\/posts\/15204\/revisions"}],"wp:featuredmedia":[{"embeddable":true,"href":"https:\/\/construcaocivil.siriusmarketingedesign.com.br\/index.php?rest_route=\/wp\/v2\/media\/15206"}],"wp:attachment":[{"href":"https:\/\/construcaocivil.siriusmarketingedesign.com.br\/index.php?rest_route=%2Fwp%2Fv2%2Fmedia&parent=15204"}],"wp:term":[{"taxonomy":"category","embeddable":true,"href":"https:\/\/construcaocivil.siriusmarketingedesign.com.br\/index.php?rest_route=%2Fwp%2Fv2%2Fcategories&post=15204"},{"taxonomy":"post_tag","embeddable":true,"href":"https:\/\/construcaocivil.siriusmarketingedesign.com.br\/index.php?rest_route=%2Fwp%2Fv2%2Ftags&post=15204"}],"curies":[{"name":"wp","href":"https:\/\/api.w.org\/{rel}","templated":true}]}}