{"id":15232,"date":"2020-12-03T12:04:07","date_gmt":"2020-12-03T15:04:07","guid":{"rendered":"https:\/\/www.jornaldaconstrucaocivil.com.br\/?p=15232"},"modified":"2020-12-03T12:04:07","modified_gmt":"2020-12-03T15:04:07","slug":"dor-de-cabeca-na-construcao-falta-aco-cimento-e-matrial-de-pvc-para-obras","status":"publish","type":"post","link":"https:\/\/construcaocivil.siriusmarketingedesign.com.br\/?p=15232","title":{"rendered":"Dor de  cabe\u00e7a na constru\u00e7\u00e3o: falta a\u00e7o, cimento e matrial de pvc para obras"},"content":{"rendered":"<p style=\"text-align: justify;\"><span style=\"color: #993300;\">Dezembro, 2020<\/span> &#8211; O Jornal da Constru\u00e7\u00e3o\u00a0 fez uma entrevista full time com Wagner Souza, da WGN Ferragens para falar sobre o problema da falta de produtos nas lojas de material de constru\u00e7\u00e3o e tamb\u00e9m do aumento dos pre\u00e7os de alguns produtos.<\/p>\n<p style=\"text-align: justify;\">Apesar do bom momento do setor como j\u00e1 divulgado por diversos institutos, como o IBGE, ANAMACO, CBIC entre outros, a escassez de diversos itens t\u00eam causado muita dor de cabe\u00e7a no setor.<\/p>\n<p>Assista o v\u00eddeo<\/p>\n<p>Produ\u00e7\u00e3o: Jornal da Constru\u00e7\u00e3o Civil\/Severian Rocha<\/p>\n<p><iframe loading=\"lazy\" title=\"Constru\u00e7\u00e3o sofre com falta de A\u00e7o, Cimento e PVC no p\u00f3s Pandemia\" width=\"1290\" height=\"726\" src=\"https:\/\/www.youtube.com\/embed\/NMP_foqYu-g?feature=oembed\" frameborder=\"0\" allow=\"accelerometer; autoplay; clipboard-write; encrypted-media; gyroscope; picture-in-picture; web-share\" referrerpolicy=\"strict-origin-when-cross-origin\" allowfullscreen><\/iframe><\/p>\n<p>&nbsp;<\/p>\n","protected":false},"excerpt":{"rendered":"<p>Dezembro, 2020 &#8211; O Jornal da Constru\u00e7\u00e3o\u00a0 fez uma entrevista full time com Wagner Souza, da WGN Ferragens para falar sobre o problema da falta de produtos nas lojas de material de constru\u00e7\u00e3o e tamb\u00e9m do aumento dos pre\u00e7os de alguns produtos. Apesar do bom momento do setor como j\u00e1 divulgado por diversos institutos, como [&hellip;]<\/p>\n","protected":false},"author":1,"featured_media":14631,"comment_status":"open","ping_status":"open","sticky":false,"template":"","format":"standard","meta":{"_uag_custom_page_level_css":"","footnotes":""},"categories":[12594],"tags":[18258,20023,20024,7021,20026,19492,20025,10375],"class_list":["post-15232","post","type-post","status-publish","format-standard","has-post-thumbnail","hentry","category-tv-da-construcao-civil","tag-conta-de-luz-mais-cara","tag-falta-aco","tag-falta-material-de-pvc","tag-lojistas-de-material-de-construcao","tag-material-eletrico-e-ferragens","tag-precos-altos-de-cimento","tag-revestimentos-e-pisos-para-acabamento","tag-rio-de-janeiro"],"blocksy_meta":[],"spectra_blocks_featured_image_url":{"thumbnail":{"url":"https:\/\/construcaocivil.siriusmarketingedesign.com.br\/wp-content\/uploads\/2020\/09\/IMG_20200923_161159589-150x150.jpg","width":150,"height":150},"medium":{"url":"https:\/\/construcaocivil.siriusmarketingedesign.com.br\/wp-content\/uploads\/2020\/09\/IMG_20200923_161159589-300x169.jpg","width":300,"height":169},"medium_large":{"url":"https:\/\/construcaocivil.siriusmarketingedesign.com.br\/wp-content\/uploads\/2020\/09\/IMG_20200923_161159589-768x432.jpg","width":768,"height":432},"large":{"url":"https:\/\/construcaocivil.siriusmarketingedesign.com.br\/wp-content\/uploads\/2020\/09\/IMG_20200923_161159589-1024x576.jpg","width":1024,"height":576},"full":{"url":"https:\/\/construcaocivil.siriusmarketingedesign.com.br\/wp-content\/uploads\/2020\/09\/IMG_20200923_161159589-scaled.jpg","width":2560,"height":1440}},"spectra_blocks_author_info":{"display_name":"Jornal da Constru\u00e7\u00e3o Civil","avatar_url":"https:\/\/secure.gravatar.com\/avatar\/973c9774fd44ddaceb026973c4962faa70fc512bc4c9da68e8ebb40fecee6540?s=96&d=mm&r=g","author_link":"https:\/\/construcaocivil.siriusmarketingedesign.com.br\/?author=1","description":"Desde de 2013, levando muitas informa\u00e7\u00f5es, lan\u00e7amentos e produtos de qualidade para toda cadeia produtiva da constru\u00e7\u00e3o. O Futuro da constru\u00e7\u00e3o passa por aqui,"},"uagb_featured_image_src":{"full":["https:\/\/construcaocivil.siriusmarketingedesign.com.br\/wp-content\/uploads\/2020\/09\/IMG_20200923_161159589-scaled.jpg",2560,1440,false],"thumbnail":["https:\/\/construcaocivil.siriusmarketingedesign.com.br\/wp-content\/uploads\/2020\/09\/IMG_20200923_161159589-150x150.jpg",150,150,true],"medium":["https:\/\/construcaocivil.siriusmarketingedesign.com.br\/wp-content\/uploads\/2020\/09\/IMG_20200923_161159589-300x169.jpg",300,169,true],"medium_large":["https:\/\/construcaocivil.siriusmarketingedesign.com.br\/wp-content\/uploads\/2020\/09\/IMG_20200923_161159589-768x432.jpg",768,432,true],"large":["https:\/\/construcaocivil.siriusmarketingedesign.com.br\/wp-content\/uploads\/2020\/09\/IMG_20200923_161159589-1024x576.jpg",1024,576,true],"1536x1536":["https:\/\/construcaocivil.siriusmarketingedesign.com.br\/wp-content\/uploads\/2020\/09\/IMG_20200923_161159589-1536x864.jpg",1536,864,true],"2048x2048":["https:\/\/construcaocivil.siriusmarketingedesign.com.br\/wp-content\/uploads\/2020\/09\/IMG_20200923_161159589-2048x1152.jpg",2048,1152,true]},"uagb_author_info":{"display_name":"Jornal da Constru\u00e7\u00e3o Civil","author_link":"https:\/\/construcaocivil.siriusmarketingedesign.com.br\/?author=1"},"uagb_comment_info":0,"uagb_excerpt":"Dezembro, 2020 &#8211; O Jornal da Constru\u00e7\u00e3o\u00a0 fez uma entrevista full time com Wagner Souza, da WGN Ferragens para falar sobre o problema da falta de produtos nas lojas de material de constru\u00e7\u00e3o e tamb\u00e9m do aumento dos pre\u00e7os de alguns produtos. Apesar do bom momento do setor como j\u00e1 divulgado por diversos institutos, como&hellip;","_links":{"self":[{"href":"https:\/\/construcaocivil.siriusmarketingedesign.com.br\/index.php?rest_route=\/wp\/v2\/posts\/15232","targetHints":{"allow":["GET"]}}],"collection":[{"href":"https:\/\/construcaocivil.siriusmarketingedesign.com.br\/index.php?rest_route=\/wp\/v2\/posts"}],"about":[{"href":"https:\/\/construcaocivil.siriusmarketingedesign.com.br\/index.php?rest_route=\/wp\/v2\/types\/post"}],"author":[{"embeddable":true,"href":"https:\/\/construcaocivil.siriusmarketingedesign.com.br\/index.php?rest_route=\/wp\/v2\/users\/1"}],"replies":[{"embeddable":true,"href":"https:\/\/construcaocivil.siriusmarketingedesign.com.br\/index.php?rest_route=%2Fwp%2Fv2%2Fcomments&post=15232"}],"version-history":[{"count":0,"href":"https:\/\/construcaocivil.siriusmarketingedesign.com.br\/index.php?rest_route=\/wp\/v2\/posts\/15232\/revisions"}],"wp:featuredmedia":[{"embeddable":true,"href":"https:\/\/construcaocivil.siriusmarketingedesign.com.br\/index.php?rest_route=\/wp\/v2\/media\/14631"}],"wp:attachment":[{"href":"https:\/\/construcaocivil.siriusmarketingedesign.com.br\/index.php?rest_route=%2Fwp%2Fv2%2Fmedia&parent=15232"}],"wp:term":[{"taxonomy":"category","embeddable":true,"href":"https:\/\/construcaocivil.siriusmarketingedesign.com.br\/index.php?rest_route=%2Fwp%2Fv2%2Fcategories&post=15232"},{"taxonomy":"post_tag","embeddable":true,"href":"https:\/\/construcaocivil.siriusmarketingedesign.com.br\/index.php?rest_route=%2Fwp%2Fv2%2Ftags&post=15232"}],"curies":[{"name":"wp","href":"https:\/\/api.w.org\/{rel}","templated":true}]}}