{"id":1525,"date":"2016-04-26T19:14:44","date_gmt":"2016-04-26T19:14:44","guid":{"rendered":"http:\/\/www.jornaldaconstrucaocivil.com.br\/?p=1525"},"modified":"2016-04-26T19:14:44","modified_gmt":"2016-04-26T19:14:44","slug":"inventor-cria-sistema-inedito-de-reaproveitamento-de-agua-do-chuveiro-contra-a-crise-hidrica","status":"publish","type":"post","link":"https:\/\/construcaocivil.siriusmarketingedesign.com.br\/?p=1525","title":{"rendered":"Inventor cria sistema in\u00e9dito de reaproveitamento de \u00e1gua do chuveiro contra a crise h\u00eddrica"},"content":{"rendered":"<p><strong><span style=\"color: #000000;\">O <span style=\"color: #800080;\">\u201csustentabili-balde\u201d<\/span> foi desenvolvido para ser utilizado por pessoas de todas as idades e complei\u00e7\u00f5es f\u00edsicas<\/span><\/strong><\/p>\n<p><span style=\"color: #000000;\">A crise da \u00e1gua no estado de S\u00e3o Paulo come\u00e7ou em 2014 e ainda hoje sentimos reflexos no abastecimento de v\u00e1rias cidades e na capital paulista. Hoje, o sistema Cantareira ainda opera com 50% da capacidade. A sociedade est\u00e1 mais consciente da necessidade de economia, por\u00e9m, alguns cidad\u00e3os como os empres\u00e1rios Edison Junior e Adriana Teixeira, afiliados \u00e0 Associa\u00e7\u00e3o Nacional dos Inventores (ANI), foram al\u00e9m e buscaram solu\u00e7\u00f5es para enfrentar a crise. Edison \u00e9 autor do<span style=\"color: #800080;\"> \u201csustentabili-balde\u201d<\/span>, um instrumento que visa o reaproveitamento da \u00e1gua do chuveiro nos vasos sanit\u00e1rios.<\/span><\/p>\n<figure id=\"attachment_1526\" aria-describedby=\"caption-attachment-1526\" style=\"width: 300px\" class=\"wp-caption alignleft\"><a href=\"http:\/\/www.jornaldaconstrucaocivil.com.br\/wp-content\/uploads\/2016\/04\/ANI.jpg\"><img loading=\"lazy\" decoding=\"async\" class=\"wp-image-1526 size-medium\" src=\"http:\/\/www.jornaldaconstrucaocivil.com.br\/wp-content\/uploads\/2016\/04\/ANI-300x270.jpg\" alt=\"ANI\" width=\"300\" height=\"270\" \/><\/a><figcaption id=\"caption-attachment-1526\" class=\"wp-caption-text\"><span style=\"color: #ff0000;\">O \u201csustentabili-balde\u201d foi desenvolvido para ser utilizado por pessoas de todas as idades e complei\u00e7\u00f5es f\u00edsicas.<span style=\"color: #000000;\"> Imagem: Divulga\u00e7\u00e3o<\/span><\/span><\/figcaption><\/figure>\n<p><span style=\"color: #000000;\"><em>\u201cA \u00e1gua ficou um produto de \u2018luxo\u2019 e precisamos criar novos h\u00e1bitos que se tornem permanentes. Muitos moradores de pr\u00e9dio n\u00e3o tem o costume de armazenar a \u00e1gua fria que cai antes do chuveiro a g\u00e1s esquentar, por exemplo, e quem o faz reutiliza a \u00e1gua de forma errado \u2013 se jogada direto a \u00e1gua no vaso, os detritos formam uma nuvem poluindo todo o ambiente e, outro fato importante, um portador de necessidades especiais ou um idoso n\u00e3o tem condi\u00e7\u00f5es f\u00edsicas de erguer um balde cheio \u2013 o<span style=\"color: #800080;\"> \u2018sustentabili-balde\u2019<\/span> veio para ajudar essas pessoas\u201d<\/em> descreve, Edison.<\/span><\/p>\n<p><span style=\"color: #000000;\">Coletada a \u00e1gua, o usu\u00e1rio leva o \u201csutentabili-balde\u201d at\u00e9 o vaso, encaixa o adaptador, posiciona sobre a tampa do vaso e levanta a alavanca de dispers\u00e3o de \u00e1gua para dentro da latrina, levando todos os detritos sem contaminar o ambiente.<\/span><\/p>\n<p><span style=\"color: #000000;\">A expectativa do inventor \u00e9 que o custo do produto para o consumidor final seja de cerca de R$ 40 \u2013 enquanto um balde comum, hoje, custe em torno de R$ 25. \u201cHoje estamos confort\u00e1veis com a not\u00edcia da redu\u00e7\u00e3o da conta de luz, com os reservat\u00f3rios cheios, mas se n\u00e3o houver uma mudan\u00e7a no consumo, em breve estaremos diante de uma nova crise h\u00eddrica\u201d, diz Edison.<\/span><\/p>\n<p><span style=\"color: #000000;\">O inventor j\u00e1 registrou a patente do<span style=\"color: #800080;\"> \u201csustentabili-balde\u201d<\/span> junto ao INPI (Instituto Nacional de Propriedade Industrial)\u00a0 e atualmente procura investidores para comercializa\u00e7\u00e3o do produto, seja por meio da venda da patente ou do seu licenciamento.<\/span><\/p>\n<p>Mais informa\u00e7\u00f5es:<\/p>\n<p>Assista ao v\u00eddeo onde Edison Junior explica como desenvolveu o conceito do<span style=\"color: #800080;\"> \u201csustentabili-balde\u201d<\/span> <a href=\"https:\/\/youtu.be\/DspfEL5GQh0\" target=\"_blank\"><strong>aqui<\/strong><\/a>\u00a0e neste <a href=\"https:\/\/www.youtube.com\/watch?v=aczQSZljCJw&amp;feature=youtu.be\" target=\"_blank\"><strong>outro link<\/strong><\/a>\u00a0como ele funciona.<\/p>\n<p>Fonte: Assessoria de Imprensa da ANI<\/p>\n","protected":false},"excerpt":{"rendered":"<p>O \u201csustentabili-balde\u201d foi desenvolvido para ser utilizado por pessoas de todas as idades e complei\u00e7\u00f5es f\u00edsicas A crise da \u00e1gua no estado de S\u00e3o Paulo come\u00e7ou em 2014 e ainda hoje sentimos reflexos no abastecimento de v\u00e1rias cidades e na capital paulista. Hoje, o sistema Cantareira ainda opera com 50% da capacidade. A sociedade est\u00e1 [&hellip;]<\/p>\n","protected":false},"author":1,"featured_media":1526,"comment_status":"open","ping_status":"open","sticky":false,"template":"","format":"standard","meta":{"_uag_custom_page_level_css":"","footnotes":""},"categories":[32],"tags":[48,734,3207,3939,6298,9876,10014],"class_list":["post-1525","post","type-post","status-publish","format-standard","has-post-thumbnail","hentry","category-maquinas-e-equipamentos","tag-sustentabili-balde","tag-ani","tag-crise-hidrica","tag-edison-junior","tag-inventor-do-equipamento","tag-r-40","tag-reducao-de-conta-de-luz-e-agua"],"blocksy_meta":[],"spectra_blocks_featured_image_url":[],"spectra_blocks_author_info":{"display_name":"Jornal da Constru\u00e7\u00e3o Civil","avatar_url":"https:\/\/secure.gravatar.com\/avatar\/973c9774fd44ddaceb026973c4962faa70fc512bc4c9da68e8ebb40fecee6540?s=96&d=mm&r=g","author_link":"https:\/\/construcaocivil.siriusmarketingedesign.com.br\/?author=1","description":"Desde de 2013, levando muitas informa\u00e7\u00f5es, lan\u00e7amentos e produtos de qualidade para toda cadeia produtiva da constru\u00e7\u00e3o. O Futuro da constru\u00e7\u00e3o passa por aqui,"},"uagb_featured_image_src":{"full":false,"thumbnail":false,"medium":false,"medium_large":false,"large":false,"1536x1536":false,"2048x2048":false},"uagb_author_info":{"display_name":"Jornal da Constru\u00e7\u00e3o Civil","author_link":"https:\/\/construcaocivil.siriusmarketingedesign.com.br\/?author=1"},"uagb_comment_info":0,"uagb_excerpt":"O \u201csustentabili-balde\u201d foi desenvolvido para ser utilizado por pessoas de todas as idades e complei\u00e7\u00f5es f\u00edsicas A crise da \u00e1gua no estado de S\u00e3o Paulo come\u00e7ou em 2014 e ainda hoje sentimos reflexos no abastecimento de v\u00e1rias cidades e na capital paulista. Hoje, o sistema Cantareira ainda opera com 50% da capacidade. A sociedade est\u00e1&hellip;","_links":{"self":[{"href":"https:\/\/construcaocivil.siriusmarketingedesign.com.br\/index.php?rest_route=\/wp\/v2\/posts\/1525","targetHints":{"allow":["GET"]}}],"collection":[{"href":"https:\/\/construcaocivil.siriusmarketingedesign.com.br\/index.php?rest_route=\/wp\/v2\/posts"}],"about":[{"href":"https:\/\/construcaocivil.siriusmarketingedesign.com.br\/index.php?rest_route=\/wp\/v2\/types\/post"}],"author":[{"embeddable":true,"href":"https:\/\/construcaocivil.siriusmarketingedesign.com.br\/index.php?rest_route=\/wp\/v2\/users\/1"}],"replies":[{"embeddable":true,"href":"https:\/\/construcaocivil.siriusmarketingedesign.com.br\/index.php?rest_route=%2Fwp%2Fv2%2Fcomments&post=1525"}],"version-history":[{"count":0,"href":"https:\/\/construcaocivil.siriusmarketingedesign.com.br\/index.php?rest_route=\/wp\/v2\/posts\/1525\/revisions"}],"wp:attachment":[{"href":"https:\/\/construcaocivil.siriusmarketingedesign.com.br\/index.php?rest_route=%2Fwp%2Fv2%2Fmedia&parent=1525"}],"wp:term":[{"taxonomy":"category","embeddable":true,"href":"https:\/\/construcaocivil.siriusmarketingedesign.com.br\/index.php?rest_route=%2Fwp%2Fv2%2Fcategories&post=1525"},{"taxonomy":"post_tag","embeddable":true,"href":"https:\/\/construcaocivil.siriusmarketingedesign.com.br\/index.php?rest_route=%2Fwp%2Fv2%2Ftags&post=1525"}],"curies":[{"name":"wp","href":"https:\/\/api.w.org\/{rel}","templated":true}]}}