{"id":15271,"date":"2020-12-08T14:22:40","date_gmt":"2020-12-08T17:22:40","guid":{"rendered":"https:\/\/www.jornaldaconstrucaocivil.com.br\/?p=15271"},"modified":"2020-12-08T14:22:40","modified_gmt":"2020-12-08T17:22:40","slug":"2a-onda-do-coronavirus-infogripe-aponta-tendencia-de-aumento-de-casos-em-manaus-e-alerta-em-recife-e-no-rio-imprimir-recomendar","status":"publish","type":"post","link":"https:\/\/construcaocivil.siriusmarketingedesign.com.br\/?p=15271","title":{"rendered":"2\u00aa onda do Coronav\u00edrus: InfoGripe aponta tend\u00eancia de aumento de casos em Manaus e alerta em Recife e no Rio Imprimir Recomendar"},"content":{"rendered":"<p style=\"text-align: justify;\"><span style=\"color: #0000ff;\">Dezembro, 2020<\/span> &#8211; Referente \u00e0 Semana Epidemiol\u00f3gica (SE) 39 (de 20 a 26 de setembro), a an\u00e1lise do <span style=\"color: #ff0000;\"><a style=\"color: #ff0000;\" href=\"http:\/\/agencia.fiocruz.br\/sites\/agencia.fiocruz.br\/files\/u34\/boletim_infogripe_se202039_sem_filtro_febre.pdf\" target=\"_blank\" rel=\"noopener noreferrer\"><strong>novo Boletim InfoGripe da Fiocruz<\/strong><\/a><\/span>\u00a0apresenta uma tend\u00eancia de crescimento, a longo prazo, de casos de S\u00edndrome Respirat\u00f3ria Aguda Grave (SRAG) nas capitais Aracaju (SE), Florian\u00f3polis (SC), Fortaleza (CE), Macap\u00e1 (AP) e Manaus (AM). Na capital do Amazonas, o sinal de crescimento na tend\u00eancia de longo prazo se manteve nas \u00faltimas 6 semanas, embora na SE 39 o sinal de curto prazo seja de queda. Em Recife (PE) e Rio de Janeiro (RJ), em cinco das \u00faltimas seis semanas, o sinal foi de crescimento.<\/p>\n<p style=\"text-align: justify;\">\u201cA tend\u00eancia de longo prazo avalia poss\u00edveis varia\u00e7\u00f5es em per\u00edodos de seis semanas consecutivas, enquanto a de curto prazo analisa per\u00edodos de apenas tr\u00eas semanas consecutivas\u201d, explicou o pesquisador Marcelo Gomes, coordenador do InfoGripe.<\/p>\n<p style=\"text-align: justify;\">Com rela\u00e7\u00e3o ao cen\u00e1rio nacional, o Brasil permanece na zona de risco, com ocorr\u00eancias semanais muito altas em todas as regi\u00f5es do pa\u00eds. No entanto, o n\u00famero de \u00f3bitos e de casos notificados de SRAG por Covid-19 (independentemente de presen\u00e7a de febre) apresenta sinal de queda. &#8220;A situa\u00e7\u00e3o nas regi\u00f5es e estados do pa\u00eds \u00e9 bastante heterog\u00eanea. Portanto, o dado nacional n\u00e3o \u00e9 um bom indicador para defini\u00e7\u00e3o de a\u00e7\u00f5es locais&#8221;, informa o boletim.<\/p>\n<p style=\"text-align: justify;\">Os dados apontam ainda que Florian\u00f3polis (SC) apresentou sinal forte de crescimento no longo prazo (prob. &gt; 95%) e moderado no curto prazo (prob. &gt; 75%). Nas capitais Aracaju (SE), Fortaleza (CE), Macap\u00e1 (AP) e Manaus (AM), o sinal \u00e9 de crescimento para a tend\u00eancia de longo prazo (prob. &gt; 75%).<\/p>\n<p style=\"text-align: justify;\">\u201cAracaju, Fortaleza e Manaus j\u00e1 haviam apresentado sinal de crescimento no \u00faltimo boletim. No entanto, Manaus, que mostrou tal registro nas \u00faltimas seis semanas em rela\u00e7\u00e3o \u00e0 tend\u00eancia de longo prazo, na \u00faltima semana apresenta tend\u00eancia de queda no curto prazo\u201d, informou Marcelo Gomes. \u201cMesmo com sinal de estabiliza\u00e7\u00e3o na \u00faltima semana, Recife e Rio de Janeiro\u00a0apresentaram tend\u00eancia de crescimento no longo prazo\u201d.<\/p>\n<p style=\"text-align: justify;\">Em particular sobre a capital do Rio de Janeiro, o pesquisador chama aten\u00e7\u00e3o para as novas medidas de flexibiliza\u00e7\u00e3o anunciadas na primeira semana de outubro. Marcelo observou que essas medidas podem vir a retomar ou, eventualmente, intensificar a tend\u00eancia de crescimento observada nas \u00faltimas semanas, devido a uma maior intera\u00e7\u00e3o entre a popula\u00e7\u00e3o local.<\/p>\n<p style=\"text-align: justify;\">Segundo o estudo, em 14 das 27 unidades federativas, a tend\u00eancia de curto e longo prazo \u00e9 de queda ou estabiliza\u00e7\u00e3o. Nos demais 13 estados, Amazonas, Amap\u00e1 e Tocantis (Norte), Alagoas, Bahia, Cear\u00e1, Para\u00edba, Pernambuco, e Rio Grande do Norte (Nordeste), Esp\u00edrito Santo e Rio de Janeiro (Sudeste), Santa Catarina e Rio Grande do Sul (Sul), h\u00e1 \u00a0pelo menos uma macrorregi\u00e3o com tend\u00eancia de curto e\/ou longo prazo com sinal moderado (probabilidade &gt; 75%) ou forte (probabilidade &gt; 95%) de crescimento.<\/p>\n<p style=\"text-align: justify;\">\u201cComo j\u00e1 relatado em boletins anteriores, identificamos diferen\u00e7a significativa entre as notifica\u00e7\u00f5es de SRAG no estado do Mato Grosso registradas no sistema nacional Sivep-Gripe e os registros apresentados no sistema pr\u00f3prio do estado. Tal diferen\u00e7a se manteve at\u00e9 a presente atualiza\u00e7\u00e3o\u201d, alertou o pesquisador.<\/p>\n<p style=\"text-align: justify;\"><strong>Casos de SRAG no pa\u00eds<\/strong><\/p>\n<p style=\"text-align: justify;\">Em 2020, j\u00e1 foram reportados 473.222 casos, sendo 258.181 (54,6%) com resultado laboratorial positivo para algum v\u00edrus respirat\u00f3rio, 142.891 (30,2%) negativos, e cerca de 42.240 (8,9%) permanece em aguardo de resultado laboratorial. Levando em conta a oportunidade de digita\u00e7\u00e3o, estima-se que j\u00e1 ocorreram 501.366 casos de SRAG, podendo variar entre 492.630 e 515.375 at\u00e9 o t\u00e9rmino da Semana Epidemiol\u00f3gica 39. Entre os casos positivos de SRAG,0,5% foram por Influenza A; 0,2% Influenza B; 0,4% v\u00edrus sincicial respirat\u00f3rio (VSR); e 97,6% Sars-CoV-2 (Covid-19).<\/p>\n<p>Fonte: Ag\u00eancia FIOCRUZ<\/p>\n<p>Cr\u00e9ditos: <span style=\"color: #0000ff;\"><a style=\"color: #0000ff;\" href=\"mailto:ccs@fiocruz.br\">Regina Castro (CCS\/Fiocruz)<\/a><\/span><\/p>\n<p>&nbsp;<\/p>\n","protected":false},"excerpt":{"rendered":"<p>Dezembro, 2020 &#8211; Referente \u00e0 Semana Epidemiol\u00f3gica (SE) 39 (de 20 a 26 de setembro), a an\u00e1lise do novo Boletim InfoGripe da Fiocruz\u00a0apresenta uma tend\u00eancia de crescimento, a longo prazo, de casos de S\u00edndrome Respirat\u00f3ria Aguda Grave (SRAG) nas capitais Aracaju (SE), Florian\u00f3polis (SC), Fortaleza (CE), Macap\u00e1 (AP) e Manaus (AM). Na capital do Amazonas, [&hellip;]<\/p>\n","protected":false},"author":1,"featured_media":15272,"comment_status":"open","ping_status":"open","sticky":false,"template":"","format":"standard","meta":{"_uag_custom_page_level_css":"","footnotes":""},"categories":[27],"tags":[20064,759,20063,20068,5092,7156,20067,14662,10375,10384,20066,20065],"class_list":["post-15271","post","type-post","status-publish","format-standard","has-post-thumbnail","hentry","category-acontece","tag-2aonda-covid-19-no-brasil","tag-anvisa","tag-covid-19-recife","tag-festas-de-natal-canceladas","tag-fiocruz","tag-manaus","tag-recife-utis-lotadas","tag-regiao-amazonica","tag-rio-de-janeiro","tag-rio-grande-do-sul","tag-rio-sem-utis","tag-sao-paulo-vacina"],"blocksy_meta":[],"spectra_blocks_featured_image_url":{"thumbnail":{"url":"https:\/\/construcaocivil.siriusmarketingedesign.com.br\/wp-content\/uploads\/2020\/12\/AA-fiocruz_-_pesquisa_covid-19-150x150.jpg","width":150,"height":150},"medium":{"url":"https:\/\/construcaocivil.siriusmarketingedesign.com.br\/wp-content\/uploads\/2020\/12\/AA-fiocruz_-_pesquisa_covid-19-300x179.jpg","width":300,"height":179},"medium_large":{"url":"https:\/\/construcaocivil.siriusmarketingedesign.com.br\/wp-content\/uploads\/2020\/12\/AA-fiocruz_-_pesquisa_covid-19-768x459.jpg","width":768,"height":459},"large":{"url":"https:\/\/construcaocivil.siriusmarketingedesign.com.br\/wp-content\/uploads\/2020\/12\/AA-fiocruz_-_pesquisa_covid-19-1024x613.jpg","width":1024,"height":613},"full":{"url":"https:\/\/construcaocivil.siriusmarketingedesign.com.br\/wp-content\/uploads\/2020\/12\/AA-fiocruz_-_pesquisa_covid-19.jpg","width":1170,"height":700}},"spectra_blocks_author_info":{"display_name":"Jornal da Constru\u00e7\u00e3o Civil","avatar_url":"https:\/\/secure.gravatar.com\/avatar\/973c9774fd44ddaceb026973c4962faa70fc512bc4c9da68e8ebb40fecee6540?s=96&d=mm&r=g","author_link":"https:\/\/construcaocivil.siriusmarketingedesign.com.br\/?author=1","description":"Desde de 2013, levando muitas informa\u00e7\u00f5es, lan\u00e7amentos e produtos de qualidade para toda cadeia produtiva da constru\u00e7\u00e3o. O Futuro da constru\u00e7\u00e3o passa por aqui,"},"uagb_featured_image_src":{"full":["https:\/\/construcaocivil.siriusmarketingedesign.com.br\/wp-content\/uploads\/2020\/12\/AA-fiocruz_-_pesquisa_covid-19.jpg",1170,700,false],"thumbnail":["https:\/\/construcaocivil.siriusmarketingedesign.com.br\/wp-content\/uploads\/2020\/12\/AA-fiocruz_-_pesquisa_covid-19-150x150.jpg",150,150,true],"medium":["https:\/\/construcaocivil.siriusmarketingedesign.com.br\/wp-content\/uploads\/2020\/12\/AA-fiocruz_-_pesquisa_covid-19-300x179.jpg",300,179,true],"medium_large":["https:\/\/construcaocivil.siriusmarketingedesign.com.br\/wp-content\/uploads\/2020\/12\/AA-fiocruz_-_pesquisa_covid-19-768x459.jpg",768,459,true],"large":["https:\/\/construcaocivil.siriusmarketingedesign.com.br\/wp-content\/uploads\/2020\/12\/AA-fiocruz_-_pesquisa_covid-19-1024x613.jpg",1024,613,true],"1536x1536":["https:\/\/construcaocivil.siriusmarketingedesign.com.br\/wp-content\/uploads\/2020\/12\/AA-fiocruz_-_pesquisa_covid-19.jpg",1170,700,false],"2048x2048":["https:\/\/construcaocivil.siriusmarketingedesign.com.br\/wp-content\/uploads\/2020\/12\/AA-fiocruz_-_pesquisa_covid-19.jpg",1170,700,false]},"uagb_author_info":{"display_name":"Jornal da Constru\u00e7\u00e3o Civil","author_link":"https:\/\/construcaocivil.siriusmarketingedesign.com.br\/?author=1"},"uagb_comment_info":0,"uagb_excerpt":"Dezembro, 2020 &#8211; Referente \u00e0 Semana Epidemiol\u00f3gica (SE) 39 (de 20 a 26 de setembro), a an\u00e1lise do novo Boletim InfoGripe da Fiocruz\u00a0apresenta uma tend\u00eancia de crescimento, a longo prazo, de casos de S\u00edndrome Respirat\u00f3ria Aguda Grave (SRAG) nas capitais Aracaju (SE), Florian\u00f3polis (SC), Fortaleza (CE), Macap\u00e1 (AP) e Manaus (AM). Na capital do Amazonas,&hellip;","_links":{"self":[{"href":"https:\/\/construcaocivil.siriusmarketingedesign.com.br\/index.php?rest_route=\/wp\/v2\/posts\/15271","targetHints":{"allow":["GET"]}}],"collection":[{"href":"https:\/\/construcaocivil.siriusmarketingedesign.com.br\/index.php?rest_route=\/wp\/v2\/posts"}],"about":[{"href":"https:\/\/construcaocivil.siriusmarketingedesign.com.br\/index.php?rest_route=\/wp\/v2\/types\/post"}],"author":[{"embeddable":true,"href":"https:\/\/construcaocivil.siriusmarketingedesign.com.br\/index.php?rest_route=\/wp\/v2\/users\/1"}],"replies":[{"embeddable":true,"href":"https:\/\/construcaocivil.siriusmarketingedesign.com.br\/index.php?rest_route=%2Fwp%2Fv2%2Fcomments&post=15271"}],"version-history":[{"count":0,"href":"https:\/\/construcaocivil.siriusmarketingedesign.com.br\/index.php?rest_route=\/wp\/v2\/posts\/15271\/revisions"}],"wp:featuredmedia":[{"embeddable":true,"href":"https:\/\/construcaocivil.siriusmarketingedesign.com.br\/index.php?rest_route=\/wp\/v2\/media\/15272"}],"wp:attachment":[{"href":"https:\/\/construcaocivil.siriusmarketingedesign.com.br\/index.php?rest_route=%2Fwp%2Fv2%2Fmedia&parent=15271"}],"wp:term":[{"taxonomy":"category","embeddable":true,"href":"https:\/\/construcaocivil.siriusmarketingedesign.com.br\/index.php?rest_route=%2Fwp%2Fv2%2Fcategories&post=15271"},{"taxonomy":"post_tag","embeddable":true,"href":"https:\/\/construcaocivil.siriusmarketingedesign.com.br\/index.php?rest_route=%2Fwp%2Fv2%2Ftags&post=15271"}],"curies":[{"name":"wp","href":"https:\/\/api.w.org\/{rel}","templated":true}]}}