{"id":15314,"date":"2020-12-21T11:28:25","date_gmt":"2020-12-21T14:28:25","guid":{"rendered":"https:\/\/www.jornaldaconstrucaocivil.com.br\/?p=15314"},"modified":"2020-12-21T11:42:14","modified_gmt":"2020-12-21T14:42:14","slug":"deu-jacare-no-natal-governo-federal-deixa-22-milhoes-de-brasileiros-sem-13o-do-bolsa-familias","status":"publish","type":"post","link":"https:\/\/construcaocivil.siriusmarketingedesign.com.br\/?p=15314","title":{"rendered":"Deu Jacar\u00e9 no Natal: Governo Federal deixa 22 milh\u00f5es de brasileiros sem 13\u00ba do Bolsa Fam\u00edlias"},"content":{"rendered":"<p style=\"text-align: justify;\">Dezembro, 2020 &#8211; Uma insensatez e atrocidade sem tamanho praticada pelo Governo Federal na v\u00e9spera do Natal, sacrifica 22 milh\u00f5es de fam\u00edlias cadastradas no Programa Bolsa Fam\u00edlia ou seja, todas os beneficiados est\u00e3o sem o 13\u00ba do Bolsa Fam\u00edlia.<\/p>\n<p style=\"text-align: justify;\">O momento \u00e9 muito delicado no pa\u00eds. O Covid-19 j\u00e1 matou 180 mil brasileiros(Minist\u00e9rio da Sa\u00fade). A pobreza,\u00a0 disparou e o n\u00famero de miser\u00e1veis subiu em mais de 10 milh\u00f5es de pessoas(IBGE), temos outros 14 milh\u00f5es de desempregados, ainda, h\u00e1 2\u00aa onda do Coronav\u00edrus est\u00e1 crescendo por todo os estados. Os pre\u00e7os dos alimentos disparam nos supermercados, gasolina ficou mais cara, o pre\u00e7o da conta de luz subiu, al\u00e9m de outros servi\u00e7os de primeira necessidades est\u00e3o acima da infla\u00e7\u00e3o.<\/p>\n<p style=\"text-align: justify;\">Esconder a infla\u00e7\u00e3o que corr\u00f3i a economia e os sal\u00e1rios dos mais pobres, os mais ricos t\u00eam sido a linha de frente do governo Bolsonaro e Paulo Guedes. De acordo com o Cientista Pol\u00edtico Alexandre Stoppa, o lema\u00a0 do governo \u00e9<span style=\"color: #993300;\"><em>: &#8221; Paulo Guedes, est\u00e1 num caminho errado. Sufoca os mais pobres. N\u00e3o reajustou os sal\u00e1rios de acordo com a infla\u00e7\u00e3o que est\u00e1 alta e nem t\u00e3o pouco fez qualquer medida de socorro para os mais necessitados, pelo contr\u00e1rio, acaba com o Aux\u00edlio Emergencial. At\u00e9 agora somente os Bancos e poucas &#8220;empresas foram beneficiadas, nada mais. Podemos dizer que este governo \u00e9 altamente LETAL contra os mais pobres&#8221;.\u00a0&#8220;<\/em><\/span><\/p>\n<p style=\"text-align: justify;\">O presidente Jair Bolsonaro, alega que n\u00e3o pagou o 13\u00ba por atraso do Presidente da C\u00e2mara dos Deputados, Rodrigo Maia, que por sua vez informou que a Medida Provis\u00f3ria\u00a0 do 13\u00ba Programa, n\u00e3o foi paga porque o governo n\u00e3o quis pagar. E no final da confus\u00e3o, apareceu o grande culpado, o g\u00eanio da economia Paulo Guedes, que solicitou ao Presidente da Rep\u00fablica o n\u00e3o pagamento do benef\u00edcio alegando problemas fiscais e de previs\u00e3o.<\/p>\n<p style=\"text-align: justify;\">Na linha contr\u00e1ria do Bolsonaro e Paulo Guedes, que pregam asfixia da economia brasileira para n\u00e3o quebrar o Teto Fiscal (Conversa Fiada), o Fundo Internacional Mundial(FMI) orientou governos \u00e0 investirem pesado nas suas economias locais. Fran\u00e7a, Alemanha, China, Reino Unido, EUA entre outros pa\u00edses est\u00e3o aportando bilh\u00f5es para salvar, vacinando suas popula\u00e7\u00f5es e sa\u00edrem do colapso econ\u00f4mico diversos setores produtivos. O governo da Austr\u00e1lia, prevendo uma cat\u00e1strofe, pediu desculpas para sua popula\u00e7\u00e3o e ir\u00e1 disponibilizar investimentos na casa dos 65% no setor de Infraestrutura.<\/p>\n<p>Enquanto isso a briga da vacina continua no\u00a0 Brasil. J\u00e1 falaram at\u00e9 que, quem tomar a vacina pode virar Jacar\u00e9.<\/p>\n<p style=\"text-align: justify;\">\n","protected":false},"excerpt":{"rendered":"<p>Dezembro, 2020 &#8211; Uma insensatez e atrocidade sem tamanho praticada pelo Governo Federal na v\u00e9spera do Natal, sacrifica 22 milh\u00f5es de fam\u00edlias cadastradas no Programa Bolsa Fam\u00edlia ou seja, todas os beneficiados est\u00e3o sem o 13\u00ba do Bolsa Fam\u00edlia. O momento \u00e9 muito delicado no pa\u00eds. O Covid-19 j\u00e1 matou 180 mil brasileiros(Minist\u00e9rio da Sa\u00fade). [&hellip;]<\/p>\n","protected":false},"author":1,"featured_media":15316,"comment_status":"open","ping_status":"open","sticky":false,"template":"","format":"standard","meta":{"_uag_custom_page_level_css":"","footnotes":""},"categories":[27],"tags":[20120,20121,20118,18617,20116,20122,20117,10867,20119],"class_list":["post-15314","post","type-post","status-publish","format-standard","has-post-thumbnail","hentry","category-acontece","tag-22-milhoes-de-brasileiros-sem-ceia-de-natal","tag-bolsonaro-vacina-x-jacare","tag-camara-dos-deputado","tag-covid-19","tag-governo-federal-corta-13o-bolsa-familia","tag-precos-dos-alimentos-sobem-no-natal","tag-sem-dinheiro-no-natal","tag-senado-federal","tag-vacinacao-so-em-janeiro"],"blocksy_meta":[],"spectra_blocks_featured_image_url":{"thumbnail":{"url":"https:\/\/construcaocivil.siriusmarketingedesign.com.br\/wp-content\/uploads\/2020\/12\/FOTO-SUPER-PROTESTO-150x150.jpg","width":150,"height":150},"medium":{"url":"https:\/\/construcaocivil.siriusmarketingedesign.com.br\/wp-content\/uploads\/2020\/12\/FOTO-SUPER-PROTESTO-300x200.jpg","width":300,"height":200},"medium_large":{"url":"https:\/\/construcaocivil.siriusmarketingedesign.com.br\/wp-content\/uploads\/2020\/12\/FOTO-SUPER-PROTESTO-768x512.jpg","width":768,"height":512},"large":{"url":"https:\/\/construcaocivil.siriusmarketingedesign.com.br\/wp-content\/uploads\/2020\/12\/FOTO-SUPER-PROTESTO.jpg","width":960,"height":640},"full":{"url":"https:\/\/construcaocivil.siriusmarketingedesign.com.br\/wp-content\/uploads\/2020\/12\/FOTO-SUPER-PROTESTO.jpg","width":960,"height":640}},"spectra_blocks_author_info":{"display_name":"Jornal da Constru\u00e7\u00e3o Civil","avatar_url":"https:\/\/secure.gravatar.com\/avatar\/973c9774fd44ddaceb026973c4962faa70fc512bc4c9da68e8ebb40fecee6540?s=96&d=mm&r=g","author_link":"https:\/\/construcaocivil.siriusmarketingedesign.com.br\/?author=1","description":"Desde de 2013, levando muitas informa\u00e7\u00f5es, lan\u00e7amentos e produtos de qualidade para toda cadeia produtiva da constru\u00e7\u00e3o. O Futuro da constru\u00e7\u00e3o passa por aqui,"},"uagb_featured_image_src":{"full":["https:\/\/construcaocivil.siriusmarketingedesign.com.br\/wp-content\/uploads\/2020\/12\/FOTO-SUPER-PROTESTO.jpg",960,640,false],"thumbnail":["https:\/\/construcaocivil.siriusmarketingedesign.com.br\/wp-content\/uploads\/2020\/12\/FOTO-SUPER-PROTESTO-150x150.jpg",150,150,true],"medium":["https:\/\/construcaocivil.siriusmarketingedesign.com.br\/wp-content\/uploads\/2020\/12\/FOTO-SUPER-PROTESTO-300x200.jpg",300,200,true],"medium_large":["https:\/\/construcaocivil.siriusmarketingedesign.com.br\/wp-content\/uploads\/2020\/12\/FOTO-SUPER-PROTESTO-768x512.jpg",768,512,true],"large":["https:\/\/construcaocivil.siriusmarketingedesign.com.br\/wp-content\/uploads\/2020\/12\/FOTO-SUPER-PROTESTO.jpg",960,640,false],"1536x1536":["https:\/\/construcaocivil.siriusmarketingedesign.com.br\/wp-content\/uploads\/2020\/12\/FOTO-SUPER-PROTESTO.jpg",960,640,false],"2048x2048":["https:\/\/construcaocivil.siriusmarketingedesign.com.br\/wp-content\/uploads\/2020\/12\/FOTO-SUPER-PROTESTO.jpg",960,640,false]},"uagb_author_info":{"display_name":"Jornal da Constru\u00e7\u00e3o Civil","author_link":"https:\/\/construcaocivil.siriusmarketingedesign.com.br\/?author=1"},"uagb_comment_info":0,"uagb_excerpt":"Dezembro, 2020 &#8211; Uma insensatez e atrocidade sem tamanho praticada pelo Governo Federal na v\u00e9spera do Natal, sacrifica 22 milh\u00f5es de fam\u00edlias cadastradas no Programa Bolsa Fam\u00edlia ou seja, todas os beneficiados est\u00e3o sem o 13\u00ba do Bolsa Fam\u00edlia. O momento \u00e9 muito delicado no pa\u00eds. O Covid-19 j\u00e1 matou 180 mil brasileiros(Minist\u00e9rio da Sa\u00fade).&hellip;","_links":{"self":[{"href":"https:\/\/construcaocivil.siriusmarketingedesign.com.br\/index.php?rest_route=\/wp\/v2\/posts\/15314","targetHints":{"allow":["GET"]}}],"collection":[{"href":"https:\/\/construcaocivil.siriusmarketingedesign.com.br\/index.php?rest_route=\/wp\/v2\/posts"}],"about":[{"href":"https:\/\/construcaocivil.siriusmarketingedesign.com.br\/index.php?rest_route=\/wp\/v2\/types\/post"}],"author":[{"embeddable":true,"href":"https:\/\/construcaocivil.siriusmarketingedesign.com.br\/index.php?rest_route=\/wp\/v2\/users\/1"}],"replies":[{"embeddable":true,"href":"https:\/\/construcaocivil.siriusmarketingedesign.com.br\/index.php?rest_route=%2Fwp%2Fv2%2Fcomments&post=15314"}],"version-history":[{"count":0,"href":"https:\/\/construcaocivil.siriusmarketingedesign.com.br\/index.php?rest_route=\/wp\/v2\/posts\/15314\/revisions"}],"wp:featuredmedia":[{"embeddable":true,"href":"https:\/\/construcaocivil.siriusmarketingedesign.com.br\/index.php?rest_route=\/wp\/v2\/media\/15316"}],"wp:attachment":[{"href":"https:\/\/construcaocivil.siriusmarketingedesign.com.br\/index.php?rest_route=%2Fwp%2Fv2%2Fmedia&parent=15314"}],"wp:term":[{"taxonomy":"category","embeddable":true,"href":"https:\/\/construcaocivil.siriusmarketingedesign.com.br\/index.php?rest_route=%2Fwp%2Fv2%2Fcategories&post=15314"},{"taxonomy":"post_tag","embeddable":true,"href":"https:\/\/construcaocivil.siriusmarketingedesign.com.br\/index.php?rest_route=%2Fwp%2Fv2%2Ftags&post=15314"}],"curies":[{"name":"wp","href":"https:\/\/api.w.org\/{rel}","templated":true}]}}