{"id":15383,"date":"2021-01-05T17:01:30","date_gmt":"2021-01-05T20:01:30","guid":{"rendered":"https:\/\/www.jornaldaconstrucaocivil.com.br\/?p=15383"},"modified":"2021-01-05T17:01:30","modified_gmt":"2021-01-05T20:01:30","slug":"sinais-positivos-vagas-de-construcao-civil-aumentaram-37-em-2020","status":"publish","type":"post","link":"https:\/\/construcaocivil.siriusmarketingedesign.com.br\/?p=15383","title":{"rendered":"Sinais positivos: Vagas de constru\u00e7\u00e3o civil aumentaram 37% em 2020"},"content":{"rendered":"<div style=\"text-align: justify;\"><span style=\"color: #993300;\">Janeiro, 2021<\/span> &#8211; Houve aumento de 37% no n\u00famero de vagas de constru\u00e7\u00e3o civil at\u00e9 novembro de 2020 em compara\u00e7\u00e3o com o mesmo per\u00edodo de 2019, segundo levantamento realizado pelo Banco Nacional de Empregos (BNE). Apesar da crise econ\u00f4mica e sanit\u00e1ria causada pela pandemia de Covid-19, <a href=\"https:\/\/yvegeenenislale.i-mpr.com\/link.php?code=bDpodHRwcyUzQSUyRiUyRnd3dy5jb3JyZWlvYnJhemlsaWVuc2UuY29tLmJyJTJGYXBwJTJGbm90aWNpYSUyRmNpZGFkZXMlMkYyMDIwJTJGMDUlMkYwNSUyRmludGVybmFfY2lkYWRlc2RmJTJDODUxNTc1JTJGbWVzbW8tZW0tbWVpby1hLXBhbmRlbWlhLXBlcmlvZG8tZS1ib20tcGFyYS1hLWNvbXByYS1kYS1jYXNhLXByb3ByaWEuc2h0bWw6MjU5NDg5MTU0Mzp3ZWJvYnJhc0BnbWFpbC5jb206NGM1Y2Ew\" target=\"_blank\" rel=\"noopener noreferrer\" data-saferedirecturl=\"https:\/\/www.google.com\/url?q=https:\/\/yvegeenenislale.i-mpr.com\/link.php?code%3DbDpodHRwcyUzQSUyRiUyRnd3dy5jb3JyZWlvYnJhemlsaWVuc2UuY29tLmJyJTJGYXBwJTJGbm90aWNpYSUyRmNpZGFkZXMlMkYyMDIwJTJGMDUlMkYwNSUyRmludGVybmFfY2lkYWRlc2RmJTJDODUxNTc1JTJGbWVzbW8tZW0tbWVpby1hLXBhbmRlbWlhLXBlcmlvZG8tZS1ib20tcGFyYS1hLWNvbXByYS1kYS1jYXNhLXByb3ByaWEuc2h0bWw6MjU5NDg5MTU0Mzp3ZWJvYnJhc0BnbWFpbC5jb206NGM1Y2Ew&amp;source=gmail&amp;ust=1609959014088000&amp;usg=AFQjCNFHVDTZ7zsyDt_dYCKmf-0NnJxPiQ\">a <span style=\"color: #0000ff;\">compra da casa pr\u00f3pria f oi facilitada\u00a0<\/span><\/a>, pois houve redu\u00e7\u00e3o dos juros e a cria\u00e7\u00e3o de linhas de financiamento nos bancos.<\/p>\n<\/div>\n<div style=\"text-align: justify;\">Para Marcelo de Abreu, CEO do BNE, muitas pessoas buscaram por casas na pandemia devido ao conforto. &#8220;Com o isolamento social, muitas fam\u00edlias acabaram procurando por oportunidades de compras de casas devido ao conforto, maior espa\u00e7o e \u00e1reas de lazer. Al\u00e9m disso, com o aumento de pessoas trabalhando em home office mudou a din\u00e2mica do uso da resid\u00eancia para o trabalho. Esse comportamento, al\u00e9m das facilidades com juros baixos, interferiu diretamente no setor de constru\u00e7\u00e3o civil, que teve maior movimenta\u00e7\u00e3o de vagas do que em 2019&#8221;, conta.<\/p>\n<\/div>\n<div style=\"text-align: justify;\">De acordo com a pesquisa, os meses com mais vagas abertas no setor de constru\u00e7\u00e3o de civil foram agosto, setembro, outubro e novembro de 2020 &#8211; consolidando uma retomada do setor no segundo semestre. &#8220;Esses meses marcaram a flexibiliza\u00e7\u00e3o das medidas de isolamento e o retorno das atividades econ\u00f4micas, o que obviamente aqueceu ainda mais o mercado&#8221;, explica.<\/p>\n<\/div>\n<div style=\"text-align: justify;\">Mais de 324 mil im\u00f3veis foram financiados s\u00f3 neste ano no Brasil, segundo a Associa\u00e7\u00e3o Brasileira das Entidades de Cr\u00e9dito Imobili\u00e1rio e Poupan\u00e7a (Abecip). &#8220;Al\u00e9m de ter tido bons resultados neste ano, o setor imobili\u00e1rio e de constru\u00e7\u00f5es deve ainda continuar em crescimento em 2021, sendo que as profiss\u00f5es de pedreiro e mestre de obra ser\u00e3o ocupa\u00e7\u00f5es com disponibilidade de vagas&#8221;, finaliza.<\/div>\n<p>&nbsp;<\/p>\n<div><span style=\"color: #ff0000;\">Confira abaixo o levantamento na \u00edntegra.<\/span><\/p>\n<\/div>\n<div>M\u00eas<\/p>\n<\/div>\n<div>2019<\/p>\n<\/div>\n<div>2020<\/p>\n<\/div>\n<div><strong>Janeiro<\/strong><\/p>\n<\/div>\n<div>156<\/p>\n<\/div>\n<div>163<\/p>\n<\/div>\n<div><strong>Fevereiro<\/strong><\/p>\n<\/div>\n<div>147<\/p>\n<\/div>\n<div>149<\/p>\n<\/div>\n<div><strong>Mar\u00e7o<\/strong><\/p>\n<\/div>\n<div>95<\/p>\n<\/div>\n<div>171<\/p>\n<\/div>\n<div><strong>Abril<\/strong><\/p>\n<\/div>\n<div>104<\/p>\n<\/div>\n<div>53<\/p>\n<\/div>\n<div><strong>Maio<\/strong><\/p>\n<\/div>\n<div>96<\/p>\n<\/div>\n<div>128<\/p>\n<\/div>\n<div><strong>Junho<\/strong><\/p>\n<\/div>\n<div>130<\/p>\n<\/div>\n<div>181<\/p>\n<\/div>\n<div><strong>Julho<\/strong><\/p>\n<\/div>\n<div>291<\/p>\n<\/div>\n<div>192<\/p>\n<\/div>\n<div><strong>Agosto<\/strong><\/p>\n<\/div>\n<div>139<\/p>\n<\/div>\n<div>246<\/p>\n<\/div>\n<div><strong>Setembro<\/strong><\/p>\n<\/div>\n<div>125<\/p>\n<\/div>\n<div>251<\/p>\n<\/div>\n<div><strong>Outubro<\/strong><\/p>\n<\/div>\n<div>115<\/p>\n<\/div>\n<div>298<\/p>\n<\/div>\n<div><strong>Novembro<\/strong><\/p>\n<\/div>\n<div>123<\/p>\n<\/div>\n<div>258<\/p>\n<\/div>\n<div><span style=\"color: #993300;\">BNE &#8211; Banco Nacional de Empregos<\/span><\/div>\n<p>&nbsp;<\/p>\n","protected":false},"excerpt":{"rendered":"<p>Janeiro, 2021 &#8211; Houve aumento de 37% no n\u00famero de vagas de constru\u00e7\u00e3o civil at\u00e9 novembro de 2020 em compara\u00e7\u00e3o com o mesmo per\u00edodo de 2019, segundo levantamento realizado pelo Banco Nacional de Empregos (BNE). Apesar da crise econ\u00f4mica e sanit\u00e1ria causada pela pandemia de Covid-19, a compra da casa pr\u00f3pria f oi facilitada\u00a0, pois [&hellip;]<\/p>\n","protected":false},"author":1,"featured_media":14668,"comment_status":"open","ping_status":"open","sticky":false,"template":"","format":"standard","meta":{"_uag_custom_page_level_css":"","footnotes":""},"categories":[27],"tags":[20206,1949,20207,20203,15114,20204,5020,20205],"class_list":["post-15383","post","type-post","status-publish","format-standard","has-post-thumbnail","hentry","category-acontece","tag-bne-banco-nacional-de-empregos","tag-casa-propria","tag-construcao-de-imoveis-residenciais","tag-covid-18","tag-empregos-na-construcao","tag-empregos-na-construcao-vagas-timidas","tag-fgts","tag-fim-pec-95"],"blocksy_meta":[],"spectra_blocks_featured_image_url":{"thumbnail":{"url":"https:\/\/construcaocivil.siriusmarketingedesign.com.br\/wp-content\/uploads\/2020\/10\/EMPREGOS-RIO-150x150.jpg","width":150,"height":150},"medium":{"url":"https:\/\/construcaocivil.siriusmarketingedesign.com.br\/wp-content\/uploads\/2020\/10\/EMPREGOS-RIO-300x206.jpg","width":300,"height":206},"medium_large":{"url":"https:\/\/construcaocivil.siriusmarketingedesign.com.br\/wp-content\/uploads\/2020\/10\/EMPREGOS-RIO-768x528.jpg","width":768,"height":528},"large":{"url":"https:\/\/construcaocivil.siriusmarketingedesign.com.br\/wp-content\/uploads\/2020\/10\/EMPREGOS-RIO-1024x704.jpg","width":1024,"height":704},"full":{"url":"https:\/\/construcaocivil.siriusmarketingedesign.com.br\/wp-content\/uploads\/2020\/10\/EMPREGOS-RIO.jpg","width":2436,"height":1675}},"spectra_blocks_author_info":{"display_name":"Jornal da Constru\u00e7\u00e3o Civil","avatar_url":"https:\/\/secure.gravatar.com\/avatar\/973c9774fd44ddaceb026973c4962faa70fc512bc4c9da68e8ebb40fecee6540?s=96&d=mm&r=g","author_link":"https:\/\/construcaocivil.siriusmarketingedesign.com.br\/?author=1","description":"Desde de 2013, levando muitas informa\u00e7\u00f5es, lan\u00e7amentos e produtos de qualidade para toda cadeia produtiva da constru\u00e7\u00e3o. O Futuro da constru\u00e7\u00e3o passa por aqui,"},"uagb_featured_image_src":{"full":["https:\/\/construcaocivil.siriusmarketingedesign.com.br\/wp-content\/uploads\/2020\/10\/EMPREGOS-RIO.jpg",2436,1675,false],"thumbnail":["https:\/\/construcaocivil.siriusmarketingedesign.com.br\/wp-content\/uploads\/2020\/10\/EMPREGOS-RIO-150x150.jpg",150,150,true],"medium":["https:\/\/construcaocivil.siriusmarketingedesign.com.br\/wp-content\/uploads\/2020\/10\/EMPREGOS-RIO-300x206.jpg",300,206,true],"medium_large":["https:\/\/construcaocivil.siriusmarketingedesign.com.br\/wp-content\/uploads\/2020\/10\/EMPREGOS-RIO-768x528.jpg",768,528,true],"large":["https:\/\/construcaocivil.siriusmarketingedesign.com.br\/wp-content\/uploads\/2020\/10\/EMPREGOS-RIO-1024x704.jpg",1024,704,true],"1536x1536":["https:\/\/construcaocivil.siriusmarketingedesign.com.br\/wp-content\/uploads\/2020\/10\/EMPREGOS-RIO-1536x1056.jpg",1536,1056,true],"2048x2048":["https:\/\/construcaocivil.siriusmarketingedesign.com.br\/wp-content\/uploads\/2020\/10\/EMPREGOS-RIO-2048x1408.jpg",2048,1408,true]},"uagb_author_info":{"display_name":"Jornal da Constru\u00e7\u00e3o Civil","author_link":"https:\/\/construcaocivil.siriusmarketingedesign.com.br\/?author=1"},"uagb_comment_info":0,"uagb_excerpt":"Janeiro, 2021 &#8211; Houve aumento de 37% no n\u00famero de vagas de constru\u00e7\u00e3o civil at\u00e9 novembro de 2020 em compara\u00e7\u00e3o com o mesmo per\u00edodo de 2019, segundo levantamento realizado pelo Banco Nacional de Empregos (BNE). Apesar da crise econ\u00f4mica e sanit\u00e1ria causada pela pandemia de Covid-19, a compra da casa pr\u00f3pria f oi facilitada\u00a0, pois&hellip;","_links":{"self":[{"href":"https:\/\/construcaocivil.siriusmarketingedesign.com.br\/index.php?rest_route=\/wp\/v2\/posts\/15383","targetHints":{"allow":["GET"]}}],"collection":[{"href":"https:\/\/construcaocivil.siriusmarketingedesign.com.br\/index.php?rest_route=\/wp\/v2\/posts"}],"about":[{"href":"https:\/\/construcaocivil.siriusmarketingedesign.com.br\/index.php?rest_route=\/wp\/v2\/types\/post"}],"author":[{"embeddable":true,"href":"https:\/\/construcaocivil.siriusmarketingedesign.com.br\/index.php?rest_route=\/wp\/v2\/users\/1"}],"replies":[{"embeddable":true,"href":"https:\/\/construcaocivil.siriusmarketingedesign.com.br\/index.php?rest_route=%2Fwp%2Fv2%2Fcomments&post=15383"}],"version-history":[{"count":0,"href":"https:\/\/construcaocivil.siriusmarketingedesign.com.br\/index.php?rest_route=\/wp\/v2\/posts\/15383\/revisions"}],"wp:featuredmedia":[{"embeddable":true,"href":"https:\/\/construcaocivil.siriusmarketingedesign.com.br\/index.php?rest_route=\/wp\/v2\/media\/14668"}],"wp:attachment":[{"href":"https:\/\/construcaocivil.siriusmarketingedesign.com.br\/index.php?rest_route=%2Fwp%2Fv2%2Fmedia&parent=15383"}],"wp:term":[{"taxonomy":"category","embeddable":true,"href":"https:\/\/construcaocivil.siriusmarketingedesign.com.br\/index.php?rest_route=%2Fwp%2Fv2%2Fcategories&post=15383"},{"taxonomy":"post_tag","embeddable":true,"href":"https:\/\/construcaocivil.siriusmarketingedesign.com.br\/index.php?rest_route=%2Fwp%2Fv2%2Ftags&post=15383"}],"curies":[{"name":"wp","href":"https:\/\/api.w.org\/{rel}","templated":true}]}}