{"id":15399,"date":"2021-01-08T20:47:37","date_gmt":"2021-01-08T23:47:37","guid":{"rendered":"https:\/\/www.jornaldaconstrucaocivil.com.br\/?p=15399"},"modified":"2021-01-08T20:47:37","modified_gmt":"2021-01-08T23:47:37","slug":"mp-contra-a-vacinacao-em-sp-e-inconstitucional-diz-jurista","status":"publish","type":"post","link":"https:\/\/construcaocivil.siriusmarketingedesign.com.br\/?p=15399","title":{"rendered":"MP contra a vacina\u00e7\u00e3o em SP \u00e9 inconstitucional, diz jurista"},"content":{"rendered":"<p style=\"text-align: justify;\"><span style=\"color: #993300;\">Janeiro, 2021<\/span> &#8211; O presidente Jair Bolsonaro editou uma <span style=\"color: #0000ff;\"><a style=\"color: #0000ff;\" href=\"https:\/\/valorinveste.globo.com\/mercados\/brasil-e-politica\/noticia\/2021\/01\/08\/medida-provisoria-impede-inicio-do-plano-de-vacinacao-de-sao-paulo-diz-governo.ghtml\" target=\"_blank\" rel=\"noopener noreferrer\">medida provis\u00f3ria impedindo o governo de S\u00e3o Paulo de iniciar o plano estadual de vacina\u00e7\u00e3o contra a Covid-19 no estado<\/a><\/span>. A MP editada pelo governo federal na \u00faltima quarta-feira determina que a vacina\u00e7\u00e3o ocorrer\u00e1 de forma simult\u00e2nea em todo pa\u00eds. \u00c0 imprensa, o secret\u00e1rio executivo do Minist\u00e9rio da Sa\u00fade, \u00c9lcio Franco, afirmou que &#8220;toda vacina dever\u00e1 obedecer ao Plano Nacional de Imuniza\u00e7\u00e3o do Minist\u00e9rio da Sa\u00fade&#8221;.<\/p>\n<figure id=\"attachment_15401\" aria-describedby=\"caption-attachment-15401\" style=\"width: 300px\" class=\"wp-caption alignright\"><img loading=\"lazy\" decoding=\"async\" class=\"size-medium wp-image-15401\" src=\"https:\/\/www.jornaldaconstrucaocivil.com.br\/wp-content\/uploads\/2021\/01\/IADV-OK-300x200.jpg\" alt=\"\" width=\"300\" height=\"200\" srcset=\"https:\/\/construcaocivil.siriusmarketingedesign.com.br\/wp-content\/uploads\/2021\/01\/IADV-OK-300x200.jpg 300w, https:\/\/construcaocivil.siriusmarketingedesign.com.br\/wp-content\/uploads\/2021\/01\/IADV-OK-768x512.jpg 768w, https:\/\/construcaocivil.siriusmarketingedesign.com.br\/wp-content\/uploads\/2021\/01\/IADV-OK-450x300.jpg 450w, https:\/\/construcaocivil.siriusmarketingedesign.com.br\/wp-content\/uploads\/2021\/01\/IADV-OK.jpg 778w\" sizes=\"auto, (max-width: 300px) 100vw, 300px\" \/><figcaption id=\"caption-attachment-15401\" class=\"wp-caption-text\">A jurista e mestre em Direito Penal, Jacqueline Valles<\/figcaption><\/figure>\n<p style=\"text-align: justify;\">A jurista e advogada criminalista Jacqueline Valles afirma que a medida, al\u00e9m de contrariar uma determina\u00e7\u00e3o do Supremo Tribunal Federal (STF), \u00e9 inconstitucional.\u00a0<em><strong>\u201cA MP n\u00e3o \u00e9 ilegal, mas \u00e9 inconstitucional porque contraria o direto \u00e0 sa\u00fade p\u00fablica da popula\u00e7\u00e3o. A Constitui\u00e7\u00e3o estabelece que todos os brasileiros t\u00eam direito \u00e0 sa\u00fade e a tentativa de impedir a vacina\u00e7\u00e3o \u00e9 um ataque \u00e0 sa\u00fade p\u00fablica\u201d<\/strong><\/em>, explica.<\/p>\n<p style=\"text-align: justify;\">A jurista acrescenta que a MP n\u00e3o pode contrariar uma ordem judicial do STF.\u00a0<em><strong>\u201cO governo federal s\u00f3 poderia impedir o in\u00edcio da imuniza\u00e7\u00e3o por meio de lei que defina as regras de vacina\u00e7\u00e3o e essa lei n\u00e3o existe. Portanto, n\u00e3o h\u00e1 base legal que impe\u00e7a o Estado de S\u00e3o Paulo de iniciar a imuniza\u00e7\u00e3o em massa contra uma doen\u00e7a que j\u00e1 deixou 200 mil mortos em todo Brasil\u201d<\/strong><\/em>, completa.<\/p>\n<p>Em abril de 2020, o\u00a0<a href=\"https:\/\/www.poder360.com.br\/coronavirus\/stf-decide-que-estados-e-municipios-tem-autonomia-para-impor-isolamento\/\" target=\"_blank\" rel=\"noopener noreferrer\">Plen\u00e1rio do STF acolheu uma a\u00e7\u00e3o apresentada pelo PDT contra v\u00e1rios dispositivos da\u00a0Medida Provis\u00f3ria 926 de 2020<\/a>, que atribuiu \u00e0 Presid\u00eancia da Rep\u00fablica a centraliza\u00e7\u00e3o das prerrogativas de isolamento, quarentena, interdi\u00e7\u00e3o de locomo\u00e7\u00e3o e de servi\u00e7os p\u00fablicos e atividades essenciais durante a pandemia.<\/p>\n<p>Pela decis\u00e3o, estados e munic\u00edpios t\u00eam a prerrogativa de executar medidas sanit\u00e1rias, epidemiol\u00f3gicas e administrativas relacionadas ao combate ao novo coronav\u00edrus.<\/p>\n<p>Al\u00e9m disso, o<span style=\"color: #0000ff;\">\u00a0<a style=\"color: #0000ff;\" href=\"https:\/\/g1.globo.com\/politica\/noticia\/2020\/12\/17\/lewandowski-autoriza-que-estados-e-municipios-importem-vacinas-usadas-em-outros-paises-se-anvisa-descumprir-prazo.ghtml\" target=\"_blank\" rel=\"noopener noreferrer\">ministro Ricardo Lewandowski concedeu, em dezembro, uma liminar permitindo que estados e munic\u00edpios distribuam vacinas contra a Covid-19 mesmo se a Ag\u00eancia Nacional de Vigil\u00e2ncia Sanit\u00e1ria (Anvisa) n\u00e3o autoriz\u00e1-las dentro do prazo de at\u00e9 72 horas<\/a><\/span>, desde que os imunizantes tenham sido aprovados por autoridades sanit\u00e1rias estrangeiras.<\/p>\n<p>O estado de S\u00e3o Paulo registrou, desde o in\u00edcio da pandemia, quase 48 mil mortes pela doen\u00e7a. Segundo os dados oficiais mais recentes, mais de 1,5 milh\u00e3o de pessoas foram contaminadas pelo novo coronav\u00edrus, na maior crise de sa\u00fade vivida pelo Brasil.<\/p>\n","protected":false},"excerpt":{"rendered":"<p>Janeiro, 2021 &#8211; O presidente Jair Bolsonaro editou uma medida provis\u00f3ria impedindo o governo de S\u00e3o Paulo de iniciar o plano estadual de vacina\u00e7\u00e3o contra a Covid-19 no estado. A MP editada pelo governo federal na \u00faltima quarta-feira determina que a vacina\u00e7\u00e3o ocorrer\u00e1 de forma simult\u00e2nea em todo pa\u00eds. \u00c0 imprensa, o secret\u00e1rio executivo do [&hellip;]<\/p>\n","protected":false},"author":1,"featured_media":15400,"comment_status":"open","ping_status":"open","sticky":false,"template":"","format":"standard","meta":{"_uag_custom_page_level_css":"","footnotes":""},"categories":[27],"tags":[20226,759,20225,20227,10668,11414],"class_list":["post-15399","post","type-post","status-publish","format-standard","has-post-thumbnail","hentry","category-acontece","tag-200-mil-mortos","tag-anvisa","tag-mp-contra-a-vacinacao","tag-plano-nacional-de-imunizacao-do-ministerio-da-saude","tag-sao-paulo","tag-stf"],"blocksy_meta":[],"spectra_blocks_featured_image_url":{"thumbnail":{"url":"https:\/\/construcaocivil.siriusmarketingedesign.com.br\/wp-content\/uploads\/2021\/01\/VACINACAO-OK-150x150.jpg","width":150,"height":150},"medium":{"url":"https:\/\/construcaocivil.siriusmarketingedesign.com.br\/wp-content\/uploads\/2021\/01\/VACINACAO-OK.jpg","width":300,"height":200},"medium_large":{"url":"https:\/\/construcaocivil.siriusmarketingedesign.com.br\/wp-content\/uploads\/2021\/01\/VACINACAO-OK.jpg","width":300,"height":200},"large":{"url":"https:\/\/construcaocivil.siriusmarketingedesign.com.br\/wp-content\/uploads\/2021\/01\/VACINACAO-OK.jpg","width":300,"height":200},"full":{"url":"https:\/\/construcaocivil.siriusmarketingedesign.com.br\/wp-content\/uploads\/2021\/01\/VACINACAO-OK.jpg","width":300,"height":200}},"spectra_blocks_author_info":{"display_name":"Jornal da Constru\u00e7\u00e3o Civil","avatar_url":"https:\/\/secure.gravatar.com\/avatar\/973c9774fd44ddaceb026973c4962faa70fc512bc4c9da68e8ebb40fecee6540?s=96&d=mm&r=g","author_link":"https:\/\/construcaocivil.siriusmarketingedesign.com.br\/?author=1","description":"Desde de 2013, levando muitas informa\u00e7\u00f5es, lan\u00e7amentos e produtos de qualidade para toda cadeia produtiva da constru\u00e7\u00e3o. O Futuro da constru\u00e7\u00e3o passa por aqui,"},"uagb_featured_image_src":{"full":["https:\/\/construcaocivil.siriusmarketingedesign.com.br\/wp-content\/uploads\/2021\/01\/VACINACAO-OK.jpg",300,200,false],"thumbnail":["https:\/\/construcaocivil.siriusmarketingedesign.com.br\/wp-content\/uploads\/2021\/01\/VACINACAO-OK-150x150.jpg",150,150,true],"medium":["https:\/\/construcaocivil.siriusmarketingedesign.com.br\/wp-content\/uploads\/2021\/01\/VACINACAO-OK.jpg",300,200,false],"medium_large":["https:\/\/construcaocivil.siriusmarketingedesign.com.br\/wp-content\/uploads\/2021\/01\/VACINACAO-OK.jpg",300,200,false],"large":["https:\/\/construcaocivil.siriusmarketingedesign.com.br\/wp-content\/uploads\/2021\/01\/VACINACAO-OK.jpg",300,200,false],"1536x1536":["https:\/\/construcaocivil.siriusmarketingedesign.com.br\/wp-content\/uploads\/2021\/01\/VACINACAO-OK.jpg",300,200,false],"2048x2048":["https:\/\/construcaocivil.siriusmarketingedesign.com.br\/wp-content\/uploads\/2021\/01\/VACINACAO-OK.jpg",300,200,false]},"uagb_author_info":{"display_name":"Jornal da Constru\u00e7\u00e3o Civil","author_link":"https:\/\/construcaocivil.siriusmarketingedesign.com.br\/?author=1"},"uagb_comment_info":0,"uagb_excerpt":"Janeiro, 2021 &#8211; O presidente Jair Bolsonaro editou uma medida provis\u00f3ria impedindo o governo de S\u00e3o Paulo de iniciar o plano estadual de vacina\u00e7\u00e3o contra a Covid-19 no estado. A MP editada pelo governo federal na \u00faltima quarta-feira determina que a vacina\u00e7\u00e3o ocorrer\u00e1 de forma simult\u00e2nea em todo pa\u00eds. \u00c0 imprensa, o secret\u00e1rio executivo do&hellip;","_links":{"self":[{"href":"https:\/\/construcaocivil.siriusmarketingedesign.com.br\/index.php?rest_route=\/wp\/v2\/posts\/15399","targetHints":{"allow":["GET"]}}],"collection":[{"href":"https:\/\/construcaocivil.siriusmarketingedesign.com.br\/index.php?rest_route=\/wp\/v2\/posts"}],"about":[{"href":"https:\/\/construcaocivil.siriusmarketingedesign.com.br\/index.php?rest_route=\/wp\/v2\/types\/post"}],"author":[{"embeddable":true,"href":"https:\/\/construcaocivil.siriusmarketingedesign.com.br\/index.php?rest_route=\/wp\/v2\/users\/1"}],"replies":[{"embeddable":true,"href":"https:\/\/construcaocivil.siriusmarketingedesign.com.br\/index.php?rest_route=%2Fwp%2Fv2%2Fcomments&post=15399"}],"version-history":[{"count":0,"href":"https:\/\/construcaocivil.siriusmarketingedesign.com.br\/index.php?rest_route=\/wp\/v2\/posts\/15399\/revisions"}],"wp:featuredmedia":[{"embeddable":true,"href":"https:\/\/construcaocivil.siriusmarketingedesign.com.br\/index.php?rest_route=\/wp\/v2\/media\/15400"}],"wp:attachment":[{"href":"https:\/\/construcaocivil.siriusmarketingedesign.com.br\/index.php?rest_route=%2Fwp%2Fv2%2Fmedia&parent=15399"}],"wp:term":[{"taxonomy":"category","embeddable":true,"href":"https:\/\/construcaocivil.siriusmarketingedesign.com.br\/index.php?rest_route=%2Fwp%2Fv2%2Fcategories&post=15399"},{"taxonomy":"post_tag","embeddable":true,"href":"https:\/\/construcaocivil.siriusmarketingedesign.com.br\/index.php?rest_route=%2Fwp%2Fv2%2Ftags&post=15399"}],"curies":[{"name":"wp","href":"https:\/\/api.w.org\/{rel}","templated":true}]}}